{"id":11889,"date":"2018-11-05T09:17:51","date_gmt":"2018-11-05T09:17:51","guid":{"rendered":"https:\/\/www.vsacomunicacion.com\/lona-publicitaria-de-hm-y-moschino\/"},"modified":"2018-11-05T09:17:51","modified_gmt":"2018-11-05T09:17:51","slug":"lona-publicitaria-de-hm-y-moschino","status":"publish","type":"post","link":"https:\/\/www.vsacomunicacion.com\/en\/lona-publicitaria-de-hm-y-moschino\/","title":{"rendered":"Lona Publicitaria de H&#038;M y MOSCHINO"},"content":{"rendered":"<p style=\"text-align: justify;\">Iniciamos el nuevo emplazamiento Premium de<strong> VSA COMUNICACION<\/strong> en el centro del prestigioso Paseo de Gracia de <strong>Barcelona<\/strong> con la absolutamente espectacular<strong> lona publicitaria<\/strong> de <strong>H&amp;M<\/strong> para la campa\u00f1a de publicidad exterior que ha iniciado la marca sueca para anunciar el lanzamiento el pr\u00f3ximo d\u00eda 8 de la irrepetible colecci\u00f3n de <strong>MOSCHINO [tv]<\/strong>, junto a Jeremy Scott, para H&amp;M.<\/p>\n<p><a href=\"https:\/\/www.vsacomunicacion.com\/wp-content\/uploads\/2018\/11\/lona-publicitaria-barcelona-paseo-de-gracia-17-HM-dia-vsa-comunicacion.jpg\" rel=\"attachment wp-att-4371\"><img fetchpriority=\"high\" decoding=\"async\" class=\"aligncenter size-full wp-image-4371\" src=\"https:\/\/www.vsacomunicacion.com\/wp-content\/uploads\/2018\/11\/lona-publicitaria-barcelona-paseo-de-gracia-17-HM-dia-vsa-comunicacion.jpg\" alt=\"lona-publicitaria-barcelona-paseo-de-gracia-17-HM-dia-vsa-comunicacion\" width=\"884\" height=\"626\" srcset=\"https:\/\/www.vsacomunicacion.com\/wp-content\/uploads\/2018\/11\/lona-publicitaria-barcelona-paseo-de-gracia-17-HM-dia-vsa-comunicacion.jpg 884w, https:\/\/www.vsacomunicacion.com\/wp-content\/uploads\/2018\/11\/lona-publicitaria-barcelona-paseo-de-gracia-17-HM-dia-vsa-comunicacion-300x212.jpg 300w, https:\/\/www.vsacomunicacion.com\/wp-content\/uploads\/2018\/11\/lona-publicitaria-barcelona-paseo-de-gracia-17-HM-dia-vsa-comunicacion-768x544.jpg 768w\" sizes=\"(max-width: 884px) 100vw, 884px\" \/><\/a><\/p>\n<p style=\"text-align: justify;\">Animaci\u00f3n, metalizados brillantes, accesorios exagerados y una selecci\u00f3n de expresivos prints. Finalmente, la temporada <strong>MOSCHINO<\/strong> ha llegado a<strong> H&amp;M<\/strong>. Despu\u00e9s del espectacular anuncio del regreso de Jeremy Scott en el Coachella anual de abril, han trascurrido cinco largos meses de silencio pactado por ambas marcas. Pero todo cambia hoy cuando el cat\u00e1logo \u2013presentado por Marcus Mam y con el estilismo de Carlyne Cerf de Dudzeele\u2013 sale a la luz en todo el mundo.<\/p>\n<p style=\"text-align: justify;\">El cat\u00e1logo y la colecci\u00f3n no defraudar\u00e1n a los entusiastas de <strong>MOSCHINO<\/strong> y <strong>Jeremy Scott<\/strong>. Aludiendo a la esencia de la colecci\u00f3n: la positividad, el amor y la diversidad, Scott ha reunido a su familia de amigos para presentar la tan esperada l\u00ednea.<\/p>\n<p style=\"text-align: justify;\"><a href=\"https:\/\/www.vsacomunicacion.com\/wp-content\/uploads\/2018\/11\/lona-publicitaria-barcelona-paseo-de-gracia-17-HM-noche-vsa-comunicacion.jpg\" rel=\"attachment wp-att-4370\"><img decoding=\"async\" class=\"aligncenter size-full wp-image-4370\" src=\"https:\/\/www.vsacomunicacion.com\/wp-content\/uploads\/2018\/11\/lona-publicitaria-barcelona-paseo-de-gracia-17-HM-noche-vsa-comunicacion.jpg\" alt=\"lona-publicitaria-barcelona-paseo-de-gracia-17-HM-noche-vsa-comunicacion\" width=\"884\" height=\"626\" srcset=\"https:\/\/www.vsacomunicacion.com\/wp-content\/uploads\/2018\/11\/lona-publicitaria-barcelona-paseo-de-gracia-17-HM-noche-vsa-comunicacion.jpg 884w, https:\/\/www.vsacomunicacion.com\/wp-content\/uploads\/2018\/11\/lona-publicitaria-barcelona-paseo-de-gracia-17-HM-noche-vsa-comunicacion-300x212.jpg 300w, https:\/\/www.vsacomunicacion.com\/wp-content\/uploads\/2018\/11\/lona-publicitaria-barcelona-paseo-de-gracia-17-HM-noche-vsa-comunicacion-768x544.jpg 768w\" sizes=\"(max-width: 884px) 100vw, 884px\" \/><\/a><\/p>\n<p style=\"text-align: justify;\">&#8220;Siempre que dise\u00f1o, pienso en mis amigos. El cat\u00e1logo<strong> MOSCHINO [tv] H&amp;M<\/strong> es como una fiesta; celebramos lo divertido, lo emergente, la creatividad y la energ\u00eda de la gente y la colecci\u00f3n&#8221;, indica Jeremy Scott.<\/p>\n<div class=\"deck-text section\" style=\"text-align: justify;\">\n<div class=\"read-more-wrapper\" data-read-more=\"\" data-read-less=\"\">\n<p style=\"text-align: justify;\">\u00a0&#8220;Me encanta c\u00f3mo Jeremy capta el esp\u00edritu de MOSCHINO [tv] H&amp;M en el cat\u00e1logo. Se trata de una colecci\u00f3n que no pasar\u00e1 desapercibida, pensada para compartir en momentos de diversi\u00f3n, sin importar qui\u00e9n seas o de d\u00f3nde vengas&#8221;, indica Ann-Sofie Johansson, asesora creativa de <strong>H&amp;M.<\/strong><\/p>\n<\/div>\n<\/div>\n<p style=\"text-align: justify;\">Encontrar\u00e1s todas las prendas de la colecci\u00f3n en la magn\u00edfica y moderna tienda de H&amp;M en el n\u00famero 11 del mismo Paseo de Gracia o, si lo prefieres, en su <a href=\"https:\/\/www.hm.com\" target=\"_blank\" rel=\"noopener\">web.<\/a><\/p>\n","protected":false},"excerpt":{"rendered":"<p>Iniciamos el nuevo emplazamiento Premium de VSA COMUNICACION en el centro del prestigioso Paseo de Gracia de Barcelona con la absolutamente espectacular lona publicitaria de H&amp;M para la campa\u00f1a de publicidad exterior que ha iniciado la marca sueca para anunciar [&hellip;]<\/p>\n","protected":false},"author":3,"featured_media":7676,"comment_status":"open","ping_status":"open","sticky":false,"template":"","format":"standard","meta":{"inline_featured_image":false,"footnotes":""},"categories":[1506,1488],"tags":[1516,1664,1705,2006,1706,1701,1708,1693,1694,2007,2008,1609,1581,2009,2010,1666,1565,1585,1599,1586,1671],"class_list":["post-11889","post","type-post","status-publish","format-standard","has-post-thumbnail","hentry","category-barcelona-en","category-lonas-publicitarias-en","tag-barcelona-en","tag-campana-publicitaria-en","tag-centro-ciudad-en","tag-coleccion-moschino-tv-para-hm-en","tag-emplazamiento-premium-en","tag-espectacular-en","tag-formato-espectacular-en","tag-gran-formato-en","tag-gran-notoriedad-en","tag-hm-en","tag-jeremy-scott-en","tag-lonas-publicitarias-2-en","tag-lonas-publicitarias-barcelona-en","tag-moschino-en","tag-moschino-tv-en","tag-paseo-de-gracia-en","tag-publicidad-ciudades-en","tag-publicidad-exterior-en","tag-publicidad-gran-formato-en","tag-publicidad-urbana-en","tag-trafico-rodado-en"],"_links":{"self":[{"href":"https:\/\/www.vsacomunicacion.com\/en\/wp-json\/wp\/v2\/posts\/11889"}],"collection":[{"href":"https:\/\/www.vsacomunicacion.com\/en\/wp-json\/wp\/v2\/posts"}],"about":[{"href":"https:\/\/www.vsacomunicacion.com\/en\/wp-json\/wp\/v2\/types\/post"}],"author":[{"embeddable":true,"href":"https:\/\/www.vsacomunicacion.com\/en\/wp-json\/wp\/v2\/users\/3"}],"replies":[{"embeddable":true,"href":"https:\/\/www.vsacomunicacion.com\/en\/wp-json\/wp\/v2\/comments?post=11889"}],"version-history":[{"count":0,"href":"https:\/\/www.vsacomunicacion.com\/en\/wp-json\/wp\/v2\/posts\/11889\/revisions"}],"wp:featuredmedia":[{"embeddable":true,"href":"https:\/\/www.vsacomunicacion.com\/en\/wp-json\/wp\/v2\/media\/7676"}],"wp:attachment":[{"href":"https:\/\/www.vsacomunicacion.com\/en\/wp-json\/wp\/v2\/media?parent=11889"}],"wp:term":[{"taxonomy":"category","embeddable":true,"href":"https:\/\/www.vsacomunicacion.com\/en\/wp-json\/wp\/v2\/categories?post=11889"},{"taxonomy":"post_tag","embeddable":true,"href":"https:\/\/www.vsacomunicacion.com\/en\/wp-json\/wp\/v2\/tags?post=11889"}],"curies":[{"name":"wp","href":"https:\/\/api.w.org\/{rel}","templated":true}]}}