{"id":11890,"date":"2018-11-05T03:19:45","date_gmt":"2018-11-05T03:19:45","guid":{"rendered":"https:\/\/www.vsacomunicacion.com\/lona-publicitaria-de-calvin-klein-en-madrid-2\/"},"modified":"2018-11-05T03:19:45","modified_gmt":"2018-11-05T03:19:45","slug":"lona-publicitaria-de-calvin-klein-en-madrid-2","status":"publish","type":"post","link":"https:\/\/www.vsacomunicacion.com\/en\/lona-publicitaria-de-calvin-klein-en-madrid-2\/","title":{"rendered":"Lona Publicitaria de CALVIN KLEIN en Madrid"},"content":{"rendered":"<p style=\"text-align: justify;\">Fant\u00e1stica<strong> lona publicitaria<\/strong> de <strong>CALVIN KLEIN<\/strong> en el emplazamiento Premium de <strong>VSA COMUNICACION<\/strong> en el Paseo Col\u00f3n\u00a0de <strong>Madrid<\/strong> para el lanzamiento mundial de sus nuevas campa\u00f1as <strong>CALVIN KLEIN UNDERWEAR<\/strong> y <strong>CALVIN KLEIN JEANS<\/strong> para la pr\u00f3xima temporada Oto\u00f1o-Invierno 2018 protagonizada, por segunda ocasi\u00f3n, por las hermanas Kardashian-Jenner.<\/p>\n<p style=\"text-align: justify;\"><a href=\"https:\/\/www.vsacomunicacion.com\/wp-content\/uploads\/2018\/10\/lona-publicitaria-madrid-colon-1-calvin-klein-kardashian-noche-vsa-comunicacion.jpg\" rel=\"attachment wp-att-4360\"><img fetchpriority=\"high\" decoding=\"async\" class=\"aligncenter size-full wp-image-4360\" src=\"https:\/\/www.vsacomunicacion.com\/wp-content\/uploads\/2018\/10\/lona-publicitaria-madrid-colon-1-calvin-klein-kardashian-noche-vsa-comunicacion.jpg\" alt=\"lona-publicitaria-madrid-colon-1-calvin klein-kardashian-noche-vsa-comunicacion\" width=\"884\" height=\"626\" srcset=\"https:\/\/www.vsacomunicacion.com\/wp-content\/uploads\/2018\/10\/lona-publicitaria-madrid-colon-1-calvin-klein-kardashian-noche-vsa-comunicacion.jpg 884w, https:\/\/www.vsacomunicacion.com\/wp-content\/uploads\/2018\/10\/lona-publicitaria-madrid-colon-1-calvin-klein-kardashian-noche-vsa-comunicacion-300x212.jpg 300w, https:\/\/www.vsacomunicacion.com\/wp-content\/uploads\/2018\/10\/lona-publicitaria-madrid-colon-1-calvin-klein-kardashian-noche-vsa-comunicacion-768x544.jpg 768w\" sizes=\"(max-width: 884px) 100vw, 884px\" \/><\/a><\/p>\n<p style=\"text-align: justify;\">Las hermanas m\u00e1s famosas del mundo, las <strong>Kardashian<\/strong>, ya no solo son estrellas de la televisi\u00f3n sino tambi\u00e9n\u00a0empresarias de gran \u00e9xito y, en ocasiones tan especiales como el lanzamiento de la campa\u00f1a Oto\u00f1o-Invierno de CALVIN KLEIN, son tambi\u00e9n modelos.<\/p>\n<p style=\"text-align: justify;\">Este es el segundo anuncio que hace la familia para la marca y, en esta ocasi\u00f3n, las cinco hermanas han posado para el fot\u00f3grafo\u00a0Willy Vanderperre apelando\u00a0a la uni\u00f3n familiar\u00a0vestidas con sujetadores, braguitas y con algunas prendas vaqueras de<strong> CALVIN KLEIN<\/strong>.<\/p>\n<p><a href=\"https:\/\/www.vsacomunicacion.com\/wp-content\/uploads\/2018\/11\/lona-publicitaria-madrid-colon-1-calvin-klein-kardashian-dia-vsa-comunicacion.jpg\" rel=\"attachment wp-att-4349\"><img decoding=\"async\" class=\"aligncenter size-full wp-image-4349\" src=\"https:\/\/www.vsacomunicacion.com\/wp-content\/uploads\/2018\/11\/lona-publicitaria-madrid-colon-1-calvin-klein-kardashian-dia-vsa-comunicacion.jpg\" alt=\"lona-publicitaria-madrid-colon-1-calvin klein-kardashian-dia-vsa-comunicacion\" width=\"884\" height=\"626\" srcset=\"https:\/\/www.vsacomunicacion.com\/wp-content\/uploads\/2018\/11\/lona-publicitaria-madrid-colon-1-calvin-klein-kardashian-dia-vsa-comunicacion.jpg 884w, https:\/\/www.vsacomunicacion.com\/wp-content\/uploads\/2018\/11\/lona-publicitaria-madrid-colon-1-calvin-klein-kardashian-dia-vsa-comunicacion-300x212.jpg 300w, https:\/\/www.vsacomunicacion.com\/wp-content\/uploads\/2018\/11\/lona-publicitaria-madrid-colon-1-calvin-klein-kardashian-dia-vsa-comunicacion-768x544.jpg 768w\" sizes=\"(max-width: 884px) 100vw, 884px\" \/><\/a><\/p>\n<p style=\"text-align: justify;\">Las <strong>Kardashian<\/strong> y Jenner llevan dise\u00f1os cl\u00e1sicos Monogram de<strong> CALVIN KLEIN UNDERWEAR<\/strong>\u00a0y piezas denim atemporales de <strong>CALVIN KLEIN JEANS<\/strong> en esta original campa\u00f1a en la que defienden, como siempre han hecho y que, en cierto modo, las hace exc\u00e9ntricas\u00a0pero tambi\u00e9n\u00a0m\u00e1s humanas,\u00a0el concepto de familia unida.<\/p>\n<p style=\"text-align: justify;\">Mis sue\u00f1os, mi realidad, mis iconos, mi ambici\u00f3n, mi momento, mis historias, mi estilo, mi mundo, mi familia, #mycalvins.<\/p>\n<p style=\"text-align: justify;\"><em>JOIN OUR FAMILY. <strong>#MYCALVINS<\/strong><\/em><\/p>\n","protected":false},"excerpt":{"rendered":"<p>Fant\u00e1stica lona publicitaria de CALVIN KLEIN en el emplazamiento Premium de VSA COMUNICACION en el Paseo Col\u00f3n\u00a0de Madrid para el lanzamiento mundial de sus nuevas campa\u00f1as CALVIN KLEIN UNDERWEAR y CALVIN KLEIN JEANS para la pr\u00f3xima temporada Oto\u00f1o-Invierno 2018 protagonizada, [&hellip;]<\/p>\n","protected":false},"author":3,"featured_media":7674,"comment_status":"open","ping_status":"open","sticky":false,"template":"","format":"standard","meta":{"inline_featured_image":false,"footnotes":""},"categories":[1488,1489],"tags":[2011,1704,2012,2013,2014,1664,2015,1705,1706,1708,1693,1694,2016,2017,1609,1611,1499,1852,1565,1585,1599,1586,1671,2018],"class_list":["post-11890","post","type-post","status-publish","format-standard","has-post-thumbnail","hentry","category-lonas-publicitarias-en","category-madrid-en","tag-mycalvins-en","tag-alto-prestigio-publicitario-en","tag-calvin-klein-en","tag-calvin-klein-jeans-en","tag-calvin-klein-underwear-en","tag-campana-publicitaria-en","tag-campana-publicitaria-calvin-klein-en","tag-centro-ciudad-en","tag-emplazamiento-premium-en","tag-formato-espectacular-en","tag-gran-formato-en","tag-gran-notoriedad-en","tag-kardashian-en","tag-kardashian-jenner-en","tag-lonas-publicitarias-2-en","tag-lonas-publicitarias-madrid-en","tag-madrid-en","tag-plaza-colon-en","tag-publicidad-ciudades-en","tag-publicidad-exterior-en","tag-publicidad-gran-formato-en","tag-publicidad-urbana-en","tag-trafico-rodado-en","tag-willy-vanderperre-en"],"_links":{"self":[{"href":"https:\/\/www.vsacomunicacion.com\/en\/wp-json\/wp\/v2\/posts\/11890"}],"collection":[{"href":"https:\/\/www.vsacomunicacion.com\/en\/wp-json\/wp\/v2\/posts"}],"about":[{"href":"https:\/\/www.vsacomunicacion.com\/en\/wp-json\/wp\/v2\/types\/post"}],"author":[{"embeddable":true,"href":"https:\/\/www.vsacomunicacion.com\/en\/wp-json\/wp\/v2\/users\/3"}],"replies":[{"embeddable":true,"href":"https:\/\/www.vsacomunicacion.com\/en\/wp-json\/wp\/v2\/comments?post=11890"}],"version-history":[{"count":0,"href":"https:\/\/www.vsacomunicacion.com\/en\/wp-json\/wp\/v2\/posts\/11890\/revisions"}],"wp:featuredmedia":[{"embeddable":true,"href":"https:\/\/www.vsacomunicacion.com\/en\/wp-json\/wp\/v2\/media\/7674"}],"wp:attachment":[{"href":"https:\/\/www.vsacomunicacion.com\/en\/wp-json\/wp\/v2\/media?parent=11890"}],"wp:term":[{"taxonomy":"category","embeddable":true,"href":"https:\/\/www.vsacomunicacion.com\/en\/wp-json\/wp\/v2\/categories?post=11890"},{"taxonomy":"post_tag","embeddable":true,"href":"https:\/\/www.vsacomunicacion.com\/en\/wp-json\/wp\/v2\/tags?post=11890"}],"curies":[{"name":"wp","href":"https:\/\/api.w.org\/{rel}","templated":true}]}}