{"id":11903,"date":"2018-10-10T01:20:24","date_gmt":"2018-10-10T01:20:24","guid":{"rendered":"https:\/\/www.vsacomunicacion.com\/lona-publicitaria-de-levis-en-barcelona\/"},"modified":"2018-10-10T01:20:24","modified_gmt":"2018-10-10T01:20:24","slug":"lona-publicitaria-de-levis-en-barcelona","status":"publish","type":"post","link":"https:\/\/www.vsacomunicacion.com\/en\/lona-publicitaria-de-levis-en-barcelona\/","title":{"rendered":"Lona Publicitaria de LEVI&#8217;S en Barcelona"},"content":{"rendered":"<p style=\"text-align: justify;\">Impresionante y atractiva <strong>lona publicitaria<\/strong> de <strong>LEVI&#8217;S<\/strong> para la presentaci\u00f3n de su nueva colecci\u00f3n<strong> FRESH LEAVES<\/strong> dise\u00f1ada en colaboraci\u00f3n con el famoso artista Justin Timberlake, en el emplazamiento de <strong>VSA COMUNICACION<\/strong> en Gran V\u00eda junto al Paseo de Gracia de <strong>Barcelona<\/strong>.<\/p>\n<p style=\"text-align: justify;\"><a href=\"https:\/\/www.vsacomunicacion.com\/wp-content\/uploads\/2018\/11\/lona-publicitaria-barcelona-gran-via-corts-catalanes-605-levis-noche-vsa-comunicacion.jpg\" rel=\"attachment wp-att-4334\"><img fetchpriority=\"high\" decoding=\"async\" class=\"aligncenter size-full wp-image-4334\" src=\"https:\/\/www.vsacomunicacion.com\/wp-content\/uploads\/2018\/11\/lona-publicitaria-barcelona-gran-via-corts-catalanes-605-levis-noche-vsa-comunicacion.jpg\" alt=\"lona-publicitaria-barcelona-gran-via-corts-catalanes-605-levis-noche-vsa-comunicacion\" width=\"884\" height=\"626\" srcset=\"https:\/\/www.vsacomunicacion.com\/wp-content\/uploads\/2018\/11\/lona-publicitaria-barcelona-gran-via-corts-catalanes-605-levis-noche-vsa-comunicacion.jpg 884w, https:\/\/www.vsacomunicacion.com\/wp-content\/uploads\/2018\/11\/lona-publicitaria-barcelona-gran-via-corts-catalanes-605-levis-noche-vsa-comunicacion-300x212.jpg 300w, https:\/\/www.vsacomunicacion.com\/wp-content\/uploads\/2018\/11\/lona-publicitaria-barcelona-gran-via-corts-catalanes-605-levis-noche-vsa-comunicacion-768x544.jpg 768w\" sizes=\"(max-width: 884px) 100vw, 884px\" \/><\/a><\/p>\n<p style=\"text-align: justify;\">\u201c<strong>FRESH LEAVES<\/strong>\u201d nace de la idea de darle el sello personal de <strong>Justin Timberlake<\/strong> a piezas cl\u00e1sicas, que permanecer\u00e1n como iconos para generaciones futuras.<\/p>\n<p style=\"text-align: justify;\">Justin y el equipo de dise\u00f1o de <strong>LEVI&#8217;S<\/strong> han trabajado codo con codo en la reinvenci\u00f3n de\u00a0sus piezas m\u00e1s ic\u00f3nicas, d\u00e1ndoles un giro totalmente inesperado. El resultado son prendas, colores, estampados y siluetas sencillas combinadas de una manera inusual para darles un aspecto actual.<\/p>\n<p style=\"text-align: justify;\"><a href=\"https:\/\/www.vsacomunicacion.com\/wp-content\/uploads\/2018\/11\/lona-publicitaria-barcelona-gran-via-corts-catalanes-605-levis-dia-vsa-comunicacion.jpg\" rel=\"attachment wp-att-4336\"><img decoding=\"async\" class=\"aligncenter size-full wp-image-4336\" src=\"https:\/\/www.vsacomunicacion.com\/wp-content\/uploads\/2018\/11\/lona-publicitaria-barcelona-gran-via-corts-catalanes-605-levis-dia-vsa-comunicacion.jpg\" alt=\"lona-publicitaria-barcelona-gran-via-corts-catalanes-605-levis-dia-vsa-comunicacion\" width=\"884\" height=\"626\" srcset=\"https:\/\/www.vsacomunicacion.com\/wp-content\/uploads\/2018\/11\/lona-publicitaria-barcelona-gran-via-corts-catalanes-605-levis-dia-vsa-comunicacion.jpg 884w, https:\/\/www.vsacomunicacion.com\/wp-content\/uploads\/2018\/11\/lona-publicitaria-barcelona-gran-via-corts-catalanes-605-levis-dia-vsa-comunicacion-300x212.jpg 300w, https:\/\/www.vsacomunicacion.com\/wp-content\/uploads\/2018\/11\/lona-publicitaria-barcelona-gran-via-corts-catalanes-605-levis-dia-vsa-comunicacion-768x544.jpg 768w\" sizes=\"(max-width: 884px) 100vw, 884px\" \/><\/a><\/p>\n<p style=\"text-align: justify;\">En la colecci\u00f3n <strong>FRESH LEAVES<\/strong>\u00a0de <strong>LEVI&#8217;S<\/strong> encontrar\u00e1s vaqueros, camisas, chaquetas, gorras, sudaderas y camisetas,\u00a0donde seguro encontrar\u00e1s\u00a0un look perfecto para ti.<\/p>\n<div>\n<p class=\"zf-ff-bold zf-fs-sm-28-30\" style=\"text-align: justify;\">Entre sus prendas encontrar\u00e1s, por ejemplo, el<strong> 501 SLIM TAPER en WASHED BLACK,<\/strong> el nuevo miembro de la familia del 501, inspirado en c\u00f3mo le gusta a <strong>Justin Timberlake<\/strong> llevar su 501: ajustado en la pierna y m\u00e1s ce\u00f1ido a la altura del tobillo. O la <strong>SHERPA TRUCKER JACKET en BLACK CAMO<\/strong>, la cl\u00e1sica Trucker Jacket actualizada con un moderno dise\u00f1o de camuflaje estampado a l\u00e1ser que la hace \u00fanica.<\/p>\n<p class=\"zf-ff-bold zf-fs-sm-28-30\" style=\"text-align: justify;\">No nos olvidemos de la<strong> WORKER SHIRT en NIGH SKY<\/strong>, la camisa de franela favorita de Justin, una versi\u00f3n renovada de\u00a0la cl\u00e1sica WORKER SHIRT, con cuello en tejido denim y bolsillos cuadrados en el pecho. Un aspecto vintage en un dise\u00f1o totalmente actual.<\/p>\n<p class=\"zf-ff-bold zf-fs-sm-28-30\" style=\"text-align: justify;\">Como veis, hablamos de una colecci\u00f3n basada en la calidad y en la expresi\u00f3n personal.<\/p>\n<\/div>\n<div class=\"text-center hidden-xs hidden-sm zf-mb-xs-20\">\n<p class=\"zf-ff-bold zf-plr-xs-30\" style=\"text-align: justify;\">Seg\u00fan Justin <em>&#8220;Todos dejamos nuestra propia huella. Cuando haces algo, siempre acabas haci\u00e9ndolo tuyo&#8221;<\/em>. \u00bfVer\u00e1s su huella en la espectacular colecci\u00f3n <strong>FRESH LEAVES<\/strong>?<\/p>\n<\/div>\n","protected":false},"excerpt":{"rendered":"<p>Impresionante y atractiva lona publicitaria de LEVI&#8217;S para la presentaci\u00f3n de su nueva colecci\u00f3n FRESH LEAVES dise\u00f1ada en colaboraci\u00f3n con el famoso artista Justin Timberlake, en el emplazamiento de VSA COMUNICACION en Gran V\u00eda junto al Paseo de Gracia de [&hellip;]<\/p>\n","protected":false},"author":3,"featured_media":7666,"comment_status":"open","ping_status":"open","sticky":false,"template":"","format":"standard","meta":{"inline_featured_image":false,"footnotes":""},"categories":[1506,1488],"tags":[1704,1516,1664,1705,1706,1701,1708,2025,1694,1669,2026,2027,2028,1609,1581,1666,1565,1585,1599,1586,1671],"class_list":["post-11903","post","type-post","status-publish","format-standard","has-post-thumbnail","hentry","category-barcelona-en","category-lonas-publicitarias-en","tag-alto-prestigio-publicitario-en","tag-barcelona-en","tag-campana-publicitaria-en","tag-centro-ciudad-en","tag-emplazamiento-premium-en","tag-espectacular-en","tag-formato-espectacular-en","tag-fresh-leaves-collection-en","tag-gran-notoriedad-en","tag-gran-via-de-les-corts-catalanes-en","tag-justin-timberlake-en","tag-levis-en","tag-levis-x-justin-timberlake-en","tag-lonas-publicitarias-2-en","tag-lonas-publicitarias-barcelona-en","tag-paseo-de-gracia-en","tag-publicidad-ciudades-en","tag-publicidad-exterior-en","tag-publicidad-gran-formato-en","tag-publicidad-urbana-en","tag-trafico-rodado-en"],"_links":{"self":[{"href":"https:\/\/www.vsacomunicacion.com\/en\/wp-json\/wp\/v2\/posts\/11903"}],"collection":[{"href":"https:\/\/www.vsacomunicacion.com\/en\/wp-json\/wp\/v2\/posts"}],"about":[{"href":"https:\/\/www.vsacomunicacion.com\/en\/wp-json\/wp\/v2\/types\/post"}],"author":[{"embeddable":true,"href":"https:\/\/www.vsacomunicacion.com\/en\/wp-json\/wp\/v2\/users\/3"}],"replies":[{"embeddable":true,"href":"https:\/\/www.vsacomunicacion.com\/en\/wp-json\/wp\/v2\/comments?post=11903"}],"version-history":[{"count":0,"href":"https:\/\/www.vsacomunicacion.com\/en\/wp-json\/wp\/v2\/posts\/11903\/revisions"}],"wp:featuredmedia":[{"embeddable":true,"href":"https:\/\/www.vsacomunicacion.com\/en\/wp-json\/wp\/v2\/media\/7666"}],"wp:attachment":[{"href":"https:\/\/www.vsacomunicacion.com\/en\/wp-json\/wp\/v2\/media?parent=11903"}],"wp:term":[{"taxonomy":"category","embeddable":true,"href":"https:\/\/www.vsacomunicacion.com\/en\/wp-json\/wp\/v2\/categories?post=11903"},{"taxonomy":"post_tag","embeddable":true,"href":"https:\/\/www.vsacomunicacion.com\/en\/wp-json\/wp\/v2\/tags?post=11903"}],"curies":[{"name":"wp","href":"https:\/\/api.w.org\/{rel}","templated":true}]}}