{"id":11911,"date":"2018-10-05T03:25:36","date_gmt":"2018-10-05T03:25:36","guid":{"rendered":"https:\/\/www.vsacomunicacion.com\/circuito-de-pyms-de-nuevo-centro-en-valencia-3\/"},"modified":"2018-10-05T03:25:36","modified_gmt":"2018-10-05T03:25:36","slug":"circuito-de-pyms-de-nuevo-centro-en-valencia-3","status":"publish","type":"post","link":"https:\/\/www.vsacomunicacion.com\/en\/circuito-de-pyms-de-nuevo-centro-en-valencia-3\/","title":{"rendered":"Circuito de PYM&#8217;s de NUEVO CENTRO en Valencia"},"content":{"rendered":"<p style=\"text-align: justify;\">Aunque nos cueste despedirnos del verano, del sol y de la playa&#8230; No podemos negar que el\u00a0oto\u00f1o est\u00e1 aqu\u00ed y, c\u00f3mo no, tambi\u00e9n ha llegado a <strong>NUEVO<\/strong> <strong>CENTRO<\/strong>,<strong>\u00a0<\/strong>tu Centro Comercial favorito en <strong>Valencia<\/strong>,\u00a0con una amplia oferta que seguro te encantar\u00e1. Cambiamos la creatividad del Circuito de <strong>Pym&#8217;s<\/strong> de <strong>VSA COMUNICACI\u00d3N<\/strong>, dando inicio a esta nueva estaci\u00f3n.<\/p>\n<p style=\"text-align: justify;\"><a href=\"https:\/\/www.vsacomunicacion.com\/wp-content\/uploads\/2018\/10\/pym-valencia-mauro-guillem-nuevo-centro-octubre-vsa-comunicacion.jpg\" rel=\"attachment wp-att-4525\"><img fetchpriority=\"high\" decoding=\"async\" class=\"aligncenter size-full wp-image-4525\" src=\"https:\/\/www.vsacomunicacion.com\/wp-content\/uploads\/2018\/10\/pym-valencia-mauro-guillem-nuevo-centro-octubre-vsa-comunicacion.jpg\" alt=\"pym-valencia-mauro-guillem-nuevo-centro-octubre-vsa-comunicacion\" width=\"884\" height=\"626\" srcset=\"https:\/\/www.vsacomunicacion.com\/wp-content\/uploads\/2018\/10\/pym-valencia-mauro-guillem-nuevo-centro-octubre-vsa-comunicacion.jpg 884w, https:\/\/www.vsacomunicacion.com\/wp-content\/uploads\/2018\/10\/pym-valencia-mauro-guillem-nuevo-centro-octubre-vsa-comunicacion-300x212.jpg 300w, https:\/\/www.vsacomunicacion.com\/wp-content\/uploads\/2018\/10\/pym-valencia-mauro-guillem-nuevo-centro-octubre-vsa-comunicacion-768x544.jpg 768w\" sizes=\"(max-width: 884px) 100vw, 884px\" \/><\/a><\/p>\n<p style=\"text-align: justify;\">Este emplazamiento se encuentra ubicado en la calle Mauro Guill\u00e9n, en el\u00a0antiguo cauce del Turia, prolongaci\u00f3n de \u00a0Llano de la \u00a0Zaidia\u00a0 y Avenida de Burjassot y Padre Ferris.<\/p>\n<p style=\"text-align: justify;\">Recoge todo el tr\u00e1fico en direcci\u00f3n a la estaci\u00f3n de Autobuses, Centro Comercial \u201c<strong>NUEVO CENTRO<\/strong>\u201d, lo que hace de este emplazamiento ideal para anunciar su publicidad y mantener informados a todos los transe\u00fantes de las pr\u00f3ximas novedades y actividades que podremos disfrutar en NUEVO CENTRO.<\/p>\n<p style=\"text-align: justify;\"><a href=\"https:\/\/www.vsacomunicacion.com\/wp-content\/uploads\/2018\/10\/pym-valencia-avenida-del-puerto-131-nuevo-centro-octubre-vsa-comunicacion.jpg\" rel=\"attachment wp-att-4526\"><img decoding=\"async\" class=\"aligncenter size-full wp-image-4526\" src=\"https:\/\/www.vsacomunicacion.com\/wp-content\/uploads\/2018\/10\/pym-valencia-avenida-del-puerto-131-nuevo-centro-octubre-vsa-comunicacion.jpg\" alt=\"pym-valencia-avenida-del-puerto-131-nuevo-centro-octubre-vsa-comunicacion\" width=\"884\" height=\"626\" srcset=\"https:\/\/www.vsacomunicacion.com\/wp-content\/uploads\/2018\/10\/pym-valencia-avenida-del-puerto-131-nuevo-centro-octubre-vsa-comunicacion.jpg 884w, https:\/\/www.vsacomunicacion.com\/wp-content\/uploads\/2018\/10\/pym-valencia-avenida-del-puerto-131-nuevo-centro-octubre-vsa-comunicacion-300x212.jpg 300w, https:\/\/www.vsacomunicacion.com\/wp-content\/uploads\/2018\/10\/pym-valencia-avenida-del-puerto-131-nuevo-centro-octubre-vsa-comunicacion-768x544.jpg 768w\" sizes=\"(max-width: 884px) 100vw, 884px\" \/><\/a><\/p>\n<p style=\"text-align: justify;\">En esta ocasi\u00f3n nos encontramos en una de las v\u00edas m\u00e1s importantes de Valencia, la Avenida del Puerto. Cuenta con una gran\u00a0densidad de tr\u00e1fico rodado por ser la \u00fanica v\u00eda, de seis carriles, hacia el Puerto, Barrio del Caba\u00f1al, playas de las Arenas y Malvarrosa<\/p>\n<p style=\"text-align: justify;\">Se trata de una zona muy popular donde se encuentran diversos restaurante, bares, bodegas, cafeter\u00edas, hoteles y dem\u00e1s establecimientos de restauraci\u00f3n, debido a su cercan\u00eda. como hemos dicho, al Puerto y playas.<\/p>\n<p style=\"text-align: justify;\"><em>AIRES DE OTO\u00d1O EN <strong>NUEVO CENTRO<\/strong>!!<\/em><\/p>\n","protected":false},"excerpt":{"rendered":"<p>Aunque nos cueste despedirnos del verano, del sol y de la playa&#8230; No podemos negar que el\u00a0oto\u00f1o est\u00e1 aqu\u00ed y, c\u00f3mo no, tambi\u00e9n ha llegado a NUEVO CENTRO,\u00a0tu Centro Comercial favorito en Valencia,\u00a0con una amplia oferta que seguro te encantar\u00e1. [&hellip;]<\/p>\n","protected":false},"author":3,"featured_media":7722,"comment_status":"open","ping_status":"open","sticky":false,"template":"","format":"standard","meta":{"inline_featured_image":false,"footnotes":""},"categories":[1593,1640],"tags":[1704,1992,1664,1705,1781,1693,1694,1993,1565,1585,1599,1586,1676,1934,1671,1645],"class_list":["post-11911","post","type-post","status-publish","format-standard","has-post-thumbnail","hentry","category-pyms-en","category-valencia-en","tag-alto-prestigio-publicitario-en","tag-campana-nuevo-centro-en","tag-campana-publicitaria-en","tag-centro-ciudad-en","tag-circuito-urbano-en","tag-gran-formato-en","tag-gran-notoriedad-en","tag-nuevo-centro-en","tag-publicidad-ciudades-en","tag-publicidad-exterior-en","tag-publicidad-gran-formato-en","tag-publicidad-urbana-en","tag-pyms-2-en","tag-pyms-valencia-en","tag-trafico-rodado-en","tag-valencia-en"],"_links":{"self":[{"href":"https:\/\/www.vsacomunicacion.com\/en\/wp-json\/wp\/v2\/posts\/11911"}],"collection":[{"href":"https:\/\/www.vsacomunicacion.com\/en\/wp-json\/wp\/v2\/posts"}],"about":[{"href":"https:\/\/www.vsacomunicacion.com\/en\/wp-json\/wp\/v2\/types\/post"}],"author":[{"embeddable":true,"href":"https:\/\/www.vsacomunicacion.com\/en\/wp-json\/wp\/v2\/users\/3"}],"replies":[{"embeddable":true,"href":"https:\/\/www.vsacomunicacion.com\/en\/wp-json\/wp\/v2\/comments?post=11911"}],"version-history":[{"count":0,"href":"https:\/\/www.vsacomunicacion.com\/en\/wp-json\/wp\/v2\/posts\/11911\/revisions"}],"wp:featuredmedia":[{"embeddable":true,"href":"https:\/\/www.vsacomunicacion.com\/en\/wp-json\/wp\/v2\/media\/7722"}],"wp:attachment":[{"href":"https:\/\/www.vsacomunicacion.com\/en\/wp-json\/wp\/v2\/media?parent=11911"}],"wp:term":[{"taxonomy":"category","embeddable":true,"href":"https:\/\/www.vsacomunicacion.com\/en\/wp-json\/wp\/v2\/categories?post=11911"},{"taxonomy":"post_tag","embeddable":true,"href":"https:\/\/www.vsacomunicacion.com\/en\/wp-json\/wp\/v2\/tags?post=11911"}],"curies":[{"name":"wp","href":"https:\/\/api.w.org\/{rel}","templated":true}]}}