{"id":11912,"date":"2018-10-01T21:33:53","date_gmt":"2018-10-01T21:33:53","guid":{"rendered":"https:\/\/www.vsacomunicacion.com\/lona-publicitaria-de-oatly-en-la-calle-mayor-de-madrid\/"},"modified":"2018-10-01T21:33:53","modified_gmt":"2018-10-01T21:33:53","slug":"lona-publicitaria-de-oatly-en-la-calle-mayor-de-madrid","status":"publish","type":"post","link":"https:\/\/www.vsacomunicacion.com\/en\/lona-publicitaria-de-oatly-en-la-calle-mayor-de-madrid\/","title":{"rendered":"Lona Publicitaria de OATLY! en la calle Mayor de Madrid"},"content":{"rendered":"<p style=\"text-align: justify;\">En <strong>VSA COMUNICACION<\/strong> hemos vuelto de vacaciones con mucha fuerza y motivaci\u00f3n. Os presentamos el tercer emplazamiento que iniciamos en <strong>Madrid<\/strong> este mes, con esta fabulosa<strong> lona publicitaria<\/strong> de la mano de <strong>OATLY!<\/strong>, la bebida de avena que tiene como\u00a0\u00fanico prop\u00f3sito pon\u00e9rselo f\u00e1cil a la gente para que conviertan lo que comen y beben en momentos saludables de disfrute, sin estropear los recursos naturales del planeta en el proceso.<\/p>\n<p style=\"text-align: justify;\"><a href=\"https:\/\/www.vsacomunicacion.com\/wp-content\/uploads\/2018\/11\/lona-publicitaria-madrid-mayor-44-oatly-noche-vsa-comunicacion.jpg\" rel=\"attachment wp-att-4322\"><img fetchpriority=\"high\" decoding=\"async\" class=\"aligncenter size-full wp-image-4322\" src=\"https:\/\/www.vsacomunicacion.com\/wp-content\/uploads\/2018\/11\/lona-publicitaria-madrid-mayor-44-oatly-noche-vsa-comunicacion.jpg\" alt=\"lona-publicitaria-madrid-mayor-44-oatly-noche-vsa-comunicacion\" width=\"884\" height=\"626\" srcset=\"https:\/\/www.vsacomunicacion.com\/wp-content\/uploads\/2018\/11\/lona-publicitaria-madrid-mayor-44-oatly-noche-vsa-comunicacion.jpg 884w, https:\/\/www.vsacomunicacion.com\/wp-content\/uploads\/2018\/11\/lona-publicitaria-madrid-mayor-44-oatly-noche-vsa-comunicacion-300x212.jpg 300w, https:\/\/www.vsacomunicacion.com\/wp-content\/uploads\/2018\/11\/lona-publicitaria-madrid-mayor-44-oatly-noche-vsa-comunicacion-768x544.jpg 768w\" sizes=\"(max-width: 884px) 100vw, 884px\" \/><\/a><\/p>\n<p style=\"text-align: justify;\">El nuevo emplazamiento de <strong>VSA COMUNICACION<\/strong> se encuentra\u00a0ubicado en el coraz\u00f3n de la ciudad,\u00a0en el barrio viejo Madrid. Fue\u00a0una de las primeras calles de la Villa formada, principalmente, por edificios modernistas. La <strong>calle Mayor<\/strong> tiene un encanto especial, incluso nost\u00e1lgico, muy transitado por turistas y visitantes de la capital, su gran visibilidad hacen de \u00e9ste, un emplazamiento espectacular y elegante.<\/p>\n<p style=\"text-align: justify;\">A escasos metros de la Plaza Mayor, del concurrido\u00a0Mercado de San Miguel y de la famosa Puerta del Sol. En un entorno repleto tambi\u00e9n de numerosas tiendas,\u00a0los bares de tapas m\u00e1s t\u00edpicos\u00a0e innumerables\u00a0hoteles.<\/p>\n<p><a href=\"https:\/\/www.vsacomunicacion.com\/wp-content\/uploads\/2018\/11\/lona-publicitaria-madrid-mayor-44-oatly-dia-vsa-comunicacion.jpg\" rel=\"attachment wp-att-4321\"><img decoding=\"async\" class=\"aligncenter size-full wp-image-4321\" src=\"https:\/\/www.vsacomunicacion.com\/wp-content\/uploads\/2018\/11\/lona-publicitaria-madrid-mayor-44-oatly-dia-vsa-comunicacion.jpg\" alt=\"lona-publicitaria-madrid-mayor-44-oatly-dia-vsa-comunicacion\" width=\"884\" height=\"626\" srcset=\"https:\/\/www.vsacomunicacion.com\/wp-content\/uploads\/2018\/11\/lona-publicitaria-madrid-mayor-44-oatly-dia-vsa-comunicacion.jpg 884w, https:\/\/www.vsacomunicacion.com\/wp-content\/uploads\/2018\/11\/lona-publicitaria-madrid-mayor-44-oatly-dia-vsa-comunicacion-300x212.jpg 300w, https:\/\/www.vsacomunicacion.com\/wp-content\/uploads\/2018\/11\/lona-publicitaria-madrid-mayor-44-oatly-dia-vsa-comunicacion-768x544.jpg 768w\" sizes=\"(max-width: 884px) 100vw, 884px\" \/><\/a><\/p>\n<p style=\"text-align: justify;\"><strong>OATLY!<\/strong>\u00a0es una\u00a0compa\u00f1\u00eda sueca dedicada a mejorar la vida de las personas contribuyendo a la conservaci\u00f3n del planeta con una l\u00ednea original de bebidas de avena.<\/p>\n<p style=\"text-align: justify;\">Todos sus productos se realizan\u00a0con avena sueca. Si te est\u00e1s preguntando qu\u00e9 hace a la avena sueca tan especial, la respuesta es muy sencilla: Crece alta y fuerte en el clima n\u00f3rdico, que es una mezcla muy loca de largos d\u00edas soleados (en verano) y cortos per\u00edodos de lluvia intensa.\u00a0Adem\u00e1s, muchos de los pesticidas utilizados en el cultivo de avena en el resto de Europa est\u00e1n totalmente prohibidos en Suecia. \u00c9sto convierte a la avena sueca en un producto \u00fanico.<\/p>\n","protected":false},"excerpt":{"rendered":"<p>En VSA COMUNICACION hemos vuelto de vacaciones con mucha fuerza y motivaci\u00f3n. Os presentamos el tercer emplazamiento que iniciamos en Madrid este mes, con esta fabulosa lona publicitaria de la mano de OATLY!, la bebida de avena que tiene como\u00a0\u00fanico [&hellip;]<\/p>\n","protected":false},"author":3,"featured_media":7663,"comment_status":"open","ping_status":"open","sticky":false,"template":"","format":"standard","meta":{"inline_featured_image":false,"footnotes":""},"categories":[1488,1489],"tags":[1704,2019,1998,1664,1705,1706,1693,1694,1680,1609,1611,1499,2022,1565,1585,1599,1586,1671],"class_list":["post-11912","post","type-post","status-publish","format-standard","has-post-thumbnail","hentry","category-lonas-publicitarias-en","category-madrid-en","tag-alto-prestigio-publicitario-en","tag-avena-en","tag-calle-mayor-en","tag-campana-publicitaria-en","tag-centro-ciudad-en","tag-emplazamiento-premium-en","tag-gran-formato-en","tag-gran-notoriedad-en","tag-lona-espectacular-en","tag-lonas-publicitarias-2-en","tag-lonas-publicitarias-madrid-en","tag-madrid-en","tag-oatly-en","tag-publicidad-ciudades-en","tag-publicidad-exterior-en","tag-publicidad-gran-formato-en","tag-publicidad-urbana-en","tag-trafico-rodado-en"],"_links":{"self":[{"href":"https:\/\/www.vsacomunicacion.com\/en\/wp-json\/wp\/v2\/posts\/11912"}],"collection":[{"href":"https:\/\/www.vsacomunicacion.com\/en\/wp-json\/wp\/v2\/posts"}],"about":[{"href":"https:\/\/www.vsacomunicacion.com\/en\/wp-json\/wp\/v2\/types\/post"}],"author":[{"embeddable":true,"href":"https:\/\/www.vsacomunicacion.com\/en\/wp-json\/wp\/v2\/users\/3"}],"replies":[{"embeddable":true,"href":"https:\/\/www.vsacomunicacion.com\/en\/wp-json\/wp\/v2\/comments?post=11912"}],"version-history":[{"count":0,"href":"https:\/\/www.vsacomunicacion.com\/en\/wp-json\/wp\/v2\/posts\/11912\/revisions"}],"wp:featuredmedia":[{"embeddable":true,"href":"https:\/\/www.vsacomunicacion.com\/en\/wp-json\/wp\/v2\/media\/7663"}],"wp:attachment":[{"href":"https:\/\/www.vsacomunicacion.com\/en\/wp-json\/wp\/v2\/media?parent=11912"}],"wp:term":[{"taxonomy":"category","embeddable":true,"href":"https:\/\/www.vsacomunicacion.com\/en\/wp-json\/wp\/v2\/categories?post=11912"},{"taxonomy":"post_tag","embeddable":true,"href":"https:\/\/www.vsacomunicacion.com\/en\/wp-json\/wp\/v2\/tags?post=11912"}],"curies":[{"name":"wp","href":"https:\/\/api.w.org\/{rel}","templated":true}]}}