{"id":11913,"date":"2018-09-30T15:55:31","date_gmt":"2018-09-30T15:55:31","guid":{"rendered":"https:\/\/www.vsacomunicacion.com\/lona-publicitaria-de-michael-kors-en-madrid\/"},"modified":"2018-09-30T15:55:31","modified_gmt":"2018-09-30T15:55:31","slug":"lona-publicitaria-de-michael-kors-en-madrid","status":"publish","type":"post","link":"https:\/\/www.vsacomunicacion.com\/en\/lona-publicitaria-de-michael-kors-en-madrid\/","title":{"rendered":"Lona Publicitaria de MICHAEL KORS en Madrid"},"content":{"rendered":"<p style=\"text-align: justify;\">Hace unos d\u00edas nos <a href=\"https:\/\/www.vsacomunicacion.com\/lona-publicitaria-de-michael-kors-en-barcelona\/\">desped\u00edamos<\/a> del emplazamiento de VSA COMUNICACION en la calle Balmes de Barcelona de la mano de MICHAEL KORS. &#8220;\u00a1\u00a1Basta de despedidas!!&#8221; Demos la bienvenida al nuevo emplazamiento Premium de <strong>VSA COMUNICACION<\/strong> en la c\u00e9ntrica y m\u00edtica calle Alcal\u00e1 de<strong> Madrid<\/strong> con una incre\u00edble<strong> lona publicitaria<\/strong> de la mano del fant\u00e1stico dise\u00f1ador americano.<\/p>\n<p style=\"text-align: justify;\"><a href=\"https:\/\/www.vsacomunicacion.com\/wp-content\/uploads\/2018\/11\/lona-publicitaria-madrid-alcala-75-michaelkors-dia-vsa-comunicacion.jpg\" rel=\"attachment wp-att-4287\"><img fetchpriority=\"high\" decoding=\"async\" class=\"aligncenter size-full wp-image-4287\" src=\"https:\/\/www.vsacomunicacion.com\/wp-content\/uploads\/2018\/11\/lona-publicitaria-madrid-alcala-75-michaelkors-dia-vsa-comunicacion.jpg\" alt=\"lona-publicitaria-madrid-alcala-75-michaelkors-dia-vsa-comunicacion\" width=\"884\" height=\"626\" srcset=\"https:\/\/www.vsacomunicacion.com\/wp-content\/uploads\/2018\/11\/lona-publicitaria-madrid-alcala-75-michaelkors-dia-vsa-comunicacion.jpg 884w, https:\/\/www.vsacomunicacion.com\/wp-content\/uploads\/2018\/11\/lona-publicitaria-madrid-alcala-75-michaelkors-dia-vsa-comunicacion-300x212.jpg 300w, https:\/\/www.vsacomunicacion.com\/wp-content\/uploads\/2018\/11\/lona-publicitaria-madrid-alcala-75-michaelkors-dia-vsa-comunicacion-768x544.jpg 768w\" sizes=\"(max-width: 884px) 100vw, 884px\" \/><\/a><\/p>\n<p style=\"text-align: justify;\"><strong>MICHAEL KORS<\/strong> es sin\u00f3nimo de estilo\u00a0y sofisticaci\u00f3n. En su nueva campa\u00f1a de publicidad exterior, para la presentaci\u00f3n de su colecci\u00f3n FW 2018, descubrir\u00e1s\u00a0los mejores looks y accesorios para ti y los tuyos.\u00a0El\u00a0arte est\u00e1 presente en todos sus productos!!<\/p>\n<p style=\"text-align: justify;\"><a href=\"https:\/\/www.vsacomunicacion.com\/wp-content\/uploads\/2018\/09\/lona-publicitaria-madrid-alcala-75-michael-kors-noche-2-vsa-comunicacion.jpg\" rel=\"attachment wp-att-4294\"><img decoding=\"async\" class=\"aligncenter size-full wp-image-4294\" src=\"https:\/\/www.vsacomunicacion.com\/wp-content\/uploads\/2018\/09\/lona-publicitaria-madrid-alcala-75-michael-kors-noche-2-vsa-comunicacion.jpg\" alt=\"lona-publicitaria-madrid-alcala-75-michael-kors-noche-2-vsa-comunicacion\" width=\"884\" height=\"626\" srcset=\"https:\/\/www.vsacomunicacion.com\/wp-content\/uploads\/2018\/09\/lona-publicitaria-madrid-alcala-75-michael-kors-noche-2-vsa-comunicacion.jpg 884w, https:\/\/www.vsacomunicacion.com\/wp-content\/uploads\/2018\/09\/lona-publicitaria-madrid-alcala-75-michael-kors-noche-2-vsa-comunicacion-300x212.jpg 300w, https:\/\/www.vsacomunicacion.com\/wp-content\/uploads\/2018\/09\/lona-publicitaria-madrid-alcala-75-michael-kors-noche-2-vsa-comunicacion-768x544.jpg 768w\" sizes=\"(max-width: 884px) 100vw, 884px\" \/><\/a><\/p>\n<p style=\"text-align: justify;\">En las tiendas de las calles Serrano y Fuencarral, en los Centro Comerciales de El Corte Ingl\u00e9s y, c\u00f3mo no, en su web\u00a0<strong><a href=\"https:\/\/www.michaelkors.com\" target=\"_blank\" rel=\"noopener\">https:\/\/www.michaelkors.com<\/a><\/strong> encontrar\u00e1s los regalos m\u00e1s sofisticados para el hombre urbanita y moderno y los regalos con m\u00e1s glamour para ellas.<\/p>\n<p style=\"text-align: justify;\"><a href=\"https:\/\/www.vsacomunicacion.com\/wp-content\/uploads\/2018\/11\/lona-publicitaria-madrid-alcala-75-michael-kors-noche-vsa-comunicacion.jpg\" rel=\"attachment wp-att-4290\"><img decoding=\"async\" class=\"aligncenter size-full wp-image-4290\" src=\"https:\/\/www.vsacomunicacion.com\/wp-content\/uploads\/2018\/11\/lona-publicitaria-madrid-alcala-75-michael-kors-noche-vsa-comunicacion.jpg\" alt=\"lona-publicitaria-madrid-alcala-75-michael-kors-noche-vsa-comunicacion\" width=\"884\" height=\"626\" srcset=\"https:\/\/www.vsacomunicacion.com\/wp-content\/uploads\/2018\/11\/lona-publicitaria-madrid-alcala-75-michael-kors-noche-vsa-comunicacion.jpg 884w, https:\/\/www.vsacomunicacion.com\/wp-content\/uploads\/2018\/11\/lona-publicitaria-madrid-alcala-75-michael-kors-noche-vsa-comunicacion-300x212.jpg 300w, https:\/\/www.vsacomunicacion.com\/wp-content\/uploads\/2018\/11\/lona-publicitaria-madrid-alcala-75-michael-kors-noche-vsa-comunicacion-768x544.jpg 768w\" sizes=\"(max-width: 884px) 100vw, 884px\" \/><\/a><\/p>\n<p style=\"text-align: justify;\"><strong>MICHAEL KORS<\/strong>\u00a0es\u00a0<em>noches eternas<\/em>,\u00a0<em>b\u00e1sicos modernos<\/em>\u00a0y la\u00a0<em>opulencia deportiva<\/em>.\u00a0\u00bfCu\u00e1l es tu opci\u00f3n favorita?<\/p>\n","protected":false},"excerpt":{"rendered":"<p>Hace unos d\u00edas nos desped\u00edamos del emplazamiento de VSA COMUNICACION en la calle Balmes de Barcelona de la mano de MICHAEL KORS. &#8220;\u00a1\u00a1Basta de despedidas!!&#8221; Demos la bienvenida al nuevo emplazamiento Premium de VSA COMUNICACION en la c\u00e9ntrica y m\u00edtica [&hellip;]<\/p>\n","protected":false},"author":3,"featured_media":7653,"comment_status":"open","ping_status":"open","sticky":false,"template":"","format":"standard","meta":{"inline_featured_image":false,"footnotes":""},"categories":[1488,1489],"tags":[1552,1704,1664,1706,1708,1693,1694,1609,1611,1499,1892,1565,1585,1599,1586,1671],"class_list":["post-11913","post","type-post","status-publish","format-standard","has-post-thumbnail","hentry","category-lonas-publicitarias-en","category-madrid-en","tag-alcala-en","tag-alto-prestigio-publicitario-en","tag-campana-publicitaria-en","tag-emplazamiento-premium-en","tag-formato-espectacular-en","tag-gran-formato-en","tag-gran-notoriedad-en","tag-lonas-publicitarias-2-en","tag-lonas-publicitarias-madrid-en","tag-madrid-en","tag-michael-kors-en","tag-publicidad-ciudades-en","tag-publicidad-exterior-en","tag-publicidad-gran-formato-en","tag-publicidad-urbana-en","tag-trafico-rodado-en"],"_links":{"self":[{"href":"https:\/\/www.vsacomunicacion.com\/en\/wp-json\/wp\/v2\/posts\/11913"}],"collection":[{"href":"https:\/\/www.vsacomunicacion.com\/en\/wp-json\/wp\/v2\/posts"}],"about":[{"href":"https:\/\/www.vsacomunicacion.com\/en\/wp-json\/wp\/v2\/types\/post"}],"author":[{"embeddable":true,"href":"https:\/\/www.vsacomunicacion.com\/en\/wp-json\/wp\/v2\/users\/3"}],"replies":[{"embeddable":true,"href":"https:\/\/www.vsacomunicacion.com\/en\/wp-json\/wp\/v2\/comments?post=11913"}],"version-history":[{"count":0,"href":"https:\/\/www.vsacomunicacion.com\/en\/wp-json\/wp\/v2\/posts\/11913\/revisions"}],"wp:featuredmedia":[{"embeddable":true,"href":"https:\/\/www.vsacomunicacion.com\/en\/wp-json\/wp\/v2\/media\/7653"}],"wp:attachment":[{"href":"https:\/\/www.vsacomunicacion.com\/en\/wp-json\/wp\/v2\/media?parent=11913"}],"wp:term":[{"taxonomy":"category","embeddable":true,"href":"https:\/\/www.vsacomunicacion.com\/en\/wp-json\/wp\/v2\/categories?post=11913"},{"taxonomy":"post_tag","embeddable":true,"href":"https:\/\/www.vsacomunicacion.com\/en\/wp-json\/wp\/v2\/tags?post=11913"}],"curies":[{"name":"wp","href":"https:\/\/api.w.org\/{rel}","templated":true}]}}