{"id":11916,"date":"2018-09-25T19:59:11","date_gmt":"2018-09-25T19:59:11","guid":{"rendered":"https:\/\/www.vsacomunicacion.com\/lona-publicitaria-de-cabify-en-la-diagonal-de-barcelona\/"},"modified":"2018-09-25T19:59:11","modified_gmt":"2018-09-25T19:59:11","slug":"lona-publicitaria-de-cabify-en-la-diagonal-de-barcelona","status":"publish","type":"post","link":"https:\/\/www.vsacomunicacion.com\/en\/lona-publicitaria-de-cabify-en-la-diagonal-de-barcelona\/","title":{"rendered":"Lona Publicitaria de CABIFY en la Diagonal de Barcelona"},"content":{"rendered":"<p style=\"text-align: justify;\">Nueva <strong>lona publicitaria<\/strong> de <strong>CABIFY<\/strong> en el emplazamiento de<strong> VSA COMUNICACION<\/strong> de la Avenida Diagonal con V\u00eda Augusta, en la campa\u00f1a de publicidad exterior que han iniciado en b\u00fasqueda de su hueco en la ciudad de <strong>Barcelona<\/strong>, invit\u00e1ndote a viajar con ellos y llegar donde t\u00fa quieras, est\u00e1 en tus manos!!<\/p>\n<p style=\"text-align: justify;\"><a href=\"https:\/\/www.vsacomunicacion.com\/wp-content\/uploads\/2018\/11\/lona-publicitaria-barcelona-avenida-diagonal-482-cabify-noche-vsa-comunicacion-1.jpg\" rel=\"attachment wp-att-4317\"><img fetchpriority=\"high\" decoding=\"async\" class=\"aligncenter size-full wp-image-4317\" src=\"https:\/\/www.vsacomunicacion.com\/wp-content\/uploads\/2018\/11\/lona-publicitaria-barcelona-avenida-diagonal-482-cabify-noche-vsa-comunicacion-1.jpg\" alt=\"lona-publicitaria-barcelona-avenida-diagonal-482-cabify-noche-vsa-comunicacion\" width=\"884\" height=\"626\" srcset=\"https:\/\/www.vsacomunicacion.com\/wp-content\/uploads\/2018\/11\/lona-publicitaria-barcelona-avenida-diagonal-482-cabify-noche-vsa-comunicacion-1.jpg 884w, https:\/\/www.vsacomunicacion.com\/wp-content\/uploads\/2018\/11\/lona-publicitaria-barcelona-avenida-diagonal-482-cabify-noche-vsa-comunicacion-1-300x212.jpg 300w, https:\/\/www.vsacomunicacion.com\/wp-content\/uploads\/2018\/11\/lona-publicitaria-barcelona-avenida-diagonal-482-cabify-noche-vsa-comunicacion-1-768x544.jpg 768w\" sizes=\"(max-width: 884px) 100vw, 884px\" \/><\/a><\/p>\n<p style=\"text-align: justify;\">Bienvenido a tu recibidor, tu pasillo, tu sal\u00f3n, tu cocina, tu terraza, tu jard\u00edn&#8230; T\u00fa eliges, porque la ciudad es tu casa, y siempre est\u00e1 en movimiento, preparada, de camino, contigo.<\/p>\n<p style=\"text-align: justify;\">De all\u00ed de donde vienes, y all\u00ed donde vas, la ciudad es lo que t\u00fa haces de ella, haciendo de cada destino el comienzo de otro, consciente de que entre dos puntos hay un mundo de posibilidades que acercan y conectan momentos, realidades y personas. Las que se unen y comparten, las que nos cruzamos cada d\u00eda, las que vienen y van, y las que vuelven.<\/p>\n<p style=\"text-align: justify;\">Personas que iluminan ciudades, visti\u00e9ndolas, d\u00e1ndoles ritmo, car\u00e1cter, luz y color, a un sinf\u00edn de experiencias que nos activan y definen lo que somos.<\/p>\n<p style=\"text-align: justify;\"><a href=\"https:\/\/www.vsacomunicacion.com\/wp-content\/uploads\/2018\/11\/lona-publicitaria-barcelona-avenida-diagonal-482-cabify-dia-vsa-comunicacion.jpg\" rel=\"attachment wp-att-4316\"><img decoding=\"async\" class=\"aligncenter size-full wp-image-4316\" src=\"https:\/\/www.vsacomunicacion.com\/wp-content\/uploads\/2018\/11\/lona-publicitaria-barcelona-avenida-diagonal-482-cabify-dia-vsa-comunicacion.jpg\" alt=\"lona-publicitaria-barcelona-avenida-diagonal-482-cabify-dia-vsa-comunicacion\" width=\"3000\" height=\"2002\" \/><\/a><\/p>\n<p style=\"text-align: justify;\">Y, en <strong>CABIFY,<\/strong> lo que son, les encanta, esa uni\u00f3n que te conecta con cada oportunidad que ofrece la ciudad, ese compromiso por mejorarla para que siempre te sientas como en casa.<\/p>\n<p style=\"text-align: justify;\"><strong>CABIFY<\/strong> es la ilusi\u00f3n, el entusiasmo, las ganas de seguir avanzando y la pasi\u00f3n por cada detalle. Esa forma de ver, sentir y hacer vibrar la ciudad que llevas dentro.<\/p>\n<p style=\"text-align: justify;\"><em>CABIFY, #laciudadquellevasdentro<\/em><\/p>\n","protected":false},"excerpt":{"rendered":"<p>Nueva lona publicitaria de CABIFY en el emplazamiento de VSA COMUNICACION de la Avenida Diagonal con V\u00eda Augusta, en la campa\u00f1a de publicidad exterior que han iniciado en b\u00fasqueda de su hueco en la ciudad de Barcelona, invit\u00e1ndote a viajar [&hellip;]<\/p>\n","protected":false},"author":3,"featured_media":7660,"comment_status":"open","ping_status":"open","sticky":false,"template":"","format":"standard","meta":{"inline_featured_image":false,"footnotes":""},"categories":[1423],"tags":[2029,1704,1516,2030,1664,2031,1705,1706,1701,1708,1693,1694,1565,1585,1599,1586,1671],"class_list":["post-11916","post","type-post","status-publish","format-standard","has-post-thumbnail","hentry","category-uncategorized","tag-laciudadquellevasdentro-en","tag-alto-prestigio-publicitario-en","tag-barcelona-en","tag-cabify-en","tag-campana-publicitaria-en","tag-campana-publicitaria-cabify-en","tag-centro-ciudad-en","tag-emplazamiento-premium-en","tag-espectacular-en","tag-formato-espectacular-en","tag-gran-formato-en","tag-gran-notoriedad-en","tag-publicidad-ciudades-en","tag-publicidad-exterior-en","tag-publicidad-gran-formato-en","tag-publicidad-urbana-en","tag-trafico-rodado-en"],"_links":{"self":[{"href":"https:\/\/www.vsacomunicacion.com\/en\/wp-json\/wp\/v2\/posts\/11916"}],"collection":[{"href":"https:\/\/www.vsacomunicacion.com\/en\/wp-json\/wp\/v2\/posts"}],"about":[{"href":"https:\/\/www.vsacomunicacion.com\/en\/wp-json\/wp\/v2\/types\/post"}],"author":[{"embeddable":true,"href":"https:\/\/www.vsacomunicacion.com\/en\/wp-json\/wp\/v2\/users\/3"}],"replies":[{"embeddable":true,"href":"https:\/\/www.vsacomunicacion.com\/en\/wp-json\/wp\/v2\/comments?post=11916"}],"version-history":[{"count":0,"href":"https:\/\/www.vsacomunicacion.com\/en\/wp-json\/wp\/v2\/posts\/11916\/revisions"}],"wp:featuredmedia":[{"embeddable":true,"href":"https:\/\/www.vsacomunicacion.com\/en\/wp-json\/wp\/v2\/media\/7660"}],"wp:attachment":[{"href":"https:\/\/www.vsacomunicacion.com\/en\/wp-json\/wp\/v2\/media?parent=11916"}],"wp:term":[{"taxonomy":"category","embeddable":true,"href":"https:\/\/www.vsacomunicacion.com\/en\/wp-json\/wp\/v2\/categories?post=11916"},{"taxonomy":"post_tag","embeddable":true,"href":"https:\/\/www.vsacomunicacion.com\/en\/wp-json\/wp\/v2\/tags?post=11916"}],"curies":[{"name":"wp","href":"https:\/\/api.w.org\/{rel}","templated":true}]}}