{"id":11917,"date":"2018-09-20T22:53:46","date_gmt":"2018-09-20T22:53:46","guid":{"rendered":"https:\/\/www.vsacomunicacion.com\/lona-publicitaria-de-tommy-hilfiger-en-la-plaza-colon\/"},"modified":"2018-09-20T22:53:46","modified_gmt":"2018-09-20T22:53:46","slug":"lona-publicitaria-de-tommy-hilfiger-en-la-plaza-colon","status":"publish","type":"post","link":"https:\/\/www.vsacomunicacion.com\/en\/lona-publicitaria-de-tommy-hilfiger-en-la-plaza-colon\/","title":{"rendered":"Lona Publicitaria de TOMMY HILFIGER en la Plaza Col\u00f3n"},"content":{"rendered":"<p style=\"text-align: justify;\">En <strong>VSA COMUNICACION<\/strong> inauguramos un nuevo emplazamiento en\u00a0el barrio de Salamanca,\u00a0en la <strong>Plaza Col\u00f3n 1<\/strong>, sobre el Paseo de la Castellana.<\/p>\n<p style=\"text-align: justify;\">Se trata, sin duda, de uno de los mejores emplazamientos de la ciudad, ideal para la campa\u00f1a de publicidad exterior de <strong>TOMMY HILFIGER\u00a0<\/strong>y esta fant\u00e1stica<strong> lona publicitaria\u00a0<\/strong>para presentar la\u00a0primera colecci\u00f3n c\u00e1psula del famoso piloto de F\u00f3rmula 1, <strong>Lewis Hamilton: TOMMYXLEWIS<\/strong>.<\/p>\n<p style=\"text-align: justify;\"><a href=\"https:\/\/www.vsacomunicacion.com\/wp-content\/uploads\/2018\/09\/lona-publicitaria-madrid-colon-1-tommy-noche-vsa-comunicacion.jpg\" rel=\"attachment wp-att-4308\"><img fetchpriority=\"high\" decoding=\"async\" class=\"aligncenter size-full wp-image-4308\" src=\"https:\/\/www.vsacomunicacion.com\/wp-content\/uploads\/2018\/09\/lona-publicitaria-madrid-colon-1-tommy-noche-vsa-comunicacion.jpg\" alt=\"lona-publicitaria-madrid-colon-1-tommy-noche-vsa-comunicacion\" width=\"884\" height=\"626\" srcset=\"https:\/\/www.vsacomunicacion.com\/wp-content\/uploads\/2018\/09\/lona-publicitaria-madrid-colon-1-tommy-noche-vsa-comunicacion.jpg 884w, https:\/\/www.vsacomunicacion.com\/wp-content\/uploads\/2018\/09\/lona-publicitaria-madrid-colon-1-tommy-noche-vsa-comunicacion-300x212.jpg 300w, https:\/\/www.vsacomunicacion.com\/wp-content\/uploads\/2018\/09\/lona-publicitaria-madrid-colon-1-tommy-noche-vsa-comunicacion-768x544.jpg 768w\" sizes=\"(max-width: 884px) 100vw, 884px\" \/><\/a><\/p>\n<p>El nuevo emplazamiento de VSA COMUNICACION cuenta con el tr\u00e1fico rodado m\u00e1s alto de la capital, m\u00e1s de 200.000 veh\u00edculos diarios. Adem\u00e1s se trata de uno de los sitios m\u00e1s visitados de\u00a0 Madrid dada su cercan\u00eda\u00a0a espacios tan importantes\u00a0como la Biblioteca Nacional, el Monumento de Col\u00f3n, el Centro Cultural Fern\u00e1n G\u00f3mez,\u00a0entre muchos otros.<\/p>\n<p style=\"text-align: justify;\">Completamente visible y frontal al tr\u00e1fico del Paseo de la Castellana direcci\u00f3n sur y a los veh\u00edculos procedentes de la calle Goya. Y visible desde la calle Serrano y sus prestigiosas tiendas de lujo.<\/p>\n<p style=\"text-align: justify;\">La tecnolog\u00eda LED de sus focos le dan, adem\u00e1s, una mayor visibilidad.<\/p>\n<p style=\"text-align: justify;\"><a href=\"https:\/\/www.vsacomunicacion.com\/wp-content\/uploads\/2018\/09\/lona-publicitaria-madrid-colon-1-tommy-dia-2-vsa-comunicacion.jpg\" rel=\"attachment wp-att-4309\"><img decoding=\"async\" class=\"aligncenter size-full wp-image-4309\" src=\"https:\/\/www.vsacomunicacion.com\/wp-content\/uploads\/2018\/09\/lona-publicitaria-madrid-colon-1-tommy-dia-2-vsa-comunicacion.jpg\" alt=\"lona-publicitaria-madrid-colon-1-tommy-dia-2-vsa-comunicacion\" width=\"884\" height=\"626\" srcset=\"https:\/\/www.vsacomunicacion.com\/wp-content\/uploads\/2018\/09\/lona-publicitaria-madrid-colon-1-tommy-dia-2-vsa-comunicacion.jpg 884w, https:\/\/www.vsacomunicacion.com\/wp-content\/uploads\/2018\/09\/lona-publicitaria-madrid-colon-1-tommy-dia-2-vsa-comunicacion-300x212.jpg 300w, https:\/\/www.vsacomunicacion.com\/wp-content\/uploads\/2018\/09\/lona-publicitaria-madrid-colon-1-tommy-dia-2-vsa-comunicacion-768x544.jpg 768w\" sizes=\"(max-width: 884px) 100vw, 884px\" \/><\/a><\/p>\n<p style=\"text-align: justify;\"><strong>TOMMY HILFIGER<\/strong> ha lanzado la primera colecci\u00f3n c\u00e1psula de <strong>LEWIS HAMILTON: TOMMYXLEWIS<\/strong>, inspirada en sus tatuajes, el estilo urbano y el 44, su n\u00famero de la suerte, para reinterpretar los cl\u00e1sicos americanos.<\/p>\n<p style=\"text-align: justify;\">Explora y elige los looks imprescindibles de la nueva colecci\u00f3n en su <a href=\"https:\/\/es.tommy.com\/tommy-x-lewis\" target=\"_blank\" rel=\"noopener\">web<\/a>!!\u00a0Encontrar\u00e1 colores vibrantes, influencias deportivas y prendas cl\u00e1sicas reversionadas por Lewis.<\/p>\n","protected":false},"excerpt":{"rendered":"<p>En VSA COMUNICACION inauguramos un nuevo emplazamiento en\u00a0el barrio de Salamanca,\u00a0en la Plaza Col\u00f3n 1, sobre el Paseo de la Castellana. Se trata, sin duda, de uno de los mejores emplazamientos de la ciudad, ideal para la campa\u00f1a de publicidad [&hellip;]<\/p>\n","protected":false},"author":3,"featured_media":7658,"comment_status":"open","ping_status":"open","sticky":false,"template":"","format":"standard","meta":{"inline_featured_image":false,"footnotes":""},"categories":[1488,1489],"tags":[2032,1704,1664,1705,1706,1701,1708,2033,1693,1694,2034,1680,1609,1611,1499,1565,1585,1599,1586,2035,1671],"class_list":["post-11917","post","type-post","status-publish","format-standard","has-post-thumbnail","hentry","category-lonas-publicitarias-en","category-madrid-en","tag-tommyxlewis-en","tag-alto-prestigio-publicitario-en","tag-campana-publicitaria-en","tag-centro-ciudad-en","tag-emplazamiento-premium-en","tag-espectacular-en","tag-formato-espectacular-en","tag-formula-1-en","tag-gran-formato-en","tag-gran-notoriedad-en","tag-lewis-hamilton-en","tag-lona-espectacular-en","tag-lonas-publicitarias-2-en","tag-lonas-publicitarias-madrid-en","tag-madrid-en","tag-publicidad-ciudades-en","tag-publicidad-exterior-en","tag-publicidad-gran-formato-en","tag-publicidad-urbana-en","tag-tommy-hilfiger-en","tag-trafico-rodado-en"],"_links":{"self":[{"href":"https:\/\/www.vsacomunicacion.com\/en\/wp-json\/wp\/v2\/posts\/11917"}],"collection":[{"href":"https:\/\/www.vsacomunicacion.com\/en\/wp-json\/wp\/v2\/posts"}],"about":[{"href":"https:\/\/www.vsacomunicacion.com\/en\/wp-json\/wp\/v2\/types\/post"}],"author":[{"embeddable":true,"href":"https:\/\/www.vsacomunicacion.com\/en\/wp-json\/wp\/v2\/users\/3"}],"replies":[{"embeddable":true,"href":"https:\/\/www.vsacomunicacion.com\/en\/wp-json\/wp\/v2\/comments?post=11917"}],"version-history":[{"count":0,"href":"https:\/\/www.vsacomunicacion.com\/en\/wp-json\/wp\/v2\/posts\/11917\/revisions"}],"wp:featuredmedia":[{"embeddable":true,"href":"https:\/\/www.vsacomunicacion.com\/en\/wp-json\/wp\/v2\/media\/7658"}],"wp:attachment":[{"href":"https:\/\/www.vsacomunicacion.com\/en\/wp-json\/wp\/v2\/media?parent=11917"}],"wp:term":[{"taxonomy":"category","embeddable":true,"href":"https:\/\/www.vsacomunicacion.com\/en\/wp-json\/wp\/v2\/categories?post=11917"},{"taxonomy":"post_tag","embeddable":true,"href":"https:\/\/www.vsacomunicacion.com\/en\/wp-json\/wp\/v2\/tags?post=11917"}],"curies":[{"name":"wp","href":"https:\/\/api.w.org\/{rel}","templated":true}]}}