{"id":11928,"date":"2018-09-10T15:08:13","date_gmt":"2018-09-10T15:08:13","guid":{"rendered":"https:\/\/www.vsacomunicacion.com\/lona-publicitaria-de-michael-kors-en-barcelona\/"},"modified":"2018-09-10T15:08:13","modified_gmt":"2018-09-10T15:08:13","slug":"lona-publicitaria-de-michael-kors-en-barcelona","status":"publish","type":"post","link":"https:\/\/www.vsacomunicacion.com\/en\/lona-publicitaria-de-michael-kors-en-barcelona\/","title":{"rendered":"Lona Publicitaria de MICHAEL KORS en Barcelona"},"content":{"rendered":"<p style=\"text-align: justify;\">Nos despedimos del emplazamiento Premium de <strong>VSA COMUNICACION<\/strong> de la calle Balmes, 15 de <strong>Barcelona<\/strong> con esta espectacular <strong>lona publicitaria<\/strong> de <strong>MICHAEL KORS<\/strong>, uno de los\u00a0dise\u00f1adores de accesorios de lujo y pr\u00eat-\u00e0-porter m\u00e1s reconocido en todo el mundo y galardonado con varios premios.<\/p>\n<p style=\"text-align: justify;\"><a href=\"https:\/\/www.vsacomunicacion.com\/wp-content\/uploads\/2018\/11\/lona-publicitaria-barcelona-balmes-15-michael-kors-noche-vsa-comunicacion.jpg\" rel=\"attachment wp-att-4283\"><img fetchpriority=\"high\" decoding=\"async\" class=\"aligncenter size-full wp-image-4283\" src=\"https:\/\/www.vsacomunicacion.com\/wp-content\/uploads\/2018\/11\/lona-publicitaria-barcelona-balmes-15-michael-kors-noche-vsa-comunicacion.jpg\" alt=\"lona-publicitaria-barcelona-balmes-15-michael-kors-noche-vsa-comunicacion\" width=\"884\" height=\"626\" srcset=\"https:\/\/www.vsacomunicacion.com\/wp-content\/uploads\/2018\/11\/lona-publicitaria-barcelona-balmes-15-michael-kors-noche-vsa-comunicacion.jpg 884w, https:\/\/www.vsacomunicacion.com\/wp-content\/uploads\/2018\/11\/lona-publicitaria-barcelona-balmes-15-michael-kors-noche-vsa-comunicacion-300x212.jpg 300w, https:\/\/www.vsacomunicacion.com\/wp-content\/uploads\/2018\/11\/lona-publicitaria-barcelona-balmes-15-michael-kors-noche-vsa-comunicacion-768x544.jpg 768w\" sizes=\"(max-width: 884px) 100vw, 884px\" \/><\/a><\/p>\n<p style=\"text-align: justify;\">La firma\u00a0americana, establecida en 1981, tiene una amplia gama de productos: accesorios, calzado, relojes, joyas, colecciones de moda pr\u00eat-\u00e0-porter para hombre y mujer, as\u00ed como una completa l\u00ednea de fragancias.<\/p>\n<p style=\"text-align: justify;\">Sus tiendas est\u00e1n presentes en las ciudades m\u00e1s prestigiosas del mundo, como Nueva York, Beverly Hills, Chicago, Londres, Mil\u00e1n, Par\u00eds, M\u00fanich, Estambul, Dub\u00e1i, Se\u00fal, Tokio, Hong Kong, Shangh\u00e1i y R\u00edo de Janeiro.<\/p>\n<p style=\"text-align: justify;\"><a href=\"https:\/\/www.vsacomunicacion.com\/wp-content\/uploads\/2018\/11\/lona-publicitaria-barcelona-balmes-15-michael-kors-dia-vsa-comunicacion.jpg\" rel=\"attachment wp-att-4282\"><img decoding=\"async\" class=\"aligncenter size-full wp-image-4282\" src=\"https:\/\/www.vsacomunicacion.com\/wp-content\/uploads\/2018\/11\/lona-publicitaria-barcelona-balmes-15-michael-kors-dia-vsa-comunicacion.jpg\" alt=\"lona-publicitaria-barcelona-balmes-15-michael-kors-dia-vsa-comunicacion\" width=\"884\" height=\"626\" srcset=\"https:\/\/www.vsacomunicacion.com\/wp-content\/uploads\/2018\/11\/lona-publicitaria-barcelona-balmes-15-michael-kors-dia-vsa-comunicacion.jpg 884w, https:\/\/www.vsacomunicacion.com\/wp-content\/uploads\/2018\/11\/lona-publicitaria-barcelona-balmes-15-michael-kors-dia-vsa-comunicacion-300x212.jpg 300w, https:\/\/www.vsacomunicacion.com\/wp-content\/uploads\/2018\/11\/lona-publicitaria-barcelona-balmes-15-michael-kors-dia-vsa-comunicacion-768x544.jpg 768w\" sizes=\"(max-width: 884px) 100vw, 884px\" \/><\/a><\/p>\n<p style=\"text-align: justify;\">En el prestigioso Paseo de Gracia de\u00a0la ciudad condal\u00a0encontrar\u00e1s la elegante tienda de <strong>MICHAEL KORS<\/strong>, de visita obligada para todos los amantes de la moda, inmersa en la Barcelona m\u00e1s chic y\u00a0rodeada\u00a0de destacadas obras de\u00a0arquitectura modernista.<\/p>\n<p style=\"text-align: justify;\">Tambi\u00e9n encontrar\u00e1s los mejores art\u00edculos de un dise\u00f1ador \u00fanico, con un sentido innato del glamour y un criterio infalible para reflejar el estilo chic m\u00e1s atemporal en su web\u00a0<strong><a href=\"https:\/\/www.michaelkors.es\/\" target=\"_blank\" rel=\"noopener\">https:\/\/www.michaelkors.com <\/a><\/strong>y\u00a0en\u00a0los Centros Comerciales de El Corte Ingl\u00e9s de Diagonal y Plaza Catalu\u00f1a.<\/p>\n<p style=\"text-align: justify;\"><strong>MICHAEL KORS<\/strong> es <em>noches eternas<\/em>, <em>b\u00e1sicos modernos<\/em> y la <em>opulencia deportiva<\/em>.\u00a0\u00bfCu\u00e1l es tu opci\u00f3n favorita?<\/p>\n","protected":false},"excerpt":{"rendered":"<p>Nos despedimos del emplazamiento Premium de VSA COMUNICACION de la calle Balmes, 15 de Barcelona con esta espectacular lona publicitaria de MICHAEL KORS, uno de los\u00a0dise\u00f1adores de accesorios de lujo y pr\u00eat-\u00e0-porter m\u00e1s reconocido en todo el mundo y galardonado [&hellip;]<\/p>\n","protected":false},"author":3,"featured_media":7650,"comment_status":"open","ping_status":"open","sticky":false,"template":"","format":"standard","meta":{"inline_featured_image":false,"footnotes":""},"categories":[1506,1488],"tags":[1704,1736,1516,1664,1706,1708,1693,1694,1656,1609,1581,1892,1565,1585,1599,1586,1671],"class_list":["post-11928","post","type-post","status-publish","format-standard","has-post-thumbnail","hentry","category-barcelona-en","category-lonas-publicitarias-en","tag-alto-prestigio-publicitario-en","tag-balmes-en","tag-barcelona-en","tag-campana-publicitaria-en","tag-emplazamiento-premium-en","tag-formato-espectacular-en","tag-gran-formato-en","tag-gran-notoriedad-en","tag-lonas-gran-formato-en","tag-lonas-publicitarias-2-en","tag-lonas-publicitarias-barcelona-en","tag-michael-kors-en","tag-publicidad-ciudades-en","tag-publicidad-exterior-en","tag-publicidad-gran-formato-en","tag-publicidad-urbana-en","tag-trafico-rodado-en"],"_links":{"self":[{"href":"https:\/\/www.vsacomunicacion.com\/en\/wp-json\/wp\/v2\/posts\/11928"}],"collection":[{"href":"https:\/\/www.vsacomunicacion.com\/en\/wp-json\/wp\/v2\/posts"}],"about":[{"href":"https:\/\/www.vsacomunicacion.com\/en\/wp-json\/wp\/v2\/types\/post"}],"author":[{"embeddable":true,"href":"https:\/\/www.vsacomunicacion.com\/en\/wp-json\/wp\/v2\/users\/3"}],"replies":[{"embeddable":true,"href":"https:\/\/www.vsacomunicacion.com\/en\/wp-json\/wp\/v2\/comments?post=11928"}],"version-history":[{"count":0,"href":"https:\/\/www.vsacomunicacion.com\/en\/wp-json\/wp\/v2\/posts\/11928\/revisions"}],"wp:featuredmedia":[{"embeddable":true,"href":"https:\/\/www.vsacomunicacion.com\/en\/wp-json\/wp\/v2\/media\/7650"}],"wp:attachment":[{"href":"https:\/\/www.vsacomunicacion.com\/en\/wp-json\/wp\/v2\/media?parent=11928"}],"wp:term":[{"taxonomy":"category","embeddable":true,"href":"https:\/\/www.vsacomunicacion.com\/en\/wp-json\/wp\/v2\/categories?post=11928"},{"taxonomy":"post_tag","embeddable":true,"href":"https:\/\/www.vsacomunicacion.com\/en\/wp-json\/wp\/v2\/tags?post=11928"}],"curies":[{"name":"wp","href":"https:\/\/api.w.org\/{rel}","templated":true}]}}