{"id":11935,"date":"2018-08-05T08:13:21","date_gmt":"2018-08-05T08:13:21","guid":{"rendered":"https:\/\/www.vsacomunicacion.com\/pym-de-idealista-en-madrid-2\/"},"modified":"2018-08-05T08:13:21","modified_gmt":"2018-08-05T08:13:21","slug":"pym-de-idealista-en-madrid-2","status":"publish","type":"post","link":"https:\/\/www.vsacomunicacion.com\/en\/pym-de-idealista-en-madrid-2\/","title":{"rendered":"Pym de IDEALISTA en Madrid"},"content":{"rendered":"<p style=\"text-align: justify;\"><strong>IDEALISTA<\/strong>, el portal inmobiliario que te aporta transparencia en el proceso de b\u00fasqueda de casa, ha elegido la<strong> pym<\/strong> ubicada en la Avenida Pio XII en <strong>Madrid<\/strong> de <strong>VSA COMUNICACION<\/strong> por su ubicaci\u00f3n, visibilidad y alto n\u00famero de impactos.<\/p>\n<p style=\"text-align: justify;\">Se trata de un emplazamiento ubicado en la Zona Norte de la ciudad, con visibilidad frontal desde los carriles de la M-30, con alt\u00edsimo tr\u00e1fico rodado diario, perfecto para una campa\u00f1a de publicidad exterior que pretenda\u00a0no pasar desapercibida.<\/p>\n<p><a href=\"https:\/\/www.vsacomunicacion.com\/wp-content\/uploads\/2019\/01\/pym-madrid-avenida-pio-xii-92-idealista-dia-vsa-comunicacion.jpg\" rel=\"attachment wp-att-4547\"><img fetchpriority=\"high\" decoding=\"async\" class=\"aligncenter size-full wp-image-4547\" src=\"https:\/\/www.vsacomunicacion.com\/wp-content\/uploads\/2019\/01\/pym-madrid-avenida-pio-xii-92-idealista-dia-vsa-comunicacion.jpg\" alt=\"pym-madrid-avenida-pio-xii-92-idealista-dia-vsa-comunicacion\" width=\"884\" height=\"626\" srcset=\"https:\/\/www.vsacomunicacion.com\/wp-content\/uploads\/2019\/01\/pym-madrid-avenida-pio-xii-92-idealista-dia-vsa-comunicacion.jpg 884w, https:\/\/www.vsacomunicacion.com\/wp-content\/uploads\/2019\/01\/pym-madrid-avenida-pio-xii-92-idealista-dia-vsa-comunicacion-300x212.jpg 300w, https:\/\/www.vsacomunicacion.com\/wp-content\/uploads\/2019\/01\/pym-madrid-avenida-pio-xii-92-idealista-dia-vsa-comunicacion-768x544.jpg 768w\" sizes=\"(max-width: 884px) 100vw, 884px\" \/><\/a><\/p>\n<p style=\"text-align: justify;\"><b>IDEALISTA<\/b>\u00a0es una compa\u00f1\u00eda espa\u00f1ola fundada el\u00a0a\u00f1o\u00a02000\u00a0y ofrece a trav\u00e9s de\u00a0Internet\u00a0entre otros los servicios de\u00a0portal inmobiliario\u00a0en Espa\u00f1a, Italia y Portugal.<\/p>\n<p style=\"text-align: justify;\">Utilizan las mejores tecnolog\u00edas y las apoyan con metodolog\u00edas\u00a0\u00e1giles. Llevan la experimentaci\u00f3n y el\u00a0I+D+I en sus genes\u00a0pues la innovaci\u00f3n en realidad es\u00a0su pan de cada d\u00eda.<\/p>\n<p style=\"text-align: justify;\">Les gusta trabajar con gente brillante, que lucha por mejorar constantemente las cosas y que trabajan duro sin perder nunca la sonrisa.\u00a0Personas\u00a0de todos sitios y todo tipo, cada persona distinta pero todas compartiendo los valores de respeto e integridad.<\/p>\n<p style=\"text-align: justify;\"><a href=\"https:\/\/www.vsacomunicacion.com\/wp-content\/uploads\/2019\/01\/pym-madrid-avenida-pio-xii-92-idealista-noche-vsa-comunicacion.jpg\" rel=\"attachment wp-att-4548\"><img decoding=\"async\" class=\"aligncenter size-full wp-image-4548\" src=\"https:\/\/www.vsacomunicacion.com\/wp-content\/uploads\/2019\/01\/pym-madrid-avenida-pio-xii-92-idealista-noche-vsa-comunicacion.jpg\" alt=\"pym-madrid-avenida-pio-xii-92-idealista-noche-vsa-comunicacion\" width=\"884\" height=\"626\" srcset=\"https:\/\/www.vsacomunicacion.com\/wp-content\/uploads\/2019\/01\/pym-madrid-avenida-pio-xii-92-idealista-noche-vsa-comunicacion.jpg 884w, https:\/\/www.vsacomunicacion.com\/wp-content\/uploads\/2019\/01\/pym-madrid-avenida-pio-xii-92-idealista-noche-vsa-comunicacion-300x212.jpg 300w, https:\/\/www.vsacomunicacion.com\/wp-content\/uploads\/2019\/01\/pym-madrid-avenida-pio-xii-92-idealista-noche-vsa-comunicacion-768x544.jpg 768w\" sizes=\"(max-width: 884px) 100vw, 884px\" \/><\/a><\/p>\n<p>Lo que ves es lo que hay: no tienen despachos ni s\u00edmbolos de estatus, \u00bfPara qu\u00e9 si todos respiramos el mismo aire?<\/p>\n<p><em>\u00bfBuscas casa? Con IDEALISTA es m\u00e1s f\u00e1cil!!<\/em><\/p>\n","protected":false},"excerpt":{"rendered":"<p>IDEALISTA, el portal inmobiliario que te aporta transparencia en el proceso de b\u00fasqueda de casa, ha elegido la pym ubicada en la Avenida Pio XII en Madrid de VSA COMUNICACION por su ubicaci\u00f3n, visibilidad y alto n\u00famero de impactos. Se [&hellip;]<\/p>\n","protected":false},"author":3,"featured_media":7727,"comment_status":"open","ping_status":"open","sticky":false,"template":"","format":"standard","meta":{"inline_featured_image":false,"footnotes":""},"categories":[1489,1593],"tags":[1704,1664,1705,1701,1693,1694,1703,1499,1565,1585,1599,1586,1676,1677,1671],"class_list":["post-11935","post","type-post","status-publish","format-standard","has-post-thumbnail","hentry","category-madrid-en","category-pyms-en","tag-alto-prestigio-publicitario-en","tag-campana-publicitaria-en","tag-centro-ciudad-en","tag-espectacular-en","tag-gran-formato-en","tag-gran-notoriedad-en","tag-idealista-en","tag-madrid-en","tag-publicidad-ciudades-en","tag-publicidad-exterior-en","tag-publicidad-gran-formato-en","tag-publicidad-urbana-en","tag-pyms-2-en","tag-pyms-madrid-en","tag-trafico-rodado-en"],"_links":{"self":[{"href":"https:\/\/www.vsacomunicacion.com\/en\/wp-json\/wp\/v2\/posts\/11935"}],"collection":[{"href":"https:\/\/www.vsacomunicacion.com\/en\/wp-json\/wp\/v2\/posts"}],"about":[{"href":"https:\/\/www.vsacomunicacion.com\/en\/wp-json\/wp\/v2\/types\/post"}],"author":[{"embeddable":true,"href":"https:\/\/www.vsacomunicacion.com\/en\/wp-json\/wp\/v2\/users\/3"}],"replies":[{"embeddable":true,"href":"https:\/\/www.vsacomunicacion.com\/en\/wp-json\/wp\/v2\/comments?post=11935"}],"version-history":[{"count":0,"href":"https:\/\/www.vsacomunicacion.com\/en\/wp-json\/wp\/v2\/posts\/11935\/revisions"}],"wp:featuredmedia":[{"embeddable":true,"href":"https:\/\/www.vsacomunicacion.com\/en\/wp-json\/wp\/v2\/media\/7727"}],"wp:attachment":[{"href":"https:\/\/www.vsacomunicacion.com\/en\/wp-json\/wp\/v2\/media?parent=11935"}],"wp:term":[{"taxonomy":"category","embeddable":true,"href":"https:\/\/www.vsacomunicacion.com\/en\/wp-json\/wp\/v2\/categories?post=11935"},{"taxonomy":"post_tag","embeddable":true,"href":"https:\/\/www.vsacomunicacion.com\/en\/wp-json\/wp\/v2\/tags?post=11935"}],"curies":[{"name":"wp","href":"https:\/\/api.w.org\/{rel}","templated":true}]}}