{"id":11938,"date":"2018-08-01T15:41:45","date_gmt":"2018-08-01T15:41:45","guid":{"rendered":"https:\/\/www.vsacomunicacion.com\/lona-publicitaria-de-huawei-en-sevilla\/"},"modified":"2018-08-01T15:41:45","modified_gmt":"2018-08-01T15:41:45","slug":"lona-publicitaria-de-huawei-en-sevilla","status":"publish","type":"post","link":"https:\/\/www.vsacomunicacion.com\/en\/lona-publicitaria-de-huawei-en-sevilla\/","title":{"rendered":"Lona Publicitaria de HUAWEI en Sevilla"},"content":{"rendered":"<p style=\"text-align: justify;\">Tras conseguir, el distinguido artista Eugenio Recuenco, la mayor fotograf\u00eda jam\u00e1s captada por un tel\u00e9fono m\u00f3vil a trav\u00e9s de su <strong>HUAWEI P20 PRO<\/strong>, y plasmada en la lona publicitaria de<strong> HUAWEI<\/strong> en el impresionante emplazamiento de <strong>VSA COMUNICACION<\/strong> en la <a href=\"https:\/\/www.vsacomunicacion.com\/lona-huawei-en-la-plaza-espana-de-madrid\/\">Plaza Espa\u00f1a <\/a>de Madrid, llega el turno de mostrar\u00a0esta magn\u00edfica obra para su campa\u00f1a de publicidad exterior con\u00a0la <strong>lona publicitaria<\/strong>\u00a0ubicada en\u00a0la calle San Francisco Javier\u00a0de<strong>\u00a0Sevilla<\/strong>.<\/p>\n<p><a href=\"https:\/\/www.vsacomunicacion.com\/wp-content\/uploads\/2018\/09\/lona-publicitaria-sevilla-san-francisco-javier-25-cabify-lateral-vsa-comunicacion.jpg\" rel=\"attachment wp-att-4263\"><img fetchpriority=\"high\" decoding=\"async\" class=\"aligncenter size-full wp-image-4263\" src=\"https:\/\/www.vsacomunicacion.com\/wp-content\/uploads\/2018\/09\/lona-publicitaria-sevilla-san-francisco-javier-25-cabify-lateral-vsa-comunicacion.jpg\" alt=\"lona-publicitaria-sevilla-san-francisco-javier-25-cabify-lateral-vsa-comunicacion\" width=\"884\" height=\"626\" srcset=\"https:\/\/www.vsacomunicacion.com\/wp-content\/uploads\/2018\/09\/lona-publicitaria-sevilla-san-francisco-javier-25-cabify-lateral-vsa-comunicacion.jpg 884w, https:\/\/www.vsacomunicacion.com\/wp-content\/uploads\/2018\/09\/lona-publicitaria-sevilla-san-francisco-javier-25-cabify-lateral-vsa-comunicacion-300x212.jpg 300w, https:\/\/www.vsacomunicacion.com\/wp-content\/uploads\/2018\/09\/lona-publicitaria-sevilla-san-francisco-javier-25-cabify-lateral-vsa-comunicacion-768x544.jpg 768w\" sizes=\"(max-width: 884px) 100vw, 884px\" \/><\/a><\/p>\n<p style=\"text-align: justify;\">El nuevo emplazamiento de gran formato de <strong>VSA COMUNICACION<\/strong> est\u00e1 situado en pleno centro de la\u00a0capital hispalense\u00a0junto a\u00a0variados comercios,\u00a0cines, cafeter\u00edas y dem\u00e1s servicios\u00a0as\u00ed como de las firmas de m\u00e1s prestigio, .<\/p>\n<p style=\"text-align: justify;\">Es tambi\u00e9n un destacado centro empresarial y comercial, rodeado por los edificios de oficinas m\u00e1s importantes de la ciudad y muy pr\u00f3ximo al estadio de f\u00fatbol Ram\u00f3n S\u00e1nchez Pizju\u00e1n.<\/p>\n<p style=\"text-align: justify;\">Presentes tambi\u00e9n importantes centros de ense\u00f1anza: Campus Universidad, Colegios y Centros religiosos. Cl\u00ednicas, Hospitales y consultas.<\/p>\n<p><a href=\"https:\/\/www.vsacomunicacion.com\/wp-content\/uploads\/2018\/09\/lona-publicitaria-sevilla-san-francisco-javier-25-cabify-frontal-vsa-comunicacion.jpg\" rel=\"attachment wp-att-4264\"><img decoding=\"async\" class=\"aligncenter size-full wp-image-4264\" src=\"https:\/\/www.vsacomunicacion.com\/wp-content\/uploads\/2018\/09\/lona-publicitaria-sevilla-san-francisco-javier-25-cabify-frontal-vsa-comunicacion.jpg\" alt=\"lona-publicitaria-sevilla-san-francisco-javier-25-cabify-frontal-vsa-comunicacion\" width=\"884\" height=\"626\" srcset=\"https:\/\/www.vsacomunicacion.com\/wp-content\/uploads\/2018\/09\/lona-publicitaria-sevilla-san-francisco-javier-25-cabify-frontal-vsa-comunicacion.jpg 884w, https:\/\/www.vsacomunicacion.com\/wp-content\/uploads\/2018\/09\/lona-publicitaria-sevilla-san-francisco-javier-25-cabify-frontal-vsa-comunicacion-300x212.jpg 300w, https:\/\/www.vsacomunicacion.com\/wp-content\/uploads\/2018\/09\/lona-publicitaria-sevilla-san-francisco-javier-25-cabify-frontal-vsa-comunicacion-768x544.jpg 768w\" sizes=\"(max-width: 884px) 100vw, 884px\" \/><\/a><\/p>\n<p style=\"text-align: justify;\">Esta es su fotograf\u00eda n\u00famero 366, y se encuentra dentro de\u00a0su exposici\u00f3n fotogr\u00e1fica de mayor envergadura, denominada 365\u00ba, que se inaugurar\u00e1 el pr\u00f3ximo mes de noviembre en el CEART de Fuenlabrada. Fue captada con el smartphone <strong>HUAWEI P20 PRO<\/strong>, consigue fotos perfectas en todo momento gracias a la tecnolog\u00eda Light Fusion, el zoom h\u00edbrido y su sorprendente rendimiento en condiciones de poca luz.<\/p>\n<p><em>\u201c365 fotograf\u00edas para hablar del presente y del pasado, y una m\u00e1s para mostrar el futuro\u201d<\/em><\/p>\n<p><em><strong>HUAWEI\u00a0P20 PRO<\/strong>,\u00a0la fotograf\u00eda renace hoy!!<\/em><\/p>\n","protected":false},"excerpt":{"rendered":"<p>Tras conseguir, el distinguido artista Eugenio Recuenco, la mayor fotograf\u00eda jam\u00e1s captada por un tel\u00e9fono m\u00f3vil a trav\u00e9s de su HUAWEI P20 PRO, y plasmada en la lona publicitaria de HUAWEI en el impresionante emplazamiento de VSA COMUNICACION en la [&hellip;]<\/p>\n","protected":false},"author":3,"featured_media":7644,"comment_status":"open","ping_status":"open","sticky":false,"template":"","format":"standard","meta":{"inline_featured_image":false,"footnotes":""},"categories":[1488,1695],"tags":[1704,1774,1664,1705,1706,2045,1708,1693,1694,1775,2046,2047,1680,1609,1696,1565,1599,1586,1697,1685],"class_list":["post-11938","post","type-post","status-publish","format-standard","has-post-thumbnail","hentry","category-lonas-publicitarias-en","category-sevilla-en","tag-alto-prestigio-publicitario-en","tag-campana-huawei-en","tag-campana-publicitaria-en","tag-centro-ciudad-en","tag-emplazamiento-premium-en","tag-eugenio-recuenco-en","tag-formato-espectacular-en","tag-gran-formato-en","tag-gran-notoriedad-en","tag-huawei-en","tag-huawei-p20-pro-en","tag-leica-en","tag-lona-espectacular-en","tag-lonas-publicitarias-2-en","tag-lonas-publicitarias-sevilla-en","tag-publicidad-ciudades-en","tag-publicidad-gran-formato-en","tag-publicidad-urbana-en","tag-sevilla-en","tag-smartphone-en"],"_links":{"self":[{"href":"https:\/\/www.vsacomunicacion.com\/en\/wp-json\/wp\/v2\/posts\/11938"}],"collection":[{"href":"https:\/\/www.vsacomunicacion.com\/en\/wp-json\/wp\/v2\/posts"}],"about":[{"href":"https:\/\/www.vsacomunicacion.com\/en\/wp-json\/wp\/v2\/types\/post"}],"author":[{"embeddable":true,"href":"https:\/\/www.vsacomunicacion.com\/en\/wp-json\/wp\/v2\/users\/3"}],"replies":[{"embeddable":true,"href":"https:\/\/www.vsacomunicacion.com\/en\/wp-json\/wp\/v2\/comments?post=11938"}],"version-history":[{"count":0,"href":"https:\/\/www.vsacomunicacion.com\/en\/wp-json\/wp\/v2\/posts\/11938\/revisions"}],"wp:featuredmedia":[{"embeddable":true,"href":"https:\/\/www.vsacomunicacion.com\/en\/wp-json\/wp\/v2\/media\/7644"}],"wp:attachment":[{"href":"https:\/\/www.vsacomunicacion.com\/en\/wp-json\/wp\/v2\/media?parent=11938"}],"wp:term":[{"taxonomy":"category","embeddable":true,"href":"https:\/\/www.vsacomunicacion.com\/en\/wp-json\/wp\/v2\/categories?post=11938"},{"taxonomy":"post_tag","embeddable":true,"href":"https:\/\/www.vsacomunicacion.com\/en\/wp-json\/wp\/v2\/tags?post=11938"}],"curies":[{"name":"wp","href":"https:\/\/api.w.org\/{rel}","templated":true}]}}