{"id":11939,"date":"2018-07-10T12:00:21","date_gmt":"2018-07-10T12:00:21","guid":{"rendered":"https:\/\/www.vsacomunicacion.com\/lona-publicitaria-de-adidas-en-barcelona\/"},"modified":"2018-07-10T12:00:21","modified_gmt":"2018-07-10T12:00:21","slug":"lona-publicitaria-de-adidas-en-barcelona","status":"publish","type":"post","link":"https:\/\/www.vsacomunicacion.com\/en\/lona-publicitaria-de-adidas-en-barcelona\/","title":{"rendered":"Lona Publicitaria de ADIDAS en Barcelona"},"content":{"rendered":"<p style=\"text-align: justify;\">Nueva <strong>lona publicitaria<\/strong> en\u00a0el emplazamiento de<strong>\u00a0VSA COMUNICACION\u00a0<\/strong>junto a\u00a0la playa en\u00a0<strong>Barcelona<\/strong>\u00a0para la campa\u00f1a de publicidad exterior de<strong> ADIDAS,<\/strong>\u00a0en la que nos presenta su modelo de calzado deportivo\u00a0<strong>PARLEY<\/strong>,\u00a0confeccionado\u00a0con\u00a0<strong>PARLEY OCEAN PLASTIC<\/strong>, un material elaborado con desechos pl\u00e1sticos interceptados en playas y comunidades costeras antes de llegar al mar.<\/p>\n<p style=\"text-align: justify;\">El barrio de la Barceloneta se ha convertido en uno de los centros de recreo m\u00e1s habituales para los habitantes de la ciudad y para la gran afluencia\u00a0de turistas, que disfrutan de sus restaurantes frente al mar y de su playa, tanto en invierno como en verano.<\/p>\n<p><a href=\"https:\/\/www.vsacomunicacion.com\/wp-content\/uploads\/2018\/07\/lona-publicitaria-barcelona-plaza-del-mar-1-adidas-noche-vsa-comunicacion.jpg\" rel=\"attachment wp-att-4252\"><img fetchpriority=\"high\" decoding=\"async\" class=\"aligncenter size-full wp-image-4252\" src=\"https:\/\/www.vsacomunicacion.com\/wp-content\/uploads\/2018\/07\/lona-publicitaria-barcelona-plaza-del-mar-1-adidas-noche-vsa-comunicacion.jpg\" alt=\"lona-publicitaria-barcelona-plaza-del-mar-1-adidas-noche-vsa-comunicacion\" width=\"884\" height=\"626\" srcset=\"https:\/\/www.vsacomunicacion.com\/wp-content\/uploads\/2018\/07\/lona-publicitaria-barcelona-plaza-del-mar-1-adidas-noche-vsa-comunicacion.jpg 884w, https:\/\/www.vsacomunicacion.com\/wp-content\/uploads\/2018\/07\/lona-publicitaria-barcelona-plaza-del-mar-1-adidas-noche-vsa-comunicacion-300x212.jpg 300w, https:\/\/www.vsacomunicacion.com\/wp-content\/uploads\/2018\/07\/lona-publicitaria-barcelona-plaza-del-mar-1-adidas-noche-vsa-comunicacion-768x544.jpg 768w\" sizes=\"(max-width: 884px) 100vw, 884px\" \/><\/a><\/p>\n<p style=\"text-align: justify;\"><strong>PARLEY<\/strong> es el lugar en el que los creadores, pensadores y l\u00edderes se unen para concienciar sobre la belleza y la fragilidad de los mares y colaborar en proyectos que pongan fin a su destrucci\u00f3n. Como miembro fundador, ADIDAS apoya a PARLEY en su misi\u00f3n. La colaboraci\u00f3n y la creatividad son claves.<\/p>\n<p style=\"text-align: justify;\"><strong>ADIDAS\u00a0<\/strong>nos anima\u00a0a correr y luchar contra la contaminaci\u00f3n marina\u00a0y formar parte de\u00a0la comunidad <strong>RUN FOR THE OCEANS<\/strong>, aportando as\u00ed, nuestro granito de arena.<\/p>\n<p><a href=\"https:\/\/www.vsacomunicacion.com\/wp-content\/uploads\/2018\/07\/lona-publicitaria-barcelona-plaza-del-mar-1-adidas-dia-vsa-comunicacion.jpg\" rel=\"attachment wp-att-4253\"><img decoding=\"async\" class=\"aligncenter size-full wp-image-4253\" src=\"https:\/\/www.vsacomunicacion.com\/wp-content\/uploads\/2018\/07\/lona-publicitaria-barcelona-plaza-del-mar-1-adidas-dia-vsa-comunicacion.jpg\" alt=\"lona-publicitaria-barcelona-plaza-del-mar-1-adidas-dia-vsa-comunicacion\" width=\"884\" height=\"626\" srcset=\"https:\/\/www.vsacomunicacion.com\/wp-content\/uploads\/2018\/07\/lona-publicitaria-barcelona-plaza-del-mar-1-adidas-dia-vsa-comunicacion.jpg 884w, https:\/\/www.vsacomunicacion.com\/wp-content\/uploads\/2018\/07\/lona-publicitaria-barcelona-plaza-del-mar-1-adidas-dia-vsa-comunicacion-300x212.jpg 300w, https:\/\/www.vsacomunicacion.com\/wp-content\/uploads\/2018\/07\/lona-publicitaria-barcelona-plaza-del-mar-1-adidas-dia-vsa-comunicacion-768x544.jpg 768w\" sizes=\"(max-width: 884px) 100vw, 884px\" \/><\/a><\/p>\n<p style=\"text-align: justify;\">Protegemos lo que amamos, pero solo amamos aquello que conocemos. El dinero recaudado por la iniciativa <strong><em>&#8220;RUN FOR THE OCEANS&#8221;<\/em><\/strong>\u00a0\u00a0(corre por los oc\u00e9anos) servir\u00e1 para implantar el programa escolar <strong>PARLEY OCEAN<\/strong> (PARLEY OCEAN SCHOOL PROGRAM) en las Maldivas. Es una iniciativa educativa que pretende concienciar a los ni\u00f1os para que las pr\u00f3ximas generaciones sean las guardianas de los oc\u00e9anos a trav\u00e9s de experiencias de inmersi\u00f3n en el entorno que tratamos de proteger: los mares.<\/p>\n<p style=\"text-align: justify;\">\n<p><a href=\"https:\/\/www.vsacomunicacion.com\/wp-content\/uploads\/2018\/07\/lona-publicitaria-barcelona-plaza-del-mar-1-adidas-noche-lateral-vsa-comunicacion.jpg\" rel=\"attachment wp-att-4254\"><img decoding=\"async\" class=\"aligncenter size-full wp-image-4254\" src=\"https:\/\/www.vsacomunicacion.com\/wp-content\/uploads\/2018\/07\/lona-publicitaria-barcelona-plaza-del-mar-1-adidas-noche-lateral-vsa-comunicacion.jpg\" alt=\"lona-publicitaria-barcelona-plaza-del-mar-1-adidas-noche-lateral-vsa-comunicacion\" width=\"884\" height=\"626\" srcset=\"https:\/\/www.vsacomunicacion.com\/wp-content\/uploads\/2018\/07\/lona-publicitaria-barcelona-plaza-del-mar-1-adidas-noche-lateral-vsa-comunicacion.jpg 884w, https:\/\/www.vsacomunicacion.com\/wp-content\/uploads\/2018\/07\/lona-publicitaria-barcelona-plaza-del-mar-1-adidas-noche-lateral-vsa-comunicacion-300x212.jpg 300w, https:\/\/www.vsacomunicacion.com\/wp-content\/uploads\/2018\/07\/lona-publicitaria-barcelona-plaza-del-mar-1-adidas-noche-lateral-vsa-comunicacion-768x544.jpg 768w\" sizes=\"(max-width: 884px) 100vw, 884px\" \/><\/a><\/p>\n<p style=\"text-align: justify;\"><strong>ADIDAS<\/strong> consigui\u00f3 que el pasado mes de junio 924.237\u00a0personas de todo el mundo se unieran para convertir la iniciativa <strong><em>&#8220;RUN FOR THE OCEANS&#8221;<\/em><\/strong>\u00a0en un \u00e9xito y est\u00e1n muy agradecidos\u00a0a todos los que recorrieron kil\u00f3metros y ayudaron a concienciar al mundo apoyando el programa PARLEY OCEAN PLASTIC.<\/p>\n<p style=\"text-align: justify;\">Una causa, un movimiento. Los \u00c1ngeles, Hong Kong, London, Barcelona, Berl\u00edn, Shanghai, Sao Paulo, Toronto, New York, Milan, Tokyo, Chengdu, Dubai, Par\u00eds, una bandera!! X corredores, x kil\u00f3metros, cada kil\u00f3metro cuenta por los oc\u00e9anos.<\/p>\n<p style=\"text-align: justify;\"><em>Un par de zapatillas evita que aproximadamente once botellas de pl\u00e1stico acaben en nuestros mares!<\/em><\/p>\n","protected":false},"excerpt":{"rendered":"<p>Nueva lona publicitaria en\u00a0el emplazamiento de\u00a0VSA COMUNICACION\u00a0junto a\u00a0la playa en\u00a0Barcelona\u00a0para la campa\u00f1a de publicidad exterior de ADIDAS,\u00a0en la que nos presenta su modelo de calzado deportivo\u00a0PARLEY,\u00a0confeccionado\u00a0con\u00a0PARLEY OCEAN PLASTIC, un material elaborado con desechos pl\u00e1sticos interceptados en playas y comunidades costeras [&hellip;]<\/p>\n","protected":false},"author":3,"featured_media":7642,"comment_status":"open","ping_status":"open","sticky":false,"template":"","format":"standard","meta":{"inline_featured_image":false,"footnotes":""},"categories":[1506,1488],"tags":[1689,1704,1516,1664,1705,2048,1706,1708,1693,1694,1609,1581,2049,2050,2051,1565,1585,1599,1586,1841,1671],"class_list":["post-11939","post","type-post","status-publish","format-standard","has-post-thumbnail","hentry","category-barcelona-en","category-lonas-publicitarias-en","tag-adidas-en","tag-alto-prestigio-publicitario-en","tag-barcelona-en","tag-campana-publicitaria-en","tag-centro-ciudad-en","tag-corre-por-los-oceanos-en","tag-emplazamiento-premium-en","tag-formato-espectacular-en","tag-gran-formato-en","tag-gran-notoriedad-en","tag-lonas-publicitarias-2-en","tag-lonas-publicitarias-barcelona-en","tag-parley-en","tag-parley-ocean-plastic-en","tag-parley-ocean-school-program-en","tag-publicidad-ciudades-en","tag-publicidad-exterior-en","tag-publicidad-gran-formato-en","tag-publicidad-urbana-en","tag-run-for-the-oceans-en","tag-trafico-rodado-en"],"_links":{"self":[{"href":"https:\/\/www.vsacomunicacion.com\/en\/wp-json\/wp\/v2\/posts\/11939"}],"collection":[{"href":"https:\/\/www.vsacomunicacion.com\/en\/wp-json\/wp\/v2\/posts"}],"about":[{"href":"https:\/\/www.vsacomunicacion.com\/en\/wp-json\/wp\/v2\/types\/post"}],"author":[{"embeddable":true,"href":"https:\/\/www.vsacomunicacion.com\/en\/wp-json\/wp\/v2\/users\/3"}],"replies":[{"embeddable":true,"href":"https:\/\/www.vsacomunicacion.com\/en\/wp-json\/wp\/v2\/comments?post=11939"}],"version-history":[{"count":0,"href":"https:\/\/www.vsacomunicacion.com\/en\/wp-json\/wp\/v2\/posts\/11939\/revisions"}],"wp:featuredmedia":[{"embeddable":true,"href":"https:\/\/www.vsacomunicacion.com\/en\/wp-json\/wp\/v2\/media\/7642"}],"wp:attachment":[{"href":"https:\/\/www.vsacomunicacion.com\/en\/wp-json\/wp\/v2\/media?parent=11939"}],"wp:term":[{"taxonomy":"category","embeddable":true,"href":"https:\/\/www.vsacomunicacion.com\/en\/wp-json\/wp\/v2\/categories?post=11939"},{"taxonomy":"post_tag","embeddable":true,"href":"https:\/\/www.vsacomunicacion.com\/en\/wp-json\/wp\/v2\/tags?post=11939"}],"curies":[{"name":"wp","href":"https:\/\/api.w.org\/{rel}","templated":true}]}}