{"id":11940,"date":"2018-07-09T10:24:10","date_gmt":"2018-07-09T10:24:10","guid":{"rendered":"https:\/\/www.vsacomunicacion.com\/circuito-pyms-de-nuevo-centro-en-valencia\/"},"modified":"2018-07-09T10:24:10","modified_gmt":"2018-07-09T10:24:10","slug":"circuito-pyms-de-nuevo-centro-en-valencia","status":"publish","type":"post","link":"https:\/\/www.vsacomunicacion.com\/en\/circuito-pyms-de-nuevo-centro-en-valencia\/","title":{"rendered":"Circuito PYM&#8217;s de NUEVO CENTRO en Valencia"},"content":{"rendered":"<p style=\"text-align: justify;\">Con la llegada del verano&#8230;.Llegan las REBAJAS!!! Y d\u00f3nde mejor que en <strong>NUEVO CENTRO<\/strong>, tu centro comercial preferido en Valencia que, una vez m\u00e1s. conf\u00eda en <strong>VSA COMUNICACION<\/strong> y su fant\u00e1stico y estrat\u00e9gico <strong>Circuito de PYM&#8217;s<\/strong> para su campa\u00f1a de publicidad exterior\u00a0para anunciarte el inicio de sus rebajas.<\/p>\n<p><a href=\"https:\/\/www.vsacomunicacion.com\/wp-content\/uploads\/2018\/07\/pym-valencia-doctor-vila-barbera-nuevo-centro-rebajas-junio-vsa-comunicacion.jpg\" rel=\"attachment wp-att-4247\"><img fetchpriority=\"high\" decoding=\"async\" class=\"aligncenter size-full wp-image-4247\" src=\"https:\/\/www.vsacomunicacion.com\/wp-content\/uploads\/2018\/07\/pym-valencia-doctor-vila-barbera-nuevo-centro-rebajas-junio-vsa-comunicacion.jpg\" alt=\"pym-valencia-doctor-vila-barbera-nuevo-centro-rebajas-junio-vsa-comunicacion\" width=\"884\" height=\"626\" srcset=\"https:\/\/www.vsacomunicacion.com\/wp-content\/uploads\/2018\/07\/pym-valencia-doctor-vila-barbera-nuevo-centro-rebajas-junio-vsa-comunicacion.jpg 884w, https:\/\/www.vsacomunicacion.com\/wp-content\/uploads\/2018\/07\/pym-valencia-doctor-vila-barbera-nuevo-centro-rebajas-junio-vsa-comunicacion-300x212.jpg 300w, https:\/\/www.vsacomunicacion.com\/wp-content\/uploads\/2018\/07\/pym-valencia-doctor-vila-barbera-nuevo-centro-rebajas-junio-vsa-comunicacion-768x544.jpg 768w\" sizes=\"(max-width: 884px) 100vw, 884px\" \/><\/a><\/p>\n<p style=\"text-align: justify;\">Como sabes, <strong>NUEVO CENTRO<\/strong> quiere que toda la familia se divierta yendo al Centro Comercial y, para ello, preparan con gran esmero un sinf\u00edn de actividades. Estos d\u00edas podr\u00e9is acudir a:<\/p>\n<p style=\"text-align: justify;\">Las pequefiestas con actividades y talleres renovados.<\/p>\n<p style=\"text-align: justify;\">El tren natura y los descuentos que puedes conseguir a trav\u00e9s de tus compras.<\/p>\n<p style=\"text-align: justify;\">El torneo de ping-pong.<\/p>\n<p style=\"text-align: justify;\">La exposici\u00f3n plastihistoria de la m\u00fasica:\u00a0La historia de la m\u00fasica en plastilina, un recorrido cronol\u00f3gico, a trav\u00e9s de las distintas escenas, desde la M\u00fasica en la Prehistoria hasta una discoteca del siglo XXI.<\/p>\n<p style=\"text-align: justify;\">Entre muchas otras actividades.<\/p>\n<p><a href=\"https:\/\/www.vsacomunicacion.com\/wp-content\/uploads\/2018\/07\/pym-valencia-mauro-guillem-nuevo-centro-rebajas-junio-vsa-comunicacion.jpg\" rel=\"attachment wp-att-4248\"><img decoding=\"async\" class=\"aligncenter size-full wp-image-4248\" src=\"https:\/\/www.vsacomunicacion.com\/wp-content\/uploads\/2018\/07\/pym-valencia-mauro-guillem-nuevo-centro-rebajas-junio-vsa-comunicacion.jpg\" alt=\"pym-valencia-mauro-guillem-nuevo-centro-rebajas-junio-vsa-comunicacion\" width=\"884\" height=\"626\" srcset=\"https:\/\/www.vsacomunicacion.com\/wp-content\/uploads\/2018\/07\/pym-valencia-mauro-guillem-nuevo-centro-rebajas-junio-vsa-comunicacion.jpg 884w, https:\/\/www.vsacomunicacion.com\/wp-content\/uploads\/2018\/07\/pym-valencia-mauro-guillem-nuevo-centro-rebajas-junio-vsa-comunicacion-300x212.jpg 300w, https:\/\/www.vsacomunicacion.com\/wp-content\/uploads\/2018\/07\/pym-valencia-mauro-guillem-nuevo-centro-rebajas-junio-vsa-comunicacion-768x544.jpg 768w\" sizes=\"(max-width: 884px) 100vw, 884px\" \/><\/a><\/p>\n<p style=\"text-align: justify;\">Acude ya a tu centro comercial preferido, <strong>NUEVO CENTRO<\/strong>!!<\/p>\n<p style=\"text-align: justify;\">Est\u00e1 situado junto al antiguo cauce del r\u00edo Turia, a la Ciudad Sanitaria La Fe y a la Estaci\u00f3n Central de Autobuses\u00a0y lo encontrar\u00e1s\u00a0abierto de lunes a s\u00e1bado de\u00a010h a 22h y los domingos y de 11h a 21h.<\/p>\n","protected":false},"excerpt":{"rendered":"<p>Con la llegada del verano&#8230;.Llegan las REBAJAS!!! Y d\u00f3nde mejor que en NUEVO CENTRO, tu centro comercial preferido en Valencia que, una vez m\u00e1s. conf\u00eda en VSA COMUNICACION y su fant\u00e1stico y estrat\u00e9gico Circuito de PYM&#8217;s para su campa\u00f1a de [&hellip;]<\/p>\n","protected":false},"author":3,"featured_media":7640,"comment_status":"open","ping_status":"open","sticky":false,"template":"","format":"standard","meta":{"inline_featured_image":false,"footnotes":""},"categories":[1593,1640],"tags":[1704,1992,1664,1705,1781,1708,1693,1694,1993,1565,1585,1586,1676,1934,2052,1645],"class_list":["post-11940","post","type-post","status-publish","format-standard","has-post-thumbnail","hentry","category-pyms-en","category-valencia-en","tag-alto-prestigio-publicitario-en","tag-campana-nuevo-centro-en","tag-campana-publicitaria-en","tag-centro-ciudad-en","tag-circuito-urbano-en","tag-formato-espectacular-en","tag-gran-formato-en","tag-gran-notoriedad-en","tag-nuevo-centro-en","tag-publicidad-ciudades-en","tag-publicidad-exterior-en","tag-publicidad-urbana-en","tag-pyms-2-en","tag-pyms-valencia-en","tag-rebajas-en","tag-valencia-en"],"_links":{"self":[{"href":"https:\/\/www.vsacomunicacion.com\/en\/wp-json\/wp\/v2\/posts\/11940"}],"collection":[{"href":"https:\/\/www.vsacomunicacion.com\/en\/wp-json\/wp\/v2\/posts"}],"about":[{"href":"https:\/\/www.vsacomunicacion.com\/en\/wp-json\/wp\/v2\/types\/post"}],"author":[{"embeddable":true,"href":"https:\/\/www.vsacomunicacion.com\/en\/wp-json\/wp\/v2\/users\/3"}],"replies":[{"embeddable":true,"href":"https:\/\/www.vsacomunicacion.com\/en\/wp-json\/wp\/v2\/comments?post=11940"}],"version-history":[{"count":0,"href":"https:\/\/www.vsacomunicacion.com\/en\/wp-json\/wp\/v2\/posts\/11940\/revisions"}],"wp:featuredmedia":[{"embeddable":true,"href":"https:\/\/www.vsacomunicacion.com\/en\/wp-json\/wp\/v2\/media\/7640"}],"wp:attachment":[{"href":"https:\/\/www.vsacomunicacion.com\/en\/wp-json\/wp\/v2\/media?parent=11940"}],"wp:term":[{"taxonomy":"category","embeddable":true,"href":"https:\/\/www.vsacomunicacion.com\/en\/wp-json\/wp\/v2\/categories?post=11940"},{"taxonomy":"post_tag","embeddable":true,"href":"https:\/\/www.vsacomunicacion.com\/en\/wp-json\/wp\/v2\/tags?post=11940"}],"curies":[{"name":"wp","href":"https:\/\/api.w.org\/{rel}","templated":true}]}}