{"id":11943,"date":"2018-07-03T09:09:36","date_gmt":"2018-07-03T09:09:36","guid":{"rendered":"https:\/\/www.vsacomunicacion.com\/lona-publicitaria-del-nuevo-touareg-en-barcelona\/"},"modified":"2018-07-03T09:09:36","modified_gmt":"2018-07-03T09:09:36","slug":"lona-publicitaria-del-nuevo-touareg-en-barcelona","status":"publish","type":"post","link":"https:\/\/www.vsacomunicacion.com\/en\/lona-publicitaria-del-nuevo-touareg-en-barcelona\/","title":{"rendered":"Lona Publicitaria del nuevo TOUAREG en Barcelona"},"content":{"rendered":"<p style=\"text-align: justify;\">Nueva\u00a0<strong>lona publicitaria<\/strong> en el emplazamiento Premium de <strong>VSA COMUNICACION<\/strong> en\u00a0Paseo de Gracia \/ Gran V\u00eda de\u00a0<strong>Barcelona\u00a0<\/strong>para la campa\u00f1a de publicidad exterior de<strong> VOKLSWAGEN<\/strong> presentando\u00a0la tercera generaci\u00f3n del modelo\u00a0<strong>TOUAREG<\/strong>, con un dise\u00f1o \u00fanico y tecnolog\u00eda como nunca la hab\u00edamos visto.<\/p>\n<p><a href=\"https:\/\/www.vsacomunicacion.com\/wp-content\/uploads\/2018\/07\/lona-publicitaria-barcelona-gran-via-corts-catalanes-605-volkswagen-vw-touareg-noche-vsa-comunicacion.jpg\" rel=\"attachment wp-att-4239\"><img fetchpriority=\"high\" decoding=\"async\" class=\"aligncenter size-full wp-image-4239\" src=\"https:\/\/www.vsacomunicacion.com\/wp-content\/uploads\/2018\/07\/lona-publicitaria-barcelona-gran-via-corts-catalanes-605-volkswagen-vw-touareg-noche-vsa-comunicacion.jpg\" alt=\"lona-publicitaria-barcelona-gran-via-corts-catalanes-605-volkswagen-vw-touareg-noche-vsa-comunicacion\" width=\"884\" height=\"626\" srcset=\"https:\/\/www.vsacomunicacion.com\/wp-content\/uploads\/2018\/07\/lona-publicitaria-barcelona-gran-via-corts-catalanes-605-volkswagen-vw-touareg-noche-vsa-comunicacion.jpg 884w, https:\/\/www.vsacomunicacion.com\/wp-content\/uploads\/2018\/07\/lona-publicitaria-barcelona-gran-via-corts-catalanes-605-volkswagen-vw-touareg-noche-vsa-comunicacion-300x212.jpg 300w, https:\/\/www.vsacomunicacion.com\/wp-content\/uploads\/2018\/07\/lona-publicitaria-barcelona-gran-via-corts-catalanes-605-volkswagen-vw-touareg-noche-vsa-comunicacion-768x544.jpg 768w\" sizes=\"(max-width: 884px) 100vw, 884px\" \/><\/a><\/p>\n<p style=\"text-align: justify;\">El nuevo <strong>TOUAREG <\/strong>viene a revolucionar el concepto de SUV tal y como lo conoc\u00edamos. Sus l\u00edneas rectas, sus faros IQ Light LED, un espacio interior sorprendente y el sistema Innovision Cockpit han llegado para llevar tu experiencia de conducci\u00f3n a otro nivel.<\/p>\n<p style=\"text-align: justify;\">Se establece una nueva referencia con su dise\u00f1o expresivo y futurista. Sorpr\u00e9ndete con la gran cantidad de opciones de dise\u00f1o que guarda en su interior y con los detalles que hacen que su exterior sea realmente \u00fanico.<\/p>\n<p style=\"text-align: justify;\"><a href=\"https:\/\/www.vsacomunicacion.com\/wp-content\/uploads\/2018\/07\/lona-publicitaria-barcelona-gran-via-corts-catalanes-605-volkswagen-vw-touareg-dia-vsa-comunicacion.jpg\" rel=\"attachment wp-att-4241\"><img decoding=\"async\" class=\"aligncenter size-full wp-image-4241\" src=\"https:\/\/www.vsacomunicacion.com\/wp-content\/uploads\/2018\/07\/lona-publicitaria-barcelona-gran-via-corts-catalanes-605-volkswagen-vw-touareg-dia-vsa-comunicacion.jpg\" alt=\"lona-publicitaria-barcelona-gran-via-corts-catalanes-605-volkswagen-vw-touareg-dia-vsa-comunicacion\" width=\"884\" height=\"626\" srcset=\"https:\/\/www.vsacomunicacion.com\/wp-content\/uploads\/2018\/07\/lona-publicitaria-barcelona-gran-via-corts-catalanes-605-volkswagen-vw-touareg-dia-vsa-comunicacion.jpg 884w, https:\/\/www.vsacomunicacion.com\/wp-content\/uploads\/2018\/07\/lona-publicitaria-barcelona-gran-via-corts-catalanes-605-volkswagen-vw-touareg-dia-vsa-comunicacion-300x212.jpg 300w, https:\/\/www.vsacomunicacion.com\/wp-content\/uploads\/2018\/07\/lona-publicitaria-barcelona-gran-via-corts-catalanes-605-volkswagen-vw-touareg-dia-vsa-comunicacion-768x544.jpg 768w\" sizes=\"(max-width: 884px) 100vw, 884px\" \/><\/a><\/p>\n<p style=\"text-align: justify;\">Su interior es el resultado de la fusi\u00f3n perfecta entre un potente concepto visual y un gran trabajo por asegurar la mejor experiencia al volante, otorgando una atm\u00f3sfera realmente \u00fanica.<\/p>\n<p style=\"text-align: justify;\">Su techo solar panor\u00e1mico crea una impresionante sensaci\u00f3n de espacio y una agradable iluminaci\u00f3n ambiental en el interior del veh\u00edculo. Una vista clara del cielo y una sensaci\u00f3n de liberad sin l\u00edmites con solo pulsar un bot\u00f3n.<\/p>\n<p style=\"text-align: justify;\">Las nuevas tecnolog\u00edas proporcionan al nuevo <strong>TOUAREG<\/strong> unas caracter\u00edsticas de conducci\u00f3n excepcionales. \u00bfQuieres deportividad o conducir por un emocionante camino? Con este veh\u00edculo puedes hacerlo todo gracias a sus potentes motores!!<\/p>\n<p style=\"text-align: justify;\">Si lo que te apasiona es disfrutar de las curvas su estabilizaci\u00f3n activa de balanceo con control electromec\u00e1nico reduce la inclinaci\u00f3n lateral y la tendencia a subvirar. \u00bfEl resultado? Una conducci\u00f3n y una din\u00e1mica sorprendente.<\/p>\n<p style=\"text-align: justify;\"><a href=\"https:\/\/www.vsacomunicacion.com\/wp-content\/uploads\/2018\/07\/lona-publicitaria-barcelona-gran-via-corts-catalanes-605-volkswagen-vw-touareg-dia-frontal-vsa-comunicacion.jpg\" rel=\"attachment wp-att-4242\"><img decoding=\"async\" class=\"aligncenter size-full wp-image-4242\" src=\"https:\/\/www.vsacomunicacion.com\/wp-content\/uploads\/2018\/07\/lona-publicitaria-barcelona-gran-via-corts-catalanes-605-volkswagen-vw-touareg-dia-frontal-vsa-comunicacion.jpg\" alt=\"lona-publicitaria-barcelona-gran-via-corts-catalanes-605-volkswagen-vw-touareg-dia-frontal-vsa-comunicacion\" width=\"884\" height=\"626\" srcset=\"https:\/\/www.vsacomunicacion.com\/wp-content\/uploads\/2018\/07\/lona-publicitaria-barcelona-gran-via-corts-catalanes-605-volkswagen-vw-touareg-dia-frontal-vsa-comunicacion.jpg 884w, https:\/\/www.vsacomunicacion.com\/wp-content\/uploads\/2018\/07\/lona-publicitaria-barcelona-gran-via-corts-catalanes-605-volkswagen-vw-touareg-dia-frontal-vsa-comunicacion-300x212.jpg 300w, https:\/\/www.vsacomunicacion.com\/wp-content\/uploads\/2018\/07\/lona-publicitaria-barcelona-gran-via-corts-catalanes-605-volkswagen-vw-touareg-dia-frontal-vsa-comunicacion-768x544.jpg 768w\" sizes=\"(max-width: 884px) 100vw, 884px\" \/><\/a><\/p>\n<p style=\"text-align: justify;\">Una comodidad tan grande como el propio veh\u00edculo, una tecnolog\u00eda tan exigente como t\u00fa. Sum\u00e9rgete en la agradable atm\u00f3sfera del nuevo <strong>TOUAREG<\/strong>, descubre su pr\u00e1ctico equipamiento y sus innovadores sistemas y disfruta de una conducci\u00f3n excepcional cada d\u00eda.<\/p>\n","protected":false},"excerpt":{"rendered":"<p>Nueva\u00a0lona publicitaria en el emplazamiento Premium de VSA COMUNICACION en\u00a0Paseo de Gracia \/ Gran V\u00eda de\u00a0Barcelona\u00a0para la campa\u00f1a de publicidad exterior de VOKLSWAGEN presentando\u00a0la tercera generaci\u00f3n del modelo\u00a0TOUAREG, con un dise\u00f1o \u00fanico y tecnolog\u00eda como nunca la hab\u00edamos visto. El [&hellip;]<\/p>\n","protected":false},"author":3,"featured_media":7636,"comment_status":"open","ping_status":"open","sticky":false,"template":"","format":"standard","meta":{"inline_featured_image":false,"footnotes":""},"categories":[1506,1488],"tags":[1704,1516,1664,1705,1706,1708,1693,1694,1656,1609,1581,1565,1585,1599,1586,2053,1671,1955],"class_list":["post-11943","post","type-post","status-publish","format-standard","has-post-thumbnail","hentry","category-barcelona-en","category-lonas-publicitarias-en","tag-alto-prestigio-publicitario-en","tag-barcelona-en","tag-campana-publicitaria-en","tag-centro-ciudad-en","tag-emplazamiento-premium-en","tag-formato-espectacular-en","tag-gran-formato-en","tag-gran-notoriedad-en","tag-lonas-gran-formato-en","tag-lonas-publicitarias-2-en","tag-lonas-publicitarias-barcelona-en","tag-publicidad-ciudades-en","tag-publicidad-exterior-en","tag-publicidad-gran-formato-en","tag-publicidad-urbana-en","tag-touareg-en","tag-trafico-rodado-en","tag-volkswagen-en"],"_links":{"self":[{"href":"https:\/\/www.vsacomunicacion.com\/en\/wp-json\/wp\/v2\/posts\/11943"}],"collection":[{"href":"https:\/\/www.vsacomunicacion.com\/en\/wp-json\/wp\/v2\/posts"}],"about":[{"href":"https:\/\/www.vsacomunicacion.com\/en\/wp-json\/wp\/v2\/types\/post"}],"author":[{"embeddable":true,"href":"https:\/\/www.vsacomunicacion.com\/en\/wp-json\/wp\/v2\/users\/3"}],"replies":[{"embeddable":true,"href":"https:\/\/www.vsacomunicacion.com\/en\/wp-json\/wp\/v2\/comments?post=11943"}],"version-history":[{"count":0,"href":"https:\/\/www.vsacomunicacion.com\/en\/wp-json\/wp\/v2\/posts\/11943\/revisions"}],"wp:featuredmedia":[{"embeddable":true,"href":"https:\/\/www.vsacomunicacion.com\/en\/wp-json\/wp\/v2\/media\/7636"}],"wp:attachment":[{"href":"https:\/\/www.vsacomunicacion.com\/en\/wp-json\/wp\/v2\/media?parent=11943"}],"wp:term":[{"taxonomy":"category","embeddable":true,"href":"https:\/\/www.vsacomunicacion.com\/en\/wp-json\/wp\/v2\/categories?post=11943"},{"taxonomy":"post_tag","embeddable":true,"href":"https:\/\/www.vsacomunicacion.com\/en\/wp-json\/wp\/v2\/tags?post=11943"}],"curies":[{"name":"wp","href":"https:\/\/api.w.org\/{rel}","templated":true}]}}