{"id":11958,"date":"2018-06-14T08:38:51","date_gmt":"2018-06-14T08:38:51","guid":{"rendered":"https:\/\/www.vsacomunicacion.com\/lona-huawei-en-la-plaza-espana-de-madrid\/"},"modified":"2018-06-14T08:38:51","modified_gmt":"2018-06-14T08:38:51","slug":"lona-huawei-en-la-plaza-espana-de-madrid","status":"publish","type":"post","link":"https:\/\/www.vsacomunicacion.com\/en\/lona-huawei-en-la-plaza-espana-de-madrid\/","title":{"rendered":"Lona HUAWEI en la Plaza Espa\u00f1a de Madrid"},"content":{"rendered":"<p style=\"text-align: justify;\"><strong><span class=\"red\">VSA<\/span>\u00a0COMUNICACI\u00d3N<\/strong>\u00a0es una empresa independiente cuya actividad est\u00e1 basada en la explotaci\u00f3n publicitaria de diferentes soportes de alto nivel cualitativo. Desde su fundaci\u00f3n en 1932\u00a0desarrollamos soluciones est\u00e9ticamente bien resueltas que permitan obtener la mejor integraci\u00f3n del soporte publicitario en su entorno y dotamos a nuestros soportes publicitarios de la m\u00e1xima calidad posible.<\/p>\n<p style=\"text-align: justify;\">Mejora del Paisaje Urbano y permanente b\u00fasqueda de la excelencia son nuestra misi\u00f3n y filosof\u00eda. Y la lona publicitaria de HUAWEI\u00a0elegida en su campa\u00f1a de publicidad exterior para su nuevo smartphone <strong>HUAWEI P20 PRO\u00a0<\/strong>en el emplazamiento de la Plaza Espa\u00f1a de Madrid es un claro ejemplo de ello: su majestuosidad, calidad, equilibrio y elegancia hacen\u00a0que este proyecto sea absolutamente espectacular.<\/p>\n<p style=\"text-align: justify;\"><a href=\"https:\/\/www.vsacomunicacion.com\/wp-content\/uploads\/2018\/06\/lona-publicitaria-madrid-plaza-espana-huawei-p20-pro-noche-frontal-vsa-comunicacion.jpg\" rel=\"attachment wp-att-4163\"><img fetchpriority=\"high\" decoding=\"async\" class=\"aligncenter size-full wp-image-4163\" src=\"https:\/\/www.vsacomunicacion.com\/wp-content\/uploads\/2018\/06\/lona-publicitaria-madrid-plaza-espana-huawei-p20-pro-noche-frontal-vsa-comunicacion.jpg\" alt=\"lona-publicitaria-madrid-plaza-espana-huawei-p20-pro-noche-frontal-vsa-comunicacion\" width=\"884\" height=\"626\" srcset=\"https:\/\/www.vsacomunicacion.com\/wp-content\/uploads\/2018\/06\/lona-publicitaria-madrid-plaza-espana-huawei-p20-pro-noche-frontal-vsa-comunicacion.jpg 884w, https:\/\/www.vsacomunicacion.com\/wp-content\/uploads\/2018\/06\/lona-publicitaria-madrid-plaza-espana-huawei-p20-pro-noche-frontal-vsa-comunicacion-300x212.jpg 300w, https:\/\/www.vsacomunicacion.com\/wp-content\/uploads\/2018\/06\/lona-publicitaria-madrid-plaza-espana-huawei-p20-pro-noche-frontal-vsa-comunicacion-768x544.jpg 768w\" sizes=\"(max-width: 884px) 100vw, 884px\" \/><\/a><\/p>\n<p style=\"text-align: justify;\">El reconocido artista Eugenio Recuenco ha\u00a0conseguido\u00a0la mayor fotograf\u00eda jam\u00e1s captada por un tel\u00e9fono m\u00f3vil. Esta es su fotograf\u00eda n\u00famero 366, y se encuentra dentro de\u00a0su exposici\u00f3n fotogr\u00e1fica de mayor envergadura, denominada 365\u00ba, que se inaugurar\u00e1 el pr\u00f3ximo mes de noviembre en el CEART de Fuenlabrada.<\/p>\n<p style=\"text-align: justify;\"><em>&#8220;365 fotograf\u00edas para hablar del presente y del pasado, y una m\u00e1s para mostrar el futuro&#8221;<\/em><\/p>\n<p style=\"text-align: justify;\"><a href=\"https:\/\/www.vsacomunicacion.com\/wp-content\/uploads\/2018\/06\/lona-publicitaria-madrid-plaza-espana-huawei-p20-pro-noche-aerea-vsa-comunicacion.jpg\" rel=\"attachment wp-att-4164\"><img decoding=\"async\" class=\"aligncenter size-full wp-image-4164\" src=\"https:\/\/www.vsacomunicacion.com\/wp-content\/uploads\/2018\/06\/lona-publicitaria-madrid-plaza-espana-huawei-p20-pro-noche-aerea-vsa-comunicacion.jpg\" alt=\"lona-publicitaria-madrid-plaza-espana-huawei-p20-pro-noche-aerea-vsa-comunicacion\" width=\"884\" height=\"626\" srcset=\"https:\/\/www.vsacomunicacion.com\/wp-content\/uploads\/2018\/06\/lona-publicitaria-madrid-plaza-espana-huawei-p20-pro-noche-aerea-vsa-comunicacion.jpg 884w, https:\/\/www.vsacomunicacion.com\/wp-content\/uploads\/2018\/06\/lona-publicitaria-madrid-plaza-espana-huawei-p20-pro-noche-aerea-vsa-comunicacion-300x212.jpg 300w, https:\/\/www.vsacomunicacion.com\/wp-content\/uploads\/2018\/06\/lona-publicitaria-madrid-plaza-espana-huawei-p20-pro-noche-aerea-vsa-comunicacion-768x544.jpg 768w\" sizes=\"(max-width: 884px) 100vw, 884px\" \/><\/a><\/p>\n<p style=\"text-align: justify;\">El sistema de c\u00e1mara de tres lentes de <strong>HUAWEI P20 PRO<\/strong>, dise\u00f1ado en colaboraci\u00f3n con Leica, utiliza la IA para lograr un resultado siempre perfecto consiguiendo triplicar tu creatividad gracias a:<\/p>\n<p style=\"text-align: justify;\">-El Sensor Light Fusion de 40MP para una luminosidad y definici\u00f3n excepcionales,\u00a0produce fotograf\u00edas sorprendentes en condiciones de muy poca luz. Im\u00e1genes con menos ruido, menos grano, mayor definici\u00f3n y contraste.<\/p>\n<p style=\"text-align: justify;\">-La Lente monocroma de 20MP para una profundidad inigualable<\/p>\n<p style=\"text-align: justify;\">-Su Zoom h\u00edbrido 5x\u00a0con el que ahora podr\u00e1s captar m\u00e1s desde lejos, si as\u00ed lo deseas. Acerca el objeto fotografiado sin perder ning\u00fan detalle.<\/p>\n<p style=\"text-align: justify;\"><a href=\"https:\/\/www.vsacomunicacion.com\/wp-content\/uploads\/2018\/06\/lona-publicitaria-madrid-plaza-espana-huawei-p20-pro-dia-frontal-vsa-comunicacion.jpg\" rel=\"attachment wp-att-4162\"><img decoding=\"async\" class=\"aligncenter size-full wp-image-4162\" src=\"https:\/\/www.vsacomunicacion.com\/wp-content\/uploads\/2018\/06\/lona-publicitaria-madrid-plaza-espana-huawei-p20-pro-dia-frontal-vsa-comunicacion.jpg\" alt=\"lona-publicitaria-madrid-plaza-espana-huawei-p20-pro-dia-frontal-vsa-comunicacion\" width=\"884\" height=\"626\" srcset=\"https:\/\/www.vsacomunicacion.com\/wp-content\/uploads\/2018\/06\/lona-publicitaria-madrid-plaza-espana-huawei-p20-pro-dia-frontal-vsa-comunicacion.jpg 884w, https:\/\/www.vsacomunicacion.com\/wp-content\/uploads\/2018\/06\/lona-publicitaria-madrid-plaza-espana-huawei-p20-pro-dia-frontal-vsa-comunicacion-300x212.jpg 300w, https:\/\/www.vsacomunicacion.com\/wp-content\/uploads\/2018\/06\/lona-publicitaria-madrid-plaza-espana-huawei-p20-pro-dia-frontal-vsa-comunicacion-768x544.jpg 768w\" sizes=\"(max-width: 884px) 100vw, 884px\" \/><\/a><\/p>\n<p style=\"text-align: justify;\">Ahora ya podemos sacar fotos perfectas por la noche sin necesidad de tr\u00edpode. <strong>HUAWEI P20 PRO<\/strong> emplea\u00a0la Inteligencia Artificial para estabilizar la imagen y captar im\u00e1genes con unos detalles y una nitidez excepcionales. Adem\u00e1s\u00a0reconoce el objeto fotografiado en tiempo real y ajusta autom\u00e1ticamente la configuraci\u00f3n de la c\u00e1mara para disparar la foto perfecta.\u00a0Gracias al obturador sin retardo y la fabulosa detecci\u00f3n de la acci\u00f3n, inmortalizar\u00e1s con todo lujo de detalles hasta los momentos m\u00e1s fugaces.<\/p>\n<p style=\"text-align: justify;\">Con <strong>HUAWEI P20 PRO\u00a0<\/strong>ya no hace falta ser un experto para obtener resultados profesionales. La IA integrada reconoce la imagen que quieres captar y te ayuda a crear la foto perfecta.<\/p>\n<p><em><strong>HUAWEI\u00a0P20 PRO<\/strong>,\u00a0la fotograf\u00eda renace hoy!!<\/em><\/p>\n","protected":false},"excerpt":{"rendered":"<p>VSA\u00a0COMUNICACI\u00d3N\u00a0es una empresa independiente cuya actividad est\u00e1 basada en la explotaci\u00f3n publicitaria de diferentes soportes de alto nivel cualitativo. Desde su fundaci\u00f3n en 1932\u00a0desarrollamos soluciones est\u00e9ticamente bien resueltas que permitan obtener la mejor integraci\u00f3n del soporte publicitario en su entorno [&hellip;]<\/p>\n","protected":false},"author":3,"featured_media":7614,"comment_status":"open","ping_status":"open","sticky":false,"template":"","format":"standard","meta":{"inline_featured_image":false,"footnotes":""},"categories":[1488,1489],"tags":[1704,1774,1664,1705,1706,1701,2045,1708,1693,1694,1775,2046,1680,1656,1609,1611,1499,1905,1565,1585,1599,1671],"class_list":["post-11958","post","type-post","status-publish","format-standard","has-post-thumbnail","hentry","category-lonas-publicitarias-en","category-madrid-en","tag-alto-prestigio-publicitario-en","tag-campana-huawei-en","tag-campana-publicitaria-en","tag-centro-ciudad-en","tag-emplazamiento-premium-en","tag-espectacular-en","tag-eugenio-recuenco-en","tag-formato-espectacular-en","tag-gran-formato-en","tag-gran-notoriedad-en","tag-huawei-en","tag-huawei-p20-pro-en","tag-lona-espectacular-en","tag-lonas-gran-formato-en","tag-lonas-publicitarias-2-en","tag-lonas-publicitarias-madrid-en","tag-madrid-en","tag-plaza-espana-en","tag-publicidad-ciudades-en","tag-publicidad-exterior-en","tag-publicidad-gran-formato-en","tag-trafico-rodado-en"],"_links":{"self":[{"href":"https:\/\/www.vsacomunicacion.com\/en\/wp-json\/wp\/v2\/posts\/11958"}],"collection":[{"href":"https:\/\/www.vsacomunicacion.com\/en\/wp-json\/wp\/v2\/posts"}],"about":[{"href":"https:\/\/www.vsacomunicacion.com\/en\/wp-json\/wp\/v2\/types\/post"}],"author":[{"embeddable":true,"href":"https:\/\/www.vsacomunicacion.com\/en\/wp-json\/wp\/v2\/users\/3"}],"replies":[{"embeddable":true,"href":"https:\/\/www.vsacomunicacion.com\/en\/wp-json\/wp\/v2\/comments?post=11958"}],"version-history":[{"count":0,"href":"https:\/\/www.vsacomunicacion.com\/en\/wp-json\/wp\/v2\/posts\/11958\/revisions"}],"wp:featuredmedia":[{"embeddable":true,"href":"https:\/\/www.vsacomunicacion.com\/en\/wp-json\/wp\/v2\/media\/7614"}],"wp:attachment":[{"href":"https:\/\/www.vsacomunicacion.com\/en\/wp-json\/wp\/v2\/media?parent=11958"}],"wp:term":[{"taxonomy":"category","embeddable":true,"href":"https:\/\/www.vsacomunicacion.com\/en\/wp-json\/wp\/v2\/categories?post=11958"},{"taxonomy":"post_tag","embeddable":true,"href":"https:\/\/www.vsacomunicacion.com\/en\/wp-json\/wp\/v2\/tags?post=11958"}],"curies":[{"name":"wp","href":"https:\/\/api.w.org\/{rel}","templated":true}]}}