{"id":11960,"date":"2018-06-10T14:39:57","date_gmt":"2018-06-10T14:39:57","guid":{"rendered":"https:\/\/www.vsacomunicacion.com\/lona-publicitaria-de-tezenis-en-barcelona\/"},"modified":"2018-06-10T14:39:57","modified_gmt":"2018-06-10T14:39:57","slug":"lona-publicitaria-de-tezenis-en-barcelona","status":"publish","type":"post","link":"https:\/\/www.vsacomunicacion.com\/en\/lona-publicitaria-de-tezenis-en-barcelona\/","title":{"rendered":"Lona Publicitaria de TEZENIS en Barcelona"},"content":{"rendered":"<p style=\"text-align: justify;\">Nuevo emplazamiento de <strong>VSA COMUNICACION<\/strong> en <strong>Barcelona<\/strong> con una magn\u00edfica visibilidad, desde el Paseo Mar\u00edtimo, la playa y el Paseo San Juan de Borb\u00f3n, gracias a\u00a0las grandes dimensiones y altura del edificio y a su espl\u00e9ndida ubicaci\u00f3n\u00a0frente a la playa de la Barceloneta.<\/p>\n<p style=\"text-align: justify;\">Y, ahora que parece que finalmente el calor llega a la ciudad condal, y se acerca el verano, es hora de pensar en los bikinis y ba\u00f1adores, y no vemos mejor forma de darle la bienvenida que con esta fant\u00e1stica lona publicitaria de <strong>TEZENIS<\/strong> promocionando la ropa de ba\u00f1o de la mando de su fant\u00e1stica embajadora,\u00a0<strong>Dulceida<\/strong>.<\/p>\n<p style=\"text-align: justify;\"><a href=\"https:\/\/www.vsacomunicacion.com\/wp-content\/uploads\/2018\/06\/lona-publicitaria-barcelona-plaza-del-mar-1-tezenis-dulceida-dia-frontal-vsa-comunicacion.jpg\" rel=\"attachment wp-att-4183\"><img fetchpriority=\"high\" decoding=\"async\" class=\"aligncenter size-full wp-image-4183\" src=\"https:\/\/www.vsacomunicacion.com\/wp-content\/uploads\/2018\/06\/lona-publicitaria-barcelona-plaza-del-mar-1-tezenis-dulceida-dia-frontal-vsa-comunicacion.jpg\" alt=\"lona-publicitaria-barcelona-plaza-del-mar-1-tezenis-dulceida-dia-frontal-vsa-comunicacion\" width=\"884\" height=\"626\" srcset=\"https:\/\/www.vsacomunicacion.com\/wp-content\/uploads\/2018\/06\/lona-publicitaria-barcelona-plaza-del-mar-1-tezenis-dulceida-dia-frontal-vsa-comunicacion.jpg 884w, https:\/\/www.vsacomunicacion.com\/wp-content\/uploads\/2018\/06\/lona-publicitaria-barcelona-plaza-del-mar-1-tezenis-dulceida-dia-frontal-vsa-comunicacion-300x212.jpg 300w, https:\/\/www.vsacomunicacion.com\/wp-content\/uploads\/2018\/06\/lona-publicitaria-barcelona-plaza-del-mar-1-tezenis-dulceida-dia-frontal-vsa-comunicacion-768x544.jpg 768w\" sizes=\"(max-width: 884px) 100vw, 884px\" \/><\/a><\/p>\n<p style=\"text-align: justify;\">Los ba\u00f1adores <strong>TEZENIS<\/strong> de la nueva colecci\u00f3n verano tienen caracter\u00edsticas \u00fanicas que responden a las tendencias del momento, creando un look joven y moderno, coloridos estampados tropicales, florales y rayados est\u00e1n presentes en esta nueva colecci\u00f3n.<\/p>\n<p style=\"text-align: justify;\">Comb\u00ednalos con braguitas brasile\u00f1as de tiro alto o bajo con lazos, trenzas y cintas. La reversibilidad es la ventaja de algunos modelos, como el ba\u00f1ador entero, que se convierte en la prenda indispensable de la temporada.<\/p>\n<p style=\"text-align: justify;\"><a href=\"https:\/\/www.vsacomunicacion.com\/wp-content\/uploads\/2018\/06\/lona-publicitaria-barcelona-plaza-del-mar-1-tezenis-dulceida-noche-vsa-comunicacion.jpg\" rel=\"attachment wp-att-4181\"><img decoding=\"async\" class=\"aligncenter size-full wp-image-4181\" src=\"https:\/\/www.vsacomunicacion.com\/wp-content\/uploads\/2018\/06\/lona-publicitaria-barcelona-plaza-del-mar-1-tezenis-dulceida-noche-vsa-comunicacion.jpg\" alt=\"lona-publicitaria-barcelona-plaza-del-mar-1-tezenis-dulceida-noche-vsa-comunicacion\" width=\"884\" height=\"626\" srcset=\"https:\/\/www.vsacomunicacion.com\/wp-content\/uploads\/2018\/06\/lona-publicitaria-barcelona-plaza-del-mar-1-tezenis-dulceida-noche-vsa-comunicacion.jpg 884w, https:\/\/www.vsacomunicacion.com\/wp-content\/uploads\/2018\/06\/lona-publicitaria-barcelona-plaza-del-mar-1-tezenis-dulceida-noche-vsa-comunicacion-300x212.jpg 300w, https:\/\/www.vsacomunicacion.com\/wp-content\/uploads\/2018\/06\/lona-publicitaria-barcelona-plaza-del-mar-1-tezenis-dulceida-noche-vsa-comunicacion-768x544.jpg 768w\" sizes=\"(max-width: 884px) 100vw, 884px\" \/><\/a><\/p>\n<p style=\"text-align: justify;\">La influencer Aida Domenech, m\u00e1s conocida como <strong>Dulceida<\/strong>, vuelve a ser la imagen de\u00a0<strong>TEZENIS<\/strong><a href=\"https:\/\/www.trendencias.com\/tag\/tezenis\" target=\"_blank\" rel=\"noopener\">,<\/a>\u00a0protagonizando la\u00a0campa\u00f1a de ba\u00f1o Primavera-Verano 2018.\u00a0La marca\u00a0italiana\u00a0nos propone una colecci\u00f3n de ba\u00f1o compuesta de\u00a0ba\u00f1adores y bikinis de estilo a\u00f1os 90\u00a0que no te dejar\u00e1 indiferente.<\/p>\n<p style=\"text-align: justify;\"><a href=\"https:\/\/www.vsacomunicacion.com\/wp-content\/uploads\/2018\/06\/lona-publicitaria-barcelona-plaza-del-mar-1-tezenis-dulceida-dia-vsa-comunicacion.jpg\" rel=\"attachment wp-att-4180\"><img decoding=\"async\" class=\"aligncenter size-full wp-image-4180\" src=\"https:\/\/www.vsacomunicacion.com\/wp-content\/uploads\/2018\/06\/lona-publicitaria-barcelona-plaza-del-mar-1-tezenis-dulceida-dia-vsa-comunicacion.jpg\" alt=\"lona-publicitaria-barcelona-plaza-del-mar-1-tezenis-dulceida-dia-vsa-comunicacion\" width=\"884\" height=\"626\" srcset=\"https:\/\/www.vsacomunicacion.com\/wp-content\/uploads\/2018\/06\/lona-publicitaria-barcelona-plaza-del-mar-1-tezenis-dulceida-dia-vsa-comunicacion.jpg 884w, https:\/\/www.vsacomunicacion.com\/wp-content\/uploads\/2018\/06\/lona-publicitaria-barcelona-plaza-del-mar-1-tezenis-dulceida-dia-vsa-comunicacion-300x212.jpg 300w, https:\/\/www.vsacomunicacion.com\/wp-content\/uploads\/2018\/06\/lona-publicitaria-barcelona-plaza-del-mar-1-tezenis-dulceida-dia-vsa-comunicacion-768x544.jpg 768w\" sizes=\"(max-width: 884px) 100vw, 884px\" \/><\/a><\/p>\n<p style=\"text-align: justify;\">D\u00e9jate tentar y compra ba\u00f1adores <strong>TEZENIS<\/strong><a href=\"https:\/\/es.tezenis.com\/section\/banadores-bikini-mujer\/50218.uts\" target=\"_blank\" rel=\"noopener\"> online<\/a> o ac\u00e9rcate a tu tienda m\u00e1s cercana, la Colecci\u00f3n Playa TEZENIS\u00a0Verano te espera: Bikini en Banda, Bikini en Tri\u00e1ngulo, Bikini Push-Up, Bikini Balconette, Ba\u00f1adores enteros. Encuentra el modelo ideal para destacar tu feminidad y lucir sus dise\u00f1os como <strong>Dulceida<\/strong>.<\/p>\n<p style=\"text-align: justify;\">\u00a1No te quedes sin el tuyo!<\/p>\n","protected":false},"excerpt":{"rendered":"<p>Nuevo emplazamiento de VSA COMUNICACION en Barcelona con una magn\u00edfica visibilidad, desde el Paseo Mar\u00edtimo, la playa y el Paseo San Juan de Borb\u00f3n, gracias a\u00a0las grandes dimensiones y altura del edificio y a su espl\u00e9ndida ubicaci\u00f3n\u00a0frente a la playa [&hellip;]<\/p>\n","protected":false},"author":3,"featured_media":7622,"comment_status":"open","ping_status":"open","sticky":false,"template":"","format":"standard","meta":{"inline_featured_image":false,"footnotes":""},"categories":[1506,1488],"tags":[2066,1704,1516,1880,1664,2067,1706,1701,1708,1693,1694,1656,1609,1581,1565,1585,1599,1586,2068,1671],"class_list":["post-11960","post","type-post","status-publish","format-standard","has-post-thumbnail","hentry","category-barcelona-en","category-lonas-publicitarias-en","tag-tezeniswimwear-en","tag-alto-prestigio-publicitario-en","tag-barcelona-en","tag-barceloneta-en","tag-campana-publicitaria-en","tag-dulceida-en","tag-emplazamiento-premium-en","tag-espectacular-en","tag-formato-espectacular-en","tag-gran-formato-en","tag-gran-notoriedad-en","tag-lonas-gran-formato-en","tag-lonas-publicitarias-2-en","tag-lonas-publicitarias-barcelona-en","tag-publicidad-ciudades-en","tag-publicidad-exterior-en","tag-publicidad-gran-formato-en","tag-publicidad-urbana-en","tag-tezenis-en","tag-trafico-rodado-en"],"_links":{"self":[{"href":"https:\/\/www.vsacomunicacion.com\/en\/wp-json\/wp\/v2\/posts\/11960"}],"collection":[{"href":"https:\/\/www.vsacomunicacion.com\/en\/wp-json\/wp\/v2\/posts"}],"about":[{"href":"https:\/\/www.vsacomunicacion.com\/en\/wp-json\/wp\/v2\/types\/post"}],"author":[{"embeddable":true,"href":"https:\/\/www.vsacomunicacion.com\/en\/wp-json\/wp\/v2\/users\/3"}],"replies":[{"embeddable":true,"href":"https:\/\/www.vsacomunicacion.com\/en\/wp-json\/wp\/v2\/comments?post=11960"}],"version-history":[{"count":0,"href":"https:\/\/www.vsacomunicacion.com\/en\/wp-json\/wp\/v2\/posts\/11960\/revisions"}],"wp:featuredmedia":[{"embeddable":true,"href":"https:\/\/www.vsacomunicacion.com\/en\/wp-json\/wp\/v2\/media\/7622"}],"wp:attachment":[{"href":"https:\/\/www.vsacomunicacion.com\/en\/wp-json\/wp\/v2\/media?parent=11960"}],"wp:term":[{"taxonomy":"category","embeddable":true,"href":"https:\/\/www.vsacomunicacion.com\/en\/wp-json\/wp\/v2\/categories?post=11960"},{"taxonomy":"post_tag","embeddable":true,"href":"https:\/\/www.vsacomunicacion.com\/en\/wp-json\/wp\/v2\/tags?post=11960"}],"curies":[{"name":"wp","href":"https:\/\/api.w.org\/{rel}","templated":true}]}}