{"id":11961,"date":"2018-06-09T12:58:41","date_gmt":"2018-06-09T12:58:41","guid":{"rendered":"https:\/\/www.vsacomunicacion.com\/circuito-urvan-para-seagrams-en-barcelona\/"},"modified":"2018-06-09T12:58:41","modified_gmt":"2018-06-09T12:58:41","slug":"circuito-urvan-para-seagrams-en-barcelona","status":"publish","type":"post","link":"https:\/\/www.vsacomunicacion.com\/en\/circuito-urvan-para-seagrams-en-barcelona\/","title":{"rendered":"Circuito URVAN para SEAGRAM&#8217;s en Barcelona"},"content":{"rendered":"<p style=\"text-align: justify;\"><strong>SEAGRAM&#8217;s<\/strong>, la esencia neoyorkina que transformar\u00e1 la ciudad condal, ha elegido el Circuito <strong>UR<span style=\"color: #ff0000;\">VA<\/span>N<\/strong>\u00a0de <strong>VSA COMUNICACION<\/strong> en <strong>Barcelona<\/strong> para su fant\u00e1stica campa\u00f1a de publicidad exterior como patrocinador oficial de la <strong><a href=\"http:\/\/www.080barcelonafashion.cat\/es\" target=\"_blank\" rel=\"noopener\">080 Barcelona Fashion<\/a><\/strong>.<\/p>\n<p style=\"text-align: justify;\"><a href=\"https:\/\/www.vsacomunicacion.com\/wp-content\/uploads\/2018\/06\/pym-barcelona-plaza-europa-seagrams-vsa-comunicacion.jpg\" rel=\"attachment wp-att-4197\"><img fetchpriority=\"high\" decoding=\"async\" class=\"aligncenter size-full wp-image-4197\" src=\"https:\/\/www.vsacomunicacion.com\/wp-content\/uploads\/2018\/06\/pym-barcelona-plaza-europa-seagrams-vsa-comunicacion.jpg\" alt=\"pym-barcelona-plaza-europa-seagrams-vsa-comunicacion\" width=\"884\" height=\"626\" srcset=\"https:\/\/www.vsacomunicacion.com\/wp-content\/uploads\/2018\/06\/pym-barcelona-plaza-europa-seagrams-vsa-comunicacion.jpg 884w, https:\/\/www.vsacomunicacion.com\/wp-content\/uploads\/2018\/06\/pym-barcelona-plaza-europa-seagrams-vsa-comunicacion-300x212.jpg 300w, https:\/\/www.vsacomunicacion.com\/wp-content\/uploads\/2018\/06\/pym-barcelona-plaza-europa-seagrams-vsa-comunicacion-768x544.jpg 768w\" sizes=\"(max-width: 884px) 100vw, 884px\" \/><\/a><\/p>\n<p style=\"text-align: justify;\">Del 25 al 29 de junio podremos disfrutar de la 22\u00aa Edici\u00f3n del 080 BARCELONA FASHION!! La localizaci\u00f3n elegida ha sido, por segunda a\u00f1o consecutivo el Recinto Modernista de Sant Pau, suponemos que por\u00a0lo aplaudida y admirada que fue en la edici\u00f3n anterior.<\/p>\n<p style=\"text-align: justify;\">Con la voluntad de abrir el mundo de la moda al gran p\u00fablico y vivir la gran fiesta de la moda en primera persona,\u00a0instalan de nuevo la <strong>OPEN AREA<\/strong>, la zona del certamen\u00a0de libre acceso\u00a0que incluye la <strong>080 FASHION MARKET<\/strong>, cerca de 30 Pop-Up Stores\u00a0de moda, calzado y complemento.<\/p>\n<p style=\"text-align: justify;\"><a href=\"https:\/\/www.vsacomunicacion.com\/wp-content\/uploads\/2018\/06\/pym-barcelona-balmes-292-seagrams-vsa-comunicacion.jpg\" rel=\"attachment wp-att-4196\"><img decoding=\"async\" class=\"aligncenter size-full wp-image-4196\" src=\"https:\/\/www.vsacomunicacion.com\/wp-content\/uploads\/2018\/06\/pym-barcelona-balmes-292-seagrams-vsa-comunicacion.jpg\" alt=\"pym-barcelona-balmes-292-seagrams-vsa-comunicacion\" width=\"1003\" height=\"711\" srcset=\"https:\/\/www.vsacomunicacion.com\/wp-content\/uploads\/2018\/06\/pym-barcelona-balmes-292-seagrams-vsa-comunicacion.jpg 1003w, https:\/\/www.vsacomunicacion.com\/wp-content\/uploads\/2018\/06\/pym-barcelona-balmes-292-seagrams-vsa-comunicacion-300x213.jpg 300w, https:\/\/www.vsacomunicacion.com\/wp-content\/uploads\/2018\/06\/pym-barcelona-balmes-292-seagrams-vsa-comunicacion-768x544.jpg 768w\" sizes=\"(max-width: 1003px) 100vw, 1003px\" \/><\/a><\/p>\n<p style=\"text-align: justify;\">Junto a la moda comercial, la\u00a0OPEN AREA tambi\u00e9n\u00a0habr\u00e1 un espacio reservado a la moda m\u00e1s rompedora. Esta 22\u00aa edici\u00f3n, contar\u00e1, una vez m\u00e1s, con la\u00a0exposici\u00f3n de las mejores tesinas de escuelas de moda, demostrando el apoyo del certamen a los talentos del futuro.<\/p>\n<p style=\"text-align: justify;\">Y no pod\u00eda faltar el ya\u00a0habitual\u00a0<strong>VILLAGE\u00a0080<\/strong>, con los stands de patrocinadores y marcas colaboradoras\u00a0en esta edici\u00f3n como\u00a0es el caso de\u00a0<strong>SEAGRAM&#8217;s<\/strong>.<\/p>\n<p style=\"text-align: justify;\"><a href=\"https:\/\/www.vsacomunicacion.com\/wp-content\/uploads\/2018\/06\/pym-barcelona-plaza-bonanova-3-seagrams-vsa-comunicacion.jpg\" rel=\"attachment wp-att-4195\"><img decoding=\"async\" class=\"aligncenter size-full wp-image-4195\" src=\"https:\/\/www.vsacomunicacion.com\/wp-content\/uploads\/2018\/06\/pym-barcelona-plaza-bonanova-3-seagrams-vsa-comunicacion.jpg\" alt=\"pym-barcelona-plaza-bonanova-3-seagrams-vsa-comunicacion\" width=\"868\" height=\"614\" srcset=\"https:\/\/www.vsacomunicacion.com\/wp-content\/uploads\/2018\/06\/pym-barcelona-plaza-bonanova-3-seagrams-vsa-comunicacion.jpg 868w, https:\/\/www.vsacomunicacion.com\/wp-content\/uploads\/2018\/06\/pym-barcelona-plaza-bonanova-3-seagrams-vsa-comunicacion-300x212.jpg 300w, https:\/\/www.vsacomunicacion.com\/wp-content\/uploads\/2018\/06\/pym-barcelona-plaza-bonanova-3-seagrams-vsa-comunicacion-768x543.jpg 768w\" sizes=\"(max-width: 868px) 100vw, 868px\" \/><\/a><\/p>\n<p style=\"text-align: justify;\">Los asistentes tambi\u00e9n podr\u00e1n disfrutar de una cuidada oferta gastron\u00f3mica con stands delicatessen y propuestas l\u00fadicas mientras no pierden detalle de los desfiles a trav\u00e9s de pantallas habilitadas en los\u00a0Jardines del Recinto Modernista de Sant Pau,<strong>\u00a0<\/strong>donde se situar\u00e1 la OPEN AREA.\u00a0Consigue <a href=\"http:\/\/www.080barcelonafashion.cat\/es\/formularis\/invitacion-open-area\" target=\"_blank\" rel=\"noopener\">aqu\u00ed <\/a>tu invitaci\u00f3n!!<\/p>\n<p style=\"text-align: justify;\"><strong>SEAGRAM&#8217;s GIN<\/strong> te invita a vivir NEW YORK. La ciudad donde todo es mucho m\u00e1s. Prep\u00e1rate para unas experiencias exclusivas, elegantes y cl\u00e1sicas, tra\u00eddas desde las mismas calles de la Gran Manzana.<\/p>\n<p style=\"text-align: justify;\"><em>DEJATE SORPRENDER!! DEJATE ATRAPAR!!<\/em><\/p>\n","protected":false},"excerpt":{"rendered":"<p>SEAGRAM&#8217;s, la esencia neoyorkina que transformar\u00e1 la ciudad condal, ha elegido el Circuito URVAN\u00a0de VSA COMUNICACION en Barcelona para su fant\u00e1stica campa\u00f1a de publicidad exterior como patrocinador oficial de la 080 Barcelona Fashion. Del 25 al 29 de junio podremos [&hellip;]<\/p>\n","protected":false},"author":3,"featured_media":7626,"comment_status":"open","ping_status":"open","sticky":false,"template":"","format":"standard","meta":{"inline_featured_image":false,"footnotes":""},"categories":[1506,2069],"tags":[1853,2070,1704,1516,1664,1781,1694,1583,1565,1585,1586,1836,1671,2071,2072,2073],"class_list":["post-11961","post","type-post","status-publish","format-standard","has-post-thumbnail","hentry","category-barcelona-en","category-urvan-en","tag-080-barcelona-fashion-en","tag-080-fashion-market-en","tag-alto-prestigio-publicitario-en","tag-barcelona-en","tag-campana-publicitaria-en","tag-circuito-urbano-en","tag-gran-notoriedad-en","tag-open-area-en","tag-publicidad-ciudades-en","tag-publicidad-exterior-en","tag-publicidad-urbana-en","tag-seagrams-en","tag-trafico-rodado-en","tag-urvan-en","tag-urvan-barcelona-en","tag-village-080-en"],"_links":{"self":[{"href":"https:\/\/www.vsacomunicacion.com\/en\/wp-json\/wp\/v2\/posts\/11961"}],"collection":[{"href":"https:\/\/www.vsacomunicacion.com\/en\/wp-json\/wp\/v2\/posts"}],"about":[{"href":"https:\/\/www.vsacomunicacion.com\/en\/wp-json\/wp\/v2\/types\/post"}],"author":[{"embeddable":true,"href":"https:\/\/www.vsacomunicacion.com\/en\/wp-json\/wp\/v2\/users\/3"}],"replies":[{"embeddable":true,"href":"https:\/\/www.vsacomunicacion.com\/en\/wp-json\/wp\/v2\/comments?post=11961"}],"version-history":[{"count":0,"href":"https:\/\/www.vsacomunicacion.com\/en\/wp-json\/wp\/v2\/posts\/11961\/revisions"}],"wp:featuredmedia":[{"embeddable":true,"href":"https:\/\/www.vsacomunicacion.com\/en\/wp-json\/wp\/v2\/media\/7626"}],"wp:attachment":[{"href":"https:\/\/www.vsacomunicacion.com\/en\/wp-json\/wp\/v2\/media?parent=11961"}],"wp:term":[{"taxonomy":"category","embeddable":true,"href":"https:\/\/www.vsacomunicacion.com\/en\/wp-json\/wp\/v2\/categories?post=11961"},{"taxonomy":"post_tag","embeddable":true,"href":"https:\/\/www.vsacomunicacion.com\/en\/wp-json\/wp\/v2\/tags?post=11961"}],"curies":[{"name":"wp","href":"https:\/\/api.w.org\/{rel}","templated":true}]}}