{"id":11963,"date":"2018-06-01T16:38:33","date_gmt":"2018-06-01T16:38:33","guid":{"rendered":"https:\/\/www.vsacomunicacion.com\/circuito-de-pyms-de-nuevo-centro-en-valencia-2\/"},"modified":"2018-06-01T16:38:33","modified_gmt":"2018-06-01T16:38:33","slug":"circuito-de-pyms-de-nuevo-centro-en-valencia-2","status":"publish","type":"post","link":"https:\/\/www.vsacomunicacion.com\/en\/circuito-de-pyms-de-nuevo-centro-en-valencia-2\/","title":{"rendered":"Circuito de PYM&#8217;s de NUEVO CENTRO en Valencia"},"content":{"rendered":"<p style=\"text-align: justify;\">Parece que esta vez s\u00ed&#8230;. Que el verano ya est\u00e1 aqu\u00ed&#8230; Y desde <strong>VSA COMUNICACION<\/strong> te proponemos que vayas a <strong>NUEVO CENTR<\/strong>O, tu centro comercial preferido en <strong>Valencia<\/strong>, donde encontrar\u00e1s todo lo que necesitas para que sea\u00a0<em>EL VERANO PERFECTO!! <\/em>Y lo hacemos como\u00a0mejor sabemos, con una fant\u00e1stica campa\u00f1a de publicidad exterior en nuestro <strong>Circuito de Pym&#8217;s<\/strong>.<\/p>\n<p style=\"text-align: justify;\"><a href=\"https:\/\/www.vsacomunicacion.com\/wp-content\/uploads\/2018\/06\/pym-valencia-avenida-del-puerto-131-nuevo-centro-junio-vsa-comunicacion.jpg\" rel=\"attachment wp-att-4227\"><img fetchpriority=\"high\" decoding=\"async\" class=\"aligncenter size-full wp-image-4227\" src=\"https:\/\/www.vsacomunicacion.com\/wp-content\/uploads\/2018\/06\/pym-valencia-avenida-del-puerto-131-nuevo-centro-junio-vsa-comunicacion.jpg\" alt=\"pym-valencia-avenida-del-puerto-131-nuevo-centro-junio-vsa-comunicacion\" width=\"884\" height=\"626\" srcset=\"https:\/\/www.vsacomunicacion.com\/wp-content\/uploads\/2018\/06\/pym-valencia-avenida-del-puerto-131-nuevo-centro-junio-vsa-comunicacion.jpg 884w, https:\/\/www.vsacomunicacion.com\/wp-content\/uploads\/2018\/06\/pym-valencia-avenida-del-puerto-131-nuevo-centro-junio-vsa-comunicacion-300x212.jpg 300w, https:\/\/www.vsacomunicacion.com\/wp-content\/uploads\/2018\/06\/pym-valencia-avenida-del-puerto-131-nuevo-centro-junio-vsa-comunicacion-768x544.jpg 768w\" sizes=\"(max-width: 884px) 100vw, 884px\" \/><\/a><\/p>\n<p style=\"text-align: justify;\">El\u00a0centro comercial <strong>NUEVO CENTRO <\/strong>ofrece a sus clientes la m\u00e1s amplia variedad en moda, alimentaci\u00f3n, \u00a0restauraci\u00f3n, m\u00fasica, deportes, juguetes, hogar, joyer\u00eda, regalos, complementos, viajes, belleza, zapater\u00edas, ocio y todo lo necesario para tus compras.<\/p>\n<p style=\"text-align: justify;\"><a href=\"https:\/\/www.vsacomunicacion.com\/wp-content\/uploads\/2018\/06\/pym-valencia-mauro-guillem-nuevo-centro-junio-vsa-comunicacion.jpg\" rel=\"attachment wp-att-4228\"><img decoding=\"async\" class=\"aligncenter size-full wp-image-4228\" src=\"https:\/\/www.vsacomunicacion.com\/wp-content\/uploads\/2018\/06\/pym-valencia-mauro-guillem-nuevo-centro-junio-vsa-comunicacion.jpg\" alt=\"pym-valencia-mauro-guillem-nuevo-centro-junio-vsa-comunicacion\" width=\"884\" height=\"626\" srcset=\"https:\/\/www.vsacomunicacion.com\/wp-content\/uploads\/2018\/06\/pym-valencia-mauro-guillem-nuevo-centro-junio-vsa-comunicacion.jpg 884w, https:\/\/www.vsacomunicacion.com\/wp-content\/uploads\/2018\/06\/pym-valencia-mauro-guillem-nuevo-centro-junio-vsa-comunicacion-300x212.jpg 300w, https:\/\/www.vsacomunicacion.com\/wp-content\/uploads\/2018\/06\/pym-valencia-mauro-guillem-nuevo-centro-junio-vsa-comunicacion-768x544.jpg 768w\" sizes=\"(max-width: 884px) 100vw, 884px\" \/><\/a><\/p>\n<p style=\"text-align: justify;\">Ya sab\u00e9is que NUEVO CENTRO es el centro comercial en el que disfrutar\u00e9is toda la familia, gracias a su amplia oferta en productos as\u00ed como de actividades\u00a0dirigidas tanto a los m\u00e1s mayores como a los m\u00e1s peques de la familia.<\/p>\n<p style=\"text-align: justify;\">Esta temporada tienen preparado para vosotros una Feria Esot\u00e9rica, actividades y talleres renovadas de las pequefiestas durante los meses de julio y agosto, podr\u00e1s viajar en el Tren Natura por tan solo 1 euro, un Torneo de Ping-Pong el pr\u00f3ximo mes de julio, etc.<\/p>\n<p style=\"text-align: justify;\">Visita su web y ponte al d\u00eda de todas las actividades que <strong><a href=\"http:\/\/www.nuevocentro.es\/index.asp\" target=\"_blank\" rel=\"noopener\">NUEVO CENTRO<\/a><\/strong> ha preparado para ti.<\/p>\n","protected":false},"excerpt":{"rendered":"<p>Parece que esta vez s\u00ed&#8230;. Que el verano ya est\u00e1 aqu\u00ed&#8230; Y desde VSA COMUNICACION te proponemos que vayas a NUEVO CENTRO, tu centro comercial preferido en Valencia, donde encontrar\u00e1s todo lo que necesitas para que sea\u00a0EL VERANO PERFECTO!! Y [&hellip;]<\/p>\n","protected":false},"author":3,"featured_media":7634,"comment_status":"open","ping_status":"open","sticky":false,"template":"","format":"standard","meta":{"inline_featured_image":false,"footnotes":""},"categories":[1593,1640],"tags":[2078,1704,1992,1664,1705,1781,1694,1993,1565,1585,1586,1676,1934,1671,1645],"class_list":["post-11963","post","type-post","status-publish","format-standard","has-post-thumbnail","hentry","category-pyms-en","category-valencia-en","tag-elveranoperfecto-en","tag-alto-prestigio-publicitario-en","tag-campana-nuevo-centro-en","tag-campana-publicitaria-en","tag-centro-ciudad-en","tag-circuito-urbano-en","tag-gran-notoriedad-en","tag-nuevo-centro-en","tag-publicidad-ciudades-en","tag-publicidad-exterior-en","tag-publicidad-urbana-en","tag-pyms-2-en","tag-pyms-valencia-en","tag-trafico-rodado-en","tag-valencia-en"],"_links":{"self":[{"href":"https:\/\/www.vsacomunicacion.com\/en\/wp-json\/wp\/v2\/posts\/11963"}],"collection":[{"href":"https:\/\/www.vsacomunicacion.com\/en\/wp-json\/wp\/v2\/posts"}],"about":[{"href":"https:\/\/www.vsacomunicacion.com\/en\/wp-json\/wp\/v2\/types\/post"}],"author":[{"embeddable":true,"href":"https:\/\/www.vsacomunicacion.com\/en\/wp-json\/wp\/v2\/users\/3"}],"replies":[{"embeddable":true,"href":"https:\/\/www.vsacomunicacion.com\/en\/wp-json\/wp\/v2\/comments?post=11963"}],"version-history":[{"count":0,"href":"https:\/\/www.vsacomunicacion.com\/en\/wp-json\/wp\/v2\/posts\/11963\/revisions"}],"wp:featuredmedia":[{"embeddable":true,"href":"https:\/\/www.vsacomunicacion.com\/en\/wp-json\/wp\/v2\/media\/7634"}],"wp:attachment":[{"href":"https:\/\/www.vsacomunicacion.com\/en\/wp-json\/wp\/v2\/media?parent=11963"}],"wp:term":[{"taxonomy":"category","embeddable":true,"href":"https:\/\/www.vsacomunicacion.com\/en\/wp-json\/wp\/v2\/categories?post=11963"},{"taxonomy":"post_tag","embeddable":true,"href":"https:\/\/www.vsacomunicacion.com\/en\/wp-json\/wp\/v2\/tags?post=11963"}],"curies":[{"name":"wp","href":"https:\/\/api.w.org\/{rel}","templated":true}]}}