{"id":11964,"date":"2018-05-31T07:39:04","date_gmt":"2018-05-31T07:39:04","guid":{"rendered":"https:\/\/www.vsacomunicacion.com\/lona-de-huawei-en-la-calle-balmes-de-barcelona\/"},"modified":"2018-05-31T07:39:04","modified_gmt":"2018-05-31T07:39:04","slug":"lona-de-huawei-en-la-calle-balmes-de-barcelona","status":"publish","type":"post","link":"https:\/\/www.vsacomunicacion.com\/en\/lona-de-huawei-en-la-calle-balmes-de-barcelona\/","title":{"rendered":"Lona de HUAWEI en la calle Balmes de Barcelona"},"content":{"rendered":"<p style=\"text-align: justify;\"><strong>HUAWEI<\/strong> ha elegido una vez m\u00e1s a <strong>VSA COMUNICACION<\/strong> y sus soportes publicitarios, cuidadosamente elegidos en las zonas de mayor prestigio publicitario,\u00a0continuando con su campa\u00f1a de publicidad exterior\u00a0para presentar\u00a0su nuevo y revolucionario smartphone <strong>HUAWEI P20 PRO<\/strong>.<\/p>\n<p style=\"text-align: justify;\">En esta ocasi\u00f3n podemos disfrutar de una fant\u00e1stica <strong>lona publicitaria<\/strong> en el emplazamiento premium en el chafl\u00e1n de la calle Balmes con Gran V\u00eda, en una zona altamente comercial y tur\u00edstica, muy cercana a Plaza Catalu\u00f1a, calle Pelayo\u00a0y las m\u00edticas Ramblas de <strong>Barcelona<\/strong>.<\/p>\n<p><a href=\"https:\/\/www.vsacomunicacion.com\/wp-content\/uploads\/2018\/06\/lona-publicitaria-barcelona-balmes-15-huawei-noche-vsa-comunicacion.jpg\" rel=\"attachment wp-att-4156\"><img fetchpriority=\"high\" decoding=\"async\" class=\"aligncenter size-full wp-image-4156\" src=\"https:\/\/www.vsacomunicacion.com\/wp-content\/uploads\/2018\/06\/lona-publicitaria-barcelona-balmes-15-huawei-noche-vsa-comunicacion.jpg\" alt=\"lona-publicitaria-barcelona-balmes-15-huawei-noche-vsa-comunicacion\" width=\"884\" height=\"626\" srcset=\"https:\/\/www.vsacomunicacion.com\/wp-content\/uploads\/2018\/06\/lona-publicitaria-barcelona-balmes-15-huawei-noche-vsa-comunicacion.jpg 884w, https:\/\/www.vsacomunicacion.com\/wp-content\/uploads\/2018\/06\/lona-publicitaria-barcelona-balmes-15-huawei-noche-vsa-comunicacion-300x212.jpg 300w, https:\/\/www.vsacomunicacion.com\/wp-content\/uploads\/2018\/06\/lona-publicitaria-barcelona-balmes-15-huawei-noche-vsa-comunicacion-768x544.jpg 768w\" sizes=\"(max-width: 884px) 100vw, 884px\" \/><\/a><\/p>\n<p style=\"text-align: justify;\">La novedosa triple c\u00e1mara leica del HUAWEI P20 PRO con Inteligencia Artificial de reconocimiento de escenas en modo autom\u00e1tico est\u00e1 formada por una lente de 40 Mpx a color para fotografiar sin l\u00edmites, 20 Mpx monocrom\u00e1ticos para fotograf\u00eda art\u00edstica en blanco y negro y una tercera lente tele-objetivo de 8 Mpx para s\u00faper zoom de 5 aumentos.<\/p>\n<p><a href=\"https:\/\/www.vsacomunicacion.com\/wp-content\/uploads\/2018\/06\/lona-publicitaria-barcelona-balmes-15-huawei-dia-vsa-comunicacion.jpg\" rel=\"attachment wp-att-4157\"><img decoding=\"async\" class=\"aligncenter size-full wp-image-4157\" src=\"https:\/\/www.vsacomunicacion.com\/wp-content\/uploads\/2018\/06\/lona-publicitaria-barcelona-balmes-15-huawei-dia-vsa-comunicacion.jpg\" alt=\"lona-publicitaria-barcelona-balmes-15-huawei-dia-vsa-comunicacion\" width=\"884\" height=\"626\" srcset=\"https:\/\/www.vsacomunicacion.com\/wp-content\/uploads\/2018\/06\/lona-publicitaria-barcelona-balmes-15-huawei-dia-vsa-comunicacion.jpg 884w, https:\/\/www.vsacomunicacion.com\/wp-content\/uploads\/2018\/06\/lona-publicitaria-barcelona-balmes-15-huawei-dia-vsa-comunicacion-300x212.jpg 300w, https:\/\/www.vsacomunicacion.com\/wp-content\/uploads\/2018\/06\/lona-publicitaria-barcelona-balmes-15-huawei-dia-vsa-comunicacion-768x544.jpg 768w\" sizes=\"(max-width: 884px) 100vw, 884px\" \/><\/a><\/p>\n<p style=\"text-align: justify;\">El zoom m\u00e1s PRO por fin te permitir\u00e1 ampliar en pantalla antes de disparar y capturar una foto&#8230; \u00a1sin pixelar!<\/p>\n<p style=\"text-align: justify;\">Tu HUAWEI P20 PRO incorpora una combinaci\u00f3n del zoom \u00f3ptico con el digital a prueba de cualquier vibraci\u00f3n, por lo que no tendr\u00e1s que preocuparte m\u00e1s por tu pulso!! Y con\u00a0su tercera c\u00e1mara tele-objetivo de 8Mpx podr\u00e1s\u00a0capturar cualquier detalle por peque\u00f1o o alejado que est\u00e9 y ampliarlo, olvid\u00e1ndote del efecto pixelado.<\/p>\n<p style=\"text-align: justify;\">Y no solo har\u00e1s tus fotos perfectas,\u00a0tambi\u00e9n disfrutar\u00e1s de un nuevo dise\u00f1o industrial \u00fanico y la m\u00e1xima comodidad\u00a0con su\u00a0sensor de huella frontal que puedes combinar con el facial.<\/p>\n<p style=\"text-align: justify;\">Con\u00a0<strong>HUAWEI\u00a0P20 PRO<\/strong>,\u00a0la fotograf\u00eda renace hoy!!<\/p>\n","protected":false},"excerpt":{"rendered":"<p>HUAWEI ha elegido una vez m\u00e1s a VSA COMUNICACION y sus soportes publicitarios, cuidadosamente elegidos en las zonas de mayor prestigio publicitario,\u00a0continuando con su campa\u00f1a de publicidad exterior\u00a0para presentar\u00a0su nuevo y revolucionario smartphone HUAWEI P20 PRO. En esta ocasi\u00f3n podemos [&hellip;]<\/p>\n","protected":false},"author":3,"featured_media":7611,"comment_status":"open","ping_status":"open","sticky":false,"template":"","format":"standard","meta":{"inline_featured_image":false,"footnotes":""},"categories":[1506,1488],"tags":[1704,1736,1516,1774,1664,1705,1706,1708,1693,1694,1619,1775,2046,1656,1609,1581,1565,1585,1599,1586,1671],"class_list":["post-11964","post","type-post","status-publish","format-standard","has-post-thumbnail","hentry","category-barcelona-en","category-lonas-publicitarias-en","tag-alto-prestigio-publicitario-en","tag-balmes-en","tag-barcelona-en","tag-campana-huawei-en","tag-campana-publicitaria-en","tag-centro-ciudad-en","tag-emplazamiento-premium-en","tag-formato-espectacular-en","tag-gran-formato-en","tag-gran-notoriedad-en","tag-gran-via-en","tag-huawei-en","tag-huawei-p20-pro-en","tag-lonas-gran-formato-en","tag-lonas-publicitarias-2-en","tag-lonas-publicitarias-barcelona-en","tag-publicidad-ciudades-en","tag-publicidad-exterior-en","tag-publicidad-gran-formato-en","tag-publicidad-urbana-en","tag-trafico-rodado-en"],"_links":{"self":[{"href":"https:\/\/www.vsacomunicacion.com\/en\/wp-json\/wp\/v2\/posts\/11964"}],"collection":[{"href":"https:\/\/www.vsacomunicacion.com\/en\/wp-json\/wp\/v2\/posts"}],"about":[{"href":"https:\/\/www.vsacomunicacion.com\/en\/wp-json\/wp\/v2\/types\/post"}],"author":[{"embeddable":true,"href":"https:\/\/www.vsacomunicacion.com\/en\/wp-json\/wp\/v2\/users\/3"}],"replies":[{"embeddable":true,"href":"https:\/\/www.vsacomunicacion.com\/en\/wp-json\/wp\/v2\/comments?post=11964"}],"version-history":[{"count":0,"href":"https:\/\/www.vsacomunicacion.com\/en\/wp-json\/wp\/v2\/posts\/11964\/revisions"}],"wp:featuredmedia":[{"embeddable":true,"href":"https:\/\/www.vsacomunicacion.com\/en\/wp-json\/wp\/v2\/media\/7611"}],"wp:attachment":[{"href":"https:\/\/www.vsacomunicacion.com\/en\/wp-json\/wp\/v2\/media?parent=11964"}],"wp:term":[{"taxonomy":"category","embeddable":true,"href":"https:\/\/www.vsacomunicacion.com\/en\/wp-json\/wp\/v2\/categories?post=11964"},{"taxonomy":"post_tag","embeddable":true,"href":"https:\/\/www.vsacomunicacion.com\/en\/wp-json\/wp\/v2\/tags?post=11964"}],"curies":[{"name":"wp","href":"https:\/\/api.w.org\/{rel}","templated":true}]}}