{"id":11966,"date":"2018-05-28T11:15:15","date_gmt":"2018-05-28T11:15:15","guid":{"rendered":"https:\/\/www.vsacomunicacion.com\/lona-publicitaria-de-ray-ban-en-barcelona\/"},"modified":"2018-05-28T11:15:15","modified_gmt":"2018-05-28T11:15:15","slug":"lona-publicitaria-de-ray-ban-en-barcelona","status":"publish","type":"post","link":"https:\/\/www.vsacomunicacion.com\/en\/lona-publicitaria-de-ray-ban-en-barcelona\/","title":{"rendered":"Lona Publicitaria de RAY-BAN en Barcelona"},"content":{"rendered":"<p style=\"text-align: justify;\">Fant\u00e1stica<strong> lona publicitaria<\/strong> de <strong>RAY-BAN<\/strong> en el emplazamiento Premium de<strong> VSA COMUNICACION<\/strong> en Paseo de Gracia \/ Gran V\u00eda de <strong>Barcelona<\/strong>, en su campa\u00f1a de publicidad exterior de su modelo <strong>MARSHAL<\/strong>, hechas para los que se atreven a sobresalir con estas\u00a0aut\u00e9nticas gafas de sol.<\/p>\n<p><a href=\"https:\/\/www.vsacomunicacion.com\/wp-content\/uploads\/2018\/06\/lona-publicitaria-barcelona-gran-via-corts-catalanes-605-ray-ban-dia-vsa-comunicacion.jpg\" rel=\"attachment wp-att-4169\"><img fetchpriority=\"high\" decoding=\"async\" class=\"aligncenter size-full wp-image-4169\" src=\"https:\/\/www.vsacomunicacion.com\/wp-content\/uploads\/2018\/06\/lona-publicitaria-barcelona-gran-via-corts-catalanes-605-ray-ban-dia-vsa-comunicacion.jpg\" alt=\"lona-publicitaria-barcelona-gran-via-corts-catalanes-605-ray-ban-dia-vsa-comunicacion\" width=\"884\" height=\"626\" srcset=\"https:\/\/www.vsacomunicacion.com\/wp-content\/uploads\/2018\/06\/lona-publicitaria-barcelona-gran-via-corts-catalanes-605-ray-ban-dia-vsa-comunicacion.jpg 884w, https:\/\/www.vsacomunicacion.com\/wp-content\/uploads\/2018\/06\/lona-publicitaria-barcelona-gran-via-corts-catalanes-605-ray-ban-dia-vsa-comunicacion-300x212.jpg 300w, https:\/\/www.vsacomunicacion.com\/wp-content\/uploads\/2018\/06\/lona-publicitaria-barcelona-gran-via-corts-catalanes-605-ray-ban-dia-vsa-comunicacion-768x544.jpg 768w\" sizes=\"(max-width: 884px) 100vw, 884px\" \/><\/a><\/p>\n<p style=\"text-align: justify;\">Las gafas de sol <strong>MARSHAL<\/strong> son atrevidas y audaces: las preferidas por l\u00edderes, innovadores, creadores de tendencias y aquellos que no se conforman con lo mediocre.<\/p>\n<p style=\"text-align: justify;\">Su sofisticado doble puente plano en los cl\u00e1sicos oro, negro, plata y bronce de ca\u00f1\u00f3n y en el contempor\u00e1neo bronce claro, causa una impresi\u00f3n inmediata.\u00a0Y los nuevos \u00e1ngulos y las elegantes patillas planas se han dise\u00f1ado para que sean duraderas. Las monturas hexagonales sorprenden porque son extremadamente c\u00f3modas de llevar, haciendo que este look sea perfecto solamente para los m\u00e1s audaces y cool.<\/p>\n<p><a href=\"https:\/\/www.vsacomunicacion.com\/wp-content\/uploads\/2018\/06\/lona-publicitaria-barcelona-gran-via-corts-catalanes-605-ray-ban-noche-vsa-comunicacion.jpg\" rel=\"attachment wp-att-4170\"><img decoding=\"async\" class=\"aligncenter size-full wp-image-4170\" src=\"https:\/\/www.vsacomunicacion.com\/wp-content\/uploads\/2018\/06\/lona-publicitaria-barcelona-gran-via-corts-catalanes-605-ray-ban-noche-vsa-comunicacion.jpg\" alt=\"lona-publicitaria-barcelona-gran-via-corts-catalanes-605-ray-ban-noche-vsa-comunicacion\" width=\"884\" height=\"626\" srcset=\"https:\/\/www.vsacomunicacion.com\/wp-content\/uploads\/2018\/06\/lona-publicitaria-barcelona-gran-via-corts-catalanes-605-ray-ban-noche-vsa-comunicacion.jpg 884w, https:\/\/www.vsacomunicacion.com\/wp-content\/uploads\/2018\/06\/lona-publicitaria-barcelona-gran-via-corts-catalanes-605-ray-ban-noche-vsa-comunicacion-300x212.jpg 300w, https:\/\/www.vsacomunicacion.com\/wp-content\/uploads\/2018\/06\/lona-publicitaria-barcelona-gran-via-corts-catalanes-605-ray-ban-noche-vsa-comunicacion-768x544.jpg 768w\" sizes=\"(max-width: 884px) 100vw, 884px\" \/><\/a><\/p>\n<p style=\"text-align: justify;\">La compa\u00f1\u00eda americana RAY-BAN siempre ha estado muy vinculada a los pilotos de avi\u00f3n y al cine.<\/p>\n<p style=\"text-align: justify;\">El famoso modelo AVIATOR creado en los a\u00f1os 30\u00a0fue pensado especialmente para pilotos y militares. Gracias al comienzo del transporte a\u00e9reo y que algunos iconos de la \u00e9poca relacionados con la aviaci\u00f3n hicieron de estas gafas un sello personal, provocaron\u00a0que este modelo se hiciera muy popular entre hombres y mujeres.<\/p>\n<p style=\"text-align: justify;\">Y en la meca del cine, \u00bfQui\u00e9n no recuerda a\u00a0Audrey Hepburn\u00a0con las gafas Wayfarer en el famoso film \u201cDesayuno con diamantes&#8221;?\u00a0Y\u00a0pel\u00edculas como \u201cThe Blues Brothers\u201d o \u201cTop Gun\u201d, y las series de televisi\u00f3n, como \u201cMiami Vice\u201d. Y\u00a0RAY-BAN\u00a0continu\u00f3 apareciendo en el cine, en la escena m\u00e1s famosa de la pel\u00edcula \u201cReservoir Dogs\u201d varios de sus protagonistas aparecen usando Wayfarers, y en \u201cMen in Black\u201d, el nuevo modelo \u201cPredator\u201d.<\/p>\n<p style=\"text-align: justify;\">A pesar de los cambios que han transcurrido en los \u00faltimos 80 a\u00f1os, RAY-BAN ha conservado siempre su esp\u00edritu rompedor.<\/p>\n","protected":false},"excerpt":{"rendered":"<p>Fant\u00e1stica lona publicitaria de RAY-BAN en el emplazamiento Premium de VSA COMUNICACION en Paseo de Gracia \/ Gran V\u00eda de Barcelona, en su campa\u00f1a de publicidad exterior de su modelo MARSHAL, hechas para los que se atreven a sobresalir con [&hellip;]<\/p>\n","protected":false},"author":3,"featured_media":7616,"comment_status":"open","ping_status":"open","sticky":false,"template":"","format":"standard","meta":{"inline_featured_image":false,"footnotes":""},"categories":[1506,1488],"tags":[1704,1516,1664,1705,1706,1708,1693,1694,1619,1656,1609,1581,2081,1565,1585,1599,1586,1987,1671],"class_list":["post-11966","post","type-post","status-publish","format-standard","has-post-thumbnail","hentry","category-barcelona-en","category-lonas-publicitarias-en","tag-alto-prestigio-publicitario-en","tag-barcelona-en","tag-campana-publicitaria-en","tag-centro-ciudad-en","tag-emplazamiento-premium-en","tag-formato-espectacular-en","tag-gran-formato-en","tag-gran-notoriedad-en","tag-gran-via-en","tag-lonas-gran-formato-en","tag-lonas-publicitarias-2-en","tag-lonas-publicitarias-barcelona-en","tag-marshal-en","tag-publicidad-ciudades-en","tag-publicidad-exterior-en","tag-publicidad-gran-formato-en","tag-publicidad-urbana-en","tag-ray-ban-en","tag-trafico-rodado-en"],"_links":{"self":[{"href":"https:\/\/www.vsacomunicacion.com\/en\/wp-json\/wp\/v2\/posts\/11966"}],"collection":[{"href":"https:\/\/www.vsacomunicacion.com\/en\/wp-json\/wp\/v2\/posts"}],"about":[{"href":"https:\/\/www.vsacomunicacion.com\/en\/wp-json\/wp\/v2\/types\/post"}],"author":[{"embeddable":true,"href":"https:\/\/www.vsacomunicacion.com\/en\/wp-json\/wp\/v2\/users\/3"}],"replies":[{"embeddable":true,"href":"https:\/\/www.vsacomunicacion.com\/en\/wp-json\/wp\/v2\/comments?post=11966"}],"version-history":[{"count":0,"href":"https:\/\/www.vsacomunicacion.com\/en\/wp-json\/wp\/v2\/posts\/11966\/revisions"}],"wp:featuredmedia":[{"embeddable":true,"href":"https:\/\/www.vsacomunicacion.com\/en\/wp-json\/wp\/v2\/media\/7616"}],"wp:attachment":[{"href":"https:\/\/www.vsacomunicacion.com\/en\/wp-json\/wp\/v2\/media?parent=11966"}],"wp:term":[{"taxonomy":"category","embeddable":true,"href":"https:\/\/www.vsacomunicacion.com\/en\/wp-json\/wp\/v2\/categories?post=11966"},{"taxonomy":"post_tag","embeddable":true,"href":"https:\/\/www.vsacomunicacion.com\/en\/wp-json\/wp\/v2\/tags?post=11966"}],"curies":[{"name":"wp","href":"https:\/\/api.w.org\/{rel}","templated":true}]}}