{"id":11969,"date":"2018-05-16T14:12:12","date_gmt":"2018-05-16T14:12:12","guid":{"rendered":"https:\/\/www.vsacomunicacion.com\/lona-publicitaria-de-la-catedral-del-mar-en-madrid\/"},"modified":"2018-05-16T14:12:12","modified_gmt":"2018-05-16T14:12:12","slug":"lona-publicitaria-de-la-catedral-del-mar-en-madrid","status":"publish","type":"post","link":"https:\/\/www.vsacomunicacion.com\/en\/lona-publicitaria-de-la-catedral-del-mar-en-madrid\/","title":{"rendered":"Lona Publicitaria de LA CATEDRAL DEL MAR en Madrid"},"content":{"rendered":"<p style=\"text-align: justify;\">Nueva y espectacular <strong>lona publicitaria<\/strong> de <strong>LA CATEDRAL DEL MAR<\/strong>, la\u00a0nueva serie de<strong> ANTENA 3<\/strong> m\u00e1s esperada del momento que se estrenar\u00e1 este mismo mes de mayo, basada en el best-seller de Ildefonso Falcones, que ya avanzamos <a href=\"https:\/\/www.vsacomunicacion.com\/lona-publicitaria-de-la-catedral-del-maren-madrid\/\">hace unos d\u00edas<\/a>, en el emplazamiento de <strong>VSA COMUNICACION<\/strong> en la c\u00e9ntrica calle Alcal\u00e1 de<strong> Madrid<\/strong>.<\/p>\n<p><a href=\"https:\/\/www.vsacomunicacion.com\/wp-content\/uploads\/2018\/06\/lona-publicitaria-madrid-alcala-43-la-catedral-del-mar-estreno-antena-3-noche-vsa-comunicacion.jpg\" rel=\"attachment wp-att-4175\"><img fetchpriority=\"high\" decoding=\"async\" class=\"aligncenter size-full wp-image-4175\" src=\"https:\/\/www.vsacomunicacion.com\/wp-content\/uploads\/2018\/06\/lona-publicitaria-madrid-alcala-43-la-catedral-del-mar-estreno-antena-3-noche-vsa-comunicacion.jpg\" alt=\"lona-publicitaria-madrid-alcala-43-la-catedral-del-mar-estreno-antena-3-noche-vsa-comunicacion\" width=\"884\" height=\"626\" srcset=\"https:\/\/www.vsacomunicacion.com\/wp-content\/uploads\/2018\/06\/lona-publicitaria-madrid-alcala-43-la-catedral-del-mar-estreno-antena-3-noche-vsa-comunicacion.jpg 884w, https:\/\/www.vsacomunicacion.com\/wp-content\/uploads\/2018\/06\/lona-publicitaria-madrid-alcala-43-la-catedral-del-mar-estreno-antena-3-noche-vsa-comunicacion-300x212.jpg 300w, https:\/\/www.vsacomunicacion.com\/wp-content\/uploads\/2018\/06\/lona-publicitaria-madrid-alcala-43-la-catedral-del-mar-estreno-antena-3-noche-vsa-comunicacion-768x544.jpg 768w\" sizes=\"(max-width: 884px) 100vw, 884px\" \/><\/a><\/p>\n<p style=\"text-align: justify;\">La serie\u00a0<strong>LA CATEDRAL DEL MAR<\/strong>\u00a0transcurre en pleno siglo XIV, Barcelona vive uno de sus momentos m\u00e1s pr\u00f3speros:\u00a0la ciudad ha crecido hacia la Ribera, un humilde barrio de pescadores en el que se empieza a construir el mayor templo mariano jam\u00e1s conocido:\u00a0Santa Mar\u00eda del Mar.<\/p>\n<p style=\"text-align: justify;\"><a href=\"https:\/\/www.vsacomunicacion.com\/wp-content\/uploads\/2018\/06\/lona-publicitaria-madrid-alcala-43-la-catedral-del-mar-estreno-antena-3-frontal-vsa-comunicacion.jpg\" rel=\"attachment wp-att-4174\"><img decoding=\"async\" class=\"aligncenter size-full wp-image-4174\" src=\"https:\/\/www.vsacomunicacion.com\/wp-content\/uploads\/2018\/06\/lona-publicitaria-madrid-alcala-43-la-catedral-del-mar-estreno-antena-3-frontal-vsa-comunicacion.jpg\" alt=\"lona-publicitaria-madrid-alcala-43-la-catedral-del-mar-estreno-antena-3-frontal-vsa-comunicacion\" width=\"884\" height=\"626\" srcset=\"https:\/\/www.vsacomunicacion.com\/wp-content\/uploads\/2018\/06\/lona-publicitaria-madrid-alcala-43-la-catedral-del-mar-estreno-antena-3-frontal-vsa-comunicacion.jpg 884w, https:\/\/www.vsacomunicacion.com\/wp-content\/uploads\/2018\/06\/lona-publicitaria-madrid-alcala-43-la-catedral-del-mar-estreno-antena-3-frontal-vsa-comunicacion-300x212.jpg 300w, https:\/\/www.vsacomunicacion.com\/wp-content\/uploads\/2018\/06\/lona-publicitaria-madrid-alcala-43-la-catedral-del-mar-estreno-antena-3-frontal-vsa-comunicacion-768x544.jpg 768w\" sizes=\"(max-width: 884px) 100vw, 884px\" \/><\/a><\/p>\n<p style=\"text-align: justify;\">La construcci\u00f3n transcurre paralela a la vida de\u00a0Arnau Estanyol, un siervo de la tierra que, junto a su padre, Bernat Estanyol, huye de los abusos e humillaciones de reyes y\u00a0nobles feudales del campo y se refugia en Barcelona,\u00a0convirti\u00e9ndose en un hombre libre.<\/p>\n<p style=\"text-align: justify;\">Arnau trabajar\u00e1 como palafrenero, bastaix y soldado. Sin embargo, un trepidante ascenso social lo llevar\u00e1 de la miseria a una vida holgada como cambista, algo que despertar\u00e1 los recelos de sus enemigos, que urdir\u00e1n un complot y pondr\u00e1n su vida en manos de la Inquisici\u00f3n.<\/p>\n<p style=\"text-align: justify;\">Venganza, amor y traici\u00f3n\u00a0se entrecruzan en una fascinante historia que tiene como trasfondo una Barcelona medieval marcada por la intolerancia religiosa y la segregaci\u00f3n social\u2026<\/p>\n","protected":false},"excerpt":{"rendered":"<p>Nueva y espectacular lona publicitaria de LA CATEDRAL DEL MAR, la\u00a0nueva serie de ANTENA 3 m\u00e1s esperada del momento que se estrenar\u00e1 este mismo mes de mayo, basada en el best-seller de Ildefonso Falcones, que ya avanzamos hace unos d\u00edas, [&hellip;]<\/p>\n","protected":false},"author":3,"featured_media":7618,"comment_status":"open","ping_status":"open","sticky":false,"template":"","format":"standard","meta":{"inline_featured_image":false,"footnotes":""},"categories":[1488,1489],"tags":[1552,1704,2088,1664,1705,1706,1701,1708,1693,1694,2089,1609,1611,1499,1565,1585,1586,1671],"class_list":["post-11969","post","type-post","status-publish","format-standard","has-post-thumbnail","hentry","category-lonas-publicitarias-en","category-madrid-en","tag-alcala-en","tag-alto-prestigio-publicitario-en","tag-antena-3-en","tag-campana-publicitaria-en","tag-centro-ciudad-en","tag-emplazamiento-premium-en","tag-espectacular-en","tag-formato-espectacular-en","tag-gran-formato-en","tag-gran-notoriedad-en","tag-la-catedral-del-mar-en","tag-lonas-publicitarias-2-en","tag-lonas-publicitarias-madrid-en","tag-madrid-en","tag-publicidad-ciudades-en","tag-publicidad-exterior-en","tag-publicidad-urbana-en","tag-trafico-rodado-en"],"_links":{"self":[{"href":"https:\/\/www.vsacomunicacion.com\/en\/wp-json\/wp\/v2\/posts\/11969"}],"collection":[{"href":"https:\/\/www.vsacomunicacion.com\/en\/wp-json\/wp\/v2\/posts"}],"about":[{"href":"https:\/\/www.vsacomunicacion.com\/en\/wp-json\/wp\/v2\/types\/post"}],"author":[{"embeddable":true,"href":"https:\/\/www.vsacomunicacion.com\/en\/wp-json\/wp\/v2\/users\/3"}],"replies":[{"embeddable":true,"href":"https:\/\/www.vsacomunicacion.com\/en\/wp-json\/wp\/v2\/comments?post=11969"}],"version-history":[{"count":0,"href":"https:\/\/www.vsacomunicacion.com\/en\/wp-json\/wp\/v2\/posts\/11969\/revisions"}],"wp:featuredmedia":[{"embeddable":true,"href":"https:\/\/www.vsacomunicacion.com\/en\/wp-json\/wp\/v2\/media\/7618"}],"wp:attachment":[{"href":"https:\/\/www.vsacomunicacion.com\/en\/wp-json\/wp\/v2\/media?parent=11969"}],"wp:term":[{"taxonomy":"category","embeddable":true,"href":"https:\/\/www.vsacomunicacion.com\/en\/wp-json\/wp\/v2\/categories?post=11969"},{"taxonomy":"post_tag","embeddable":true,"href":"https:\/\/www.vsacomunicacion.com\/en\/wp-json\/wp\/v2\/tags?post=11969"}],"curies":[{"name":"wp","href":"https:\/\/api.w.org\/{rel}","templated":true}]}}