{"id":11974,"date":"2018-05-02T16:44:03","date_gmt":"2018-05-02T16:44:03","guid":{"rendered":"https:\/\/www.vsacomunicacion.com\/circuito-de-opis-para-biocoop-en-andorra\/"},"modified":"2018-05-02T16:44:03","modified_gmt":"2018-05-02T16:44:03","slug":"circuito-de-opis-para-biocoop-en-andorra","status":"publish","type":"post","link":"https:\/\/www.vsacomunicacion.com\/en\/circuito-de-opis-para-biocoop-en-andorra\/","title":{"rendered":"Circuito de Opis para BIOCOOP en Andorra"},"content":{"rendered":"<p style=\"text-align: justify;\"><strong>VSA COMUNICACION<\/strong> es una empresa especializada en el medio exterior\u00a0que ofrece a sus clientes una\u00a0amplia cartera de productos y soportes, de alta calidad y eficacia, que ofrece y una completa gama de servicios para acompa\u00f1ar al cliente y asesorarlo en su campa\u00f1a\u00a0de publicidad exterior\u00a0(desde la planificaci\u00f3n y las adaptaciones, hasta el servicio de producci\u00f3n y stock).<\/p>\n<p style=\"text-align: justify;\">En el Principado de Andorra disponemos de\u00a0un espectacular <strong>Mobiliario Urbano<\/strong> formado por un<strong>\u00a0Circuito de Opis<\/strong>, <strong>Tricaras<\/strong> y <strong>Vallas<\/strong> en el Principado de <strong>Andorra<\/strong>.<\/p>\n<p><a href=\"https:\/\/www.vsacomunicacion.com\/wp-content\/uploads\/2018\/05\/mobiliario-urbano-oppi-publicidad-exterior-biocoop-andorra-la-vella-vsa-comunicacion.jpg\" rel=\"attachment wp-att-4120\"><img fetchpriority=\"high\" decoding=\"async\" class=\"aligncenter size-full wp-image-4120\" src=\"https:\/\/www.vsacomunicacion.com\/wp-content\/uploads\/2018\/05\/mobiliario-urbano-oppi-publicidad-exterior-biocoop-andorra-la-vella-vsa-comunicacion.jpg\" alt=\"mobiliario-urbano-oppi-publicidad-exterior-biocoop-andorra-la-vella-vsa-comunicacion\" width=\"884\" height=\"626\" srcset=\"https:\/\/www.vsacomunicacion.com\/wp-content\/uploads\/2018\/05\/mobiliario-urbano-oppi-publicidad-exterior-biocoop-andorra-la-vella-vsa-comunicacion.jpg 884w, https:\/\/www.vsacomunicacion.com\/wp-content\/uploads\/2018\/05\/mobiliario-urbano-oppi-publicidad-exterior-biocoop-andorra-la-vella-vsa-comunicacion-300x212.jpg 300w, https:\/\/www.vsacomunicacion.com\/wp-content\/uploads\/2018\/05\/mobiliario-urbano-oppi-publicidad-exterior-biocoop-andorra-la-vella-vsa-comunicacion-768x544.jpg 768w\" sizes=\"(max-width: 884px) 100vw, 884px\" \/><\/a><\/p>\n<p style=\"text-align: justify;\">La primera tienda <strong>BIOCCOP<\/strong> en Andorra abre sus puertas el pr\u00f3ximo 18 de mayo!!!<\/p>\n<p style=\"text-align: justify;\">Con una gama de m\u00e1s de 5.000 productos BIO, y con m\u00e1s de 200 referencias a granel, la tienda BIOCOOP quiere desarrollar la oferta de productos BIO en Andorra e implantar la cultura y los valores BIOCOOP en el Principado. El proyecto tiene como misi\u00f3n promover la agricultura BIO en Andorra, inexistente hasta el momento, y de ofrecer una amplia gama de productos ecol\u00f3gicos a la poblaci\u00f3n andorrana a un precio asequible para todos.<\/p>\n<p><a href=\"https:\/\/www.vsacomunicacion.com\/wp-content\/uploads\/2018\/05\/mobiliario-urbano-oppi-publicidad-exterior-biocoop-cerca-andorra-la-vella-vsa-comunicacion.jpg\" rel=\"attachment wp-att-4121\"><img decoding=\"async\" class=\"aligncenter size-full wp-image-4121\" src=\"https:\/\/www.vsacomunicacion.com\/wp-content\/uploads\/2018\/05\/mobiliario-urbano-oppi-publicidad-exterior-biocoop-cerca-andorra-la-vella-vsa-comunicacion.jpg\" alt=\"mobiliario-urbano-oppi-publicidad-exterior-biocoop-cerca-andorra-la-vella-vsa-comunicacion\" width=\"884\" height=\"626\" srcset=\"https:\/\/www.vsacomunicacion.com\/wp-content\/uploads\/2018\/05\/mobiliario-urbano-oppi-publicidad-exterior-biocoop-cerca-andorra-la-vella-vsa-comunicacion.jpg 884w, https:\/\/www.vsacomunicacion.com\/wp-content\/uploads\/2018\/05\/mobiliario-urbano-oppi-publicidad-exterior-biocoop-cerca-andorra-la-vella-vsa-comunicacion-300x212.jpg 300w, https:\/\/www.vsacomunicacion.com\/wp-content\/uploads\/2018\/05\/mobiliario-urbano-oppi-publicidad-exterior-biocoop-cerca-andorra-la-vella-vsa-comunicacion-768x544.jpg 768w\" sizes=\"(max-width: 884px) 100vw, 884px\" \/><\/a><\/p>\n<p style=\"text-align: justify;\">La tienda <strong>BIOCOOP<\/strong>, con una superficie de 500 m\u00b2, tambi\u00e9n transmite la identidad y la cultura andorranas, con una imagen y una decoraci\u00f3n inspirada en las\u00a0<em>bordas<\/em> andorranas, la monta\u00f1a y sus fuentes.<\/p>\n<p style=\"text-align: justify;\">La tranquilidad y la calma impregnan el ambiente de la tienda. Un sal\u00f3n de t\u00e9, un espacio infantil l\u00fadico y educativo, as\u00ed como un aparcamiento justo enfrente, caracterizan este espacio diferenciado con gran confort para tu compra.<\/p>\n<p style=\"text-align: justify;\">Un equipo acogedor y profesional os acompa\u00f1ar\u00e1 para descubrir el mundo de productos BIO y el universo ecol\u00f3gico y hacer de BIOCOOP vuestra marca de referencia en Andorra.<\/p>\n<p style=\"text-align: justify;\">Porque somos lo que comemos y sobretodo, comemos lo que queremos, BIOOCOP llega a Andorra con una nueva oferta de alimentaci\u00f3n y productos BIO, comprometidos con los valores para el consumo responsable, el respeto a las personas y al medio ambiente, y a la identidad andorrana.<\/p>\n<p style=\"text-align: justify;\"><em>Recuerda: El pr\u00f3ximo 18 de mayo te esperamos en la tienda BIOCOOP situada en la Avenida del Fener, 41!!<\/em><\/p>\n","protected":false},"excerpt":{"rendered":"<p>VSA COMUNICACION es una empresa especializada en el medio exterior\u00a0que ofrece a sus clientes una\u00a0amplia cartera de productos y soportes, de alta calidad y eficacia, que ofrece y una completa gama de servicios para acompa\u00f1ar al cliente y asesorarlo en [&hellip;]<\/p>\n","protected":false},"author":3,"featured_media":7600,"comment_status":"open","ping_status":"open","sticky":false,"template":"","format":"standard","meta":{"inline_featured_image":false,"footnotes":""},"categories":[1543,1544],"tags":[1704,1763,1764,2094,1664,1705,1781,1694,2056,2057,1565,1585,1586,1671],"class_list":["post-11974","post","type-post","status-publish","format-standard","has-post-thumbnail","hentry","category-andorra-en","category-mobiliario-urbano-en","tag-alto-prestigio-publicitario-en","tag-andorra-en","tag-andorra-la-vella-en","tag-biocoop-en","tag-campana-publicitaria-en","tag-centro-ciudad-en","tag-circuito-urbano-en","tag-gran-notoriedad-en","tag-mobiliario-urbano-andorra-en","tag-opis-en","tag-publicidad-ciudades-en","tag-publicidad-exterior-en","tag-publicidad-urbana-en","tag-trafico-rodado-en"],"_links":{"self":[{"href":"https:\/\/www.vsacomunicacion.com\/en\/wp-json\/wp\/v2\/posts\/11974"}],"collection":[{"href":"https:\/\/www.vsacomunicacion.com\/en\/wp-json\/wp\/v2\/posts"}],"about":[{"href":"https:\/\/www.vsacomunicacion.com\/en\/wp-json\/wp\/v2\/types\/post"}],"author":[{"embeddable":true,"href":"https:\/\/www.vsacomunicacion.com\/en\/wp-json\/wp\/v2\/users\/3"}],"replies":[{"embeddable":true,"href":"https:\/\/www.vsacomunicacion.com\/en\/wp-json\/wp\/v2\/comments?post=11974"}],"version-history":[{"count":0,"href":"https:\/\/www.vsacomunicacion.com\/en\/wp-json\/wp\/v2\/posts\/11974\/revisions"}],"wp:featuredmedia":[{"embeddable":true,"href":"https:\/\/www.vsacomunicacion.com\/en\/wp-json\/wp\/v2\/media\/7600"}],"wp:attachment":[{"href":"https:\/\/www.vsacomunicacion.com\/en\/wp-json\/wp\/v2\/media?parent=11974"}],"wp:term":[{"taxonomy":"category","embeddable":true,"href":"https:\/\/www.vsacomunicacion.com\/en\/wp-json\/wp\/v2\/categories?post=11974"},{"taxonomy":"post_tag","embeddable":true,"href":"https:\/\/www.vsacomunicacion.com\/en\/wp-json\/wp\/v2\/tags?post=11974"}],"curies":[{"name":"wp","href":"https:\/\/api.w.org\/{rel}","templated":true}]}}