{"id":11976,"date":"2018-05-01T04:34:44","date_gmt":"2018-05-01T04:34:44","guid":{"rendered":"https:\/\/www.vsacomunicacion.com\/lona-publicitaria-de-la-catedral-del-maren-madrid\/"},"modified":"2018-05-01T04:34:44","modified_gmt":"2018-05-01T04:34:44","slug":"lona-publicitaria-de-la-catedral-del-maren-madrid","status":"publish","type":"post","link":"https:\/\/www.vsacomunicacion.com\/en\/lona-publicitaria-de-la-catedral-del-maren-madrid\/","title":{"rendered":"Lona Publicitaria de &#8220;La Catedral del Mar&#8221;en Madrid"},"content":{"rendered":"<p style=\"text-align: justify;\">En el ic\u00f3nico emplazamiento de <strong>VSA COMUNICACION<\/strong> en la confluencia de las emblem\u00e1ticas y transitadas calles Gran V\u00eda y Alcal\u00e1 de <strong>Madrid<\/strong> se exhibe\u00a0una original <strong>lona publicitaria<\/strong> que, con motivo del pr\u00f3ximo estreno\u00a0de la serie &#8220;<strong>LA CATEDRAL DEL MAR<\/strong>&#8221; en <strong>ANTENA 3<\/strong>, nos propone participar en su construcci\u00f3n virtual colocando tu propio bloque de piedra personalizado en la catedral.<\/p>\n<p style=\"text-align: justify;\"><a href=\"https:\/\/www.vsacomunicacion.com\/wp-content\/uploads\/2018\/04\/lona-publicitaria-madrid-alcala-43-la-catedral-del-mar-antena-3-noche-vsa-comunicacion.jpg\" rel=\"attachment wp-att-4045\"><img fetchpriority=\"high\" decoding=\"async\" class=\"aligncenter size-full wp-image-4045\" src=\"https:\/\/www.vsacomunicacion.com\/wp-content\/uploads\/2018\/04\/lona-publicitaria-madrid-alcala-43-la-catedral-del-mar-antena-3-noche-vsa-comunicacion.jpg\" alt=\"lona-publicitaria-madrid-alcala-43-la-catedral-del-mar-antena-3-noche-vsa-comunicacion\" width=\"884\" height=\"626\" srcset=\"https:\/\/www.vsacomunicacion.com\/wp-content\/uploads\/2018\/04\/lona-publicitaria-madrid-alcala-43-la-catedral-del-mar-antena-3-noche-vsa-comunicacion.jpg 884w, https:\/\/www.vsacomunicacion.com\/wp-content\/uploads\/2018\/04\/lona-publicitaria-madrid-alcala-43-la-catedral-del-mar-antena-3-noche-vsa-comunicacion-300x212.jpg 300w, https:\/\/www.vsacomunicacion.com\/wp-content\/uploads\/2018\/04\/lona-publicitaria-madrid-alcala-43-la-catedral-del-mar-antena-3-noche-vsa-comunicacion-768x544.jpg 768w\" sizes=\"(max-width: 884px) 100vw, 884px\" \/><\/a><\/p>\n<p style=\"text-align: justify;\">Se buscan fieles para la construcci\u00f3n de la Catedral del Pueblo&#8230; \u00bfQuieres ser t\u00fa uno de ellos?<\/p>\n<p style=\"text-align: justify;\">Puedes participar escribiendo un post con el hashtag #ConstruyeLaCatedral en tu cuenta de Twitter y el mensaje que quieras grabar en tu bloque o rellenando el formulario de la web\u00a0<a href=\"http:\/\/www.antena3.com\/series\/la-catedral-del-mar\/la-cripta\/\" target=\"_blank\" rel=\"noopener\">construyendolacatedral<\/a>\u00a0con tu nombre y correo electr\u00f3nico.<\/p>\n<p style=\"text-align: justify;\">Adem\u00e1s, solo por participar, podr\u00e1s ganar uno de los cinco viajes para dos personas por Europa, recorriendo la ruta de algunas de las catedrales m\u00e1s emblem\u00e1ticas del mundo. Durante la emisi\u00f3n en televisi\u00f3n del primer cap\u00edtulo se desvelar\u00e1 qu\u00e9 n\u00fameros de bloque son los ganadores.<\/p>\n<p style=\"text-align: justify;\"><a href=\"https:\/\/www.vsacomunicacion.com\/wp-content\/uploads\/2018\/04\/lona-publicitaria-madrid-alcala-43-la-catedral-del-mar-antena-3-dia-vsa-comunicacion.jpg\" rel=\"attachment wp-att-4046\"><img decoding=\"async\" class=\"aligncenter size-full wp-image-4046\" src=\"https:\/\/www.vsacomunicacion.com\/wp-content\/uploads\/2018\/04\/lona-publicitaria-madrid-alcala-43-la-catedral-del-mar-antena-3-dia-vsa-comunicacion.jpg\" alt=\"lona-publicitaria-madrid-alcala-43-la-catedral-del-mar-antena-3-dia-vsa-comunicacion\" width=\"884\" height=\"626\" srcset=\"https:\/\/www.vsacomunicacion.com\/wp-content\/uploads\/2018\/04\/lona-publicitaria-madrid-alcala-43-la-catedral-del-mar-antena-3-dia-vsa-comunicacion.jpg 884w, https:\/\/www.vsacomunicacion.com\/wp-content\/uploads\/2018\/04\/lona-publicitaria-madrid-alcala-43-la-catedral-del-mar-antena-3-dia-vsa-comunicacion-300x212.jpg 300w, https:\/\/www.vsacomunicacion.com\/wp-content\/uploads\/2018\/04\/lona-publicitaria-madrid-alcala-43-la-catedral-del-mar-antena-3-dia-vsa-comunicacion-768x544.jpg 768w\" sizes=\"(max-width: 884px) 100vw, 884px\" \/><\/a><\/p>\n<p style=\"text-align: justify;\"><strong>LA CATEDRAL DEL MAR<\/strong> es\u00a0la nueva serie que pr\u00f3ximamente podremos ver en prime time en ANTENA 3.<\/p>\n<p style=\"text-align: justify;\">Ha sido producida por SERIE ATRESMEDIA en colaboraci\u00f3n con DIAGONAL TV\u00a0y est\u00e1 basada en el best seller de Ildefonso Facones con m\u00e1s de seis millones de libros vendidos y traducido a m\u00e1s de 31 idiomas.<\/p>\n<p style=\"text-align: justify;\"><a href=\"https:\/\/www.vsacomunicacion.com\/wp-content\/uploads\/2018\/04\/lona-publicitaria-madrid-alcala-43-la-catedral-del-mar-antena-3-frontal-vsa-comunicacion.jpg\" rel=\"attachment wp-att-4047\"><img decoding=\"async\" class=\"aligncenter size-full wp-image-4047\" src=\"https:\/\/www.vsacomunicacion.com\/wp-content\/uploads\/2018\/04\/lona-publicitaria-madrid-alcala-43-la-catedral-del-mar-antena-3-frontal-vsa-comunicacion.jpg\" alt=\"lona-publicitaria-madrid-alcala-43-la-catedral-del-mar-antena-3-frontal-vsa-comunicacion\" width=\"884\" height=\"626\" srcset=\"https:\/\/www.vsacomunicacion.com\/wp-content\/uploads\/2018\/04\/lona-publicitaria-madrid-alcala-43-la-catedral-del-mar-antena-3-frontal-vsa-comunicacion.jpg 884w, https:\/\/www.vsacomunicacion.com\/wp-content\/uploads\/2018\/04\/lona-publicitaria-madrid-alcala-43-la-catedral-del-mar-antena-3-frontal-vsa-comunicacion-300x212.jpg 300w, https:\/\/www.vsacomunicacion.com\/wp-content\/uploads\/2018\/04\/lona-publicitaria-madrid-alcala-43-la-catedral-del-mar-antena-3-frontal-vsa-comunicacion-768x544.jpg 768w\" sizes=\"(max-width: 884px) 100vw, 884px\" \/><\/a><\/p>\n<p style=\"text-align: justify;\">Dirigida por el premiado director Jordi Frades, adaptada por Rodolf Sirera y guionizada por Antonio Onetti y Sergio Barrej\u00f3n. Y ser\u00eda imperdonable no\u00a0hici\u00e9ramos menci\u00f3n del\u00a0espectacular\u00a0reparto de actores elegidos\u00a0como son el gran Josep Mar\u00eda Pou, S\u00edlvia Abascal, Daniel Grao\u00a0o Aitor Luna entre muchos otros.<\/p>\n<p style=\"text-align: justify;\">\n","protected":false},"excerpt":{"rendered":"<p>En el ic\u00f3nico emplazamiento de VSA COMUNICACION en la confluencia de las emblem\u00e1ticas y transitadas calles Gran V\u00eda y Alcal\u00e1 de Madrid se exhibe\u00a0una original lona publicitaria que, con motivo del pr\u00f3ximo estreno\u00a0de la serie &#8220;LA CATEDRAL DEL MAR&#8221; en [&hellip;]<\/p>\n","protected":false},"author":3,"featured_media":7581,"comment_status":"open","ping_status":"open","sticky":false,"template":"","format":"standard","meta":{"inline_featured_image":false,"footnotes":""},"categories":[1488,1489],"tags":[2097,1552,1704,2088,1664,1705,1706,1708,1693,1694,1619,2089,2098,1680,1656,1609,1611,1499,1565,1585,1599,1586,1671],"class_list":["post-11976","post","type-post","status-publish","format-standard","has-post-thumbnail","hentry","category-lonas-publicitarias-en","category-madrid-en","tag-construyelacatedral-en","tag-alcala-en","tag-alto-prestigio-publicitario-en","tag-antena-3-en","tag-campana-publicitaria-en","tag-centro-ciudad-en","tag-emplazamiento-premium-en","tag-formato-espectacular-en","tag-gran-formato-en","tag-gran-notoriedad-en","tag-gran-via-en","tag-la-catedral-del-mar-en","tag-la-catedral-del-pueblo-en","tag-lona-espectacular-en","tag-lonas-gran-formato-en","tag-lonas-publicitarias-2-en","tag-lonas-publicitarias-madrid-en","tag-madrid-en","tag-publicidad-ciudades-en","tag-publicidad-exterior-en","tag-publicidad-gran-formato-en","tag-publicidad-urbana-en","tag-trafico-rodado-en"],"_links":{"self":[{"href":"https:\/\/www.vsacomunicacion.com\/en\/wp-json\/wp\/v2\/posts\/11976"}],"collection":[{"href":"https:\/\/www.vsacomunicacion.com\/en\/wp-json\/wp\/v2\/posts"}],"about":[{"href":"https:\/\/www.vsacomunicacion.com\/en\/wp-json\/wp\/v2\/types\/post"}],"author":[{"embeddable":true,"href":"https:\/\/www.vsacomunicacion.com\/en\/wp-json\/wp\/v2\/users\/3"}],"replies":[{"embeddable":true,"href":"https:\/\/www.vsacomunicacion.com\/en\/wp-json\/wp\/v2\/comments?post=11976"}],"version-history":[{"count":0,"href":"https:\/\/www.vsacomunicacion.com\/en\/wp-json\/wp\/v2\/posts\/11976\/revisions"}],"wp:featuredmedia":[{"embeddable":true,"href":"https:\/\/www.vsacomunicacion.com\/en\/wp-json\/wp\/v2\/media\/7581"}],"wp:attachment":[{"href":"https:\/\/www.vsacomunicacion.com\/en\/wp-json\/wp\/v2\/media?parent=11976"}],"wp:term":[{"taxonomy":"category","embeddable":true,"href":"https:\/\/www.vsacomunicacion.com\/en\/wp-json\/wp\/v2\/categories?post=11976"},{"taxonomy":"post_tag","embeddable":true,"href":"https:\/\/www.vsacomunicacion.com\/en\/wp-json\/wp\/v2\/tags?post=11976"}],"curies":[{"name":"wp","href":"https:\/\/api.w.org\/{rel}","templated":true}]}}