{"id":11978,"date":"2018-04-23T14:39:32","date_gmt":"2018-04-23T14:39:32","guid":{"rendered":"https:\/\/www.vsacomunicacion.com\/opis-para-la-campana-de-unicef-andorra\/"},"modified":"2018-04-23T14:39:32","modified_gmt":"2018-04-23T14:39:32","slug":"opis-para-la-campana-de-unicef-andorra","status":"publish","type":"post","link":"https:\/\/www.vsacomunicacion.com\/en\/opis-para-la-campana-de-unicef-andorra\/","title":{"rendered":"Opis para la Campa\u00f1a de UNICEF ANDORRA"},"content":{"rendered":"<p style=\"text-align: justify;\">Un a\u00f1o m\u00e1s,\u00a0<strong>VSA COMUNICACION<\/strong> ha colaborado con <strong>UNICEF ANDORRA<\/strong>, con el objetivo de ayudar a dar difusi\u00f3n de su campa\u00f1a en la lucha contra la mortalidad infantil,\u00a0<strong>#cadaVIDAcompta<\/strong> (<em>#cadaVIDAcuenta<\/em>), a trav\u00e9s de nuestro Circuito de Mobiliario Urbano en Andorra la Vella.\u00a0En VSA COMUNICACION gestionamos de forma responsable nuestro patrimonio publicitario para contribuir de manera activa en el bienestar social, econ\u00f3mico y medioambiental:\u00a0Responsabilidad Social Corporativa (RSC).<\/p>\n<p style=\"text-align: justify;\"><a href=\"https:\/\/www.vsacomunicacion.com\/wp-content\/uploads\/2018\/05\/mobiliario-urbano-oppi-publicidad-exterior-unicef-rsc-andorra-la-vella-vsa-comunicacion.jpg\" rel=\"attachment wp-att-4055\"><img fetchpriority=\"high\" decoding=\"async\" class=\"aligncenter size-full wp-image-4055\" src=\"https:\/\/www.vsacomunicacion.com\/wp-content\/uploads\/2018\/05\/mobiliario-urbano-oppi-publicidad-exterior-unicef-rsc-andorra-la-vella-vsa-comunicacion.jpg\" alt=\"mobiliario-urbano-oppi-publicidad-exterior-unicef-rsc-andorra-la-vella-vsa-comunicacion\" width=\"884\" height=\"626\" srcset=\"https:\/\/www.vsacomunicacion.com\/wp-content\/uploads\/2018\/05\/mobiliario-urbano-oppi-publicidad-exterior-unicef-rsc-andorra-la-vella-vsa-comunicacion.jpg 884w, https:\/\/www.vsacomunicacion.com\/wp-content\/uploads\/2018\/05\/mobiliario-urbano-oppi-publicidad-exterior-unicef-rsc-andorra-la-vella-vsa-comunicacion-300x212.jpg 300w, https:\/\/www.vsacomunicacion.com\/wp-content\/uploads\/2018\/05\/mobiliario-urbano-oppi-publicidad-exterior-unicef-rsc-andorra-la-vella-vsa-comunicacion-768x544.jpg 768w\" sizes=\"(max-width: 884px) 100vw, 884px\" \/><\/a><\/p>\n<p style=\"text-align: justify;\"><span class=\"notranslate\">Hasta el pr\u00f3ximo mes de diciembre, el Comit\u00e9 Nacional de Andorra por <strong>UNICEF<\/strong>, pone en marcha su campa\u00f1a anual &#8220;Cada VIDA Cuenta&#8221; con el objetivo de reducir la mortalidad infantil.<\/span><\/p>\n<p style=\"text-align: justify;\"><span class=\"notranslate\">A\u00fan hoy en d\u00eda, cada d\u00eda mueren 7.000 reci\u00e9n nacidos por causas que se podr\u00edan evitar con el acceso a centros de salud equipados con electricidad, agua y jab\u00f3n, con personal de salud formado y suficiente, con medicinas y productos que hacen posible salvar las vidas de las madres y sus beb\u00e9s y empoderando a las familias, madres y adolescentes para que exijan y reciban tratamientos de calidad.<\/span><\/p>\n<p style=\"text-align: justify;\"><a href=\"https:\/\/www.vsacomunicacion.com\/wp-content\/uploads\/2018\/05\/mobiliario-urbano-oppi-publicidad-exterior-unicef-rsc-2-andorra-la-vella-vsa-comunicacion.jpg\" rel=\"attachment wp-att-4056\"><img decoding=\"async\" class=\"aligncenter size-full wp-image-4056\" src=\"https:\/\/www.vsacomunicacion.com\/wp-content\/uploads\/2018\/05\/mobiliario-urbano-oppi-publicidad-exterior-unicef-rsc-2-andorra-la-vella-vsa-comunicacion.jpg\" alt=\"mobiliario-urbano-oppi-publicidad-exterior-unicef-rsc-2-andorra-la-vella-vsa-comunicacion\" width=\"884\" height=\"626\" srcset=\"https:\/\/www.vsacomunicacion.com\/wp-content\/uploads\/2018\/05\/mobiliario-urbano-oppi-publicidad-exterior-unicef-rsc-2-andorra-la-vella-vsa-comunicacion.jpg 884w, https:\/\/www.vsacomunicacion.com\/wp-content\/uploads\/2018\/05\/mobiliario-urbano-oppi-publicidad-exterior-unicef-rsc-2-andorra-la-vella-vsa-comunicacion-300x212.jpg 300w, https:\/\/www.vsacomunicacion.com\/wp-content\/uploads\/2018\/05\/mobiliario-urbano-oppi-publicidad-exterior-unicef-rsc-2-andorra-la-vella-vsa-comunicacion-768x544.jpg 768w\" sizes=\"(max-width: 884px) 100vw, 884px\" \/><\/a><\/p>\n<p style=\"text-align: justify;\"><span class=\"notranslate\">Durante todos estos meses, se podr\u00e1 colaborar enviando un SMS con la palabra UNICEF al 606\u00a0haciendo un donativo de\u00a0UN euro por cada mensaje enviado.<\/span>\u00a0<span class=\"notranslate\">Tambi\u00e9n se puede colaborar haciendo una donaci\u00f3n a trav\u00e9s de su web\u00a0<a href=\"http:\/\/www.unicef.ad\/\" target=\"_blank\" rel=\"noopener\">www.unicef.ad<\/a>\u00a0.<\/span>\u00a0<span class=\"notranslate\">Adem\u00e1s, <strong>UNICEF \u200b\u200bANDORRA<\/strong>\u00a0y sus colaboradores, organizar\u00e1n diferentes actos y acciones para que todos puedan colaborar y participar.<\/span>\u00a0<span class=\"notranslate\">Los fondos obtenidos se destinar\u00e1n a los programas de supervivencia neonatal de UNICEF, centrado en estos diez pa\u00edses que representan m\u00e1s de la mitad de todas las muertes de reci\u00e9n nacidos del mundo:\u00a0Bangladesh, Etiop\u00eda, Guinea Bissau, India, Indonesia, Malawi, Mali, Nigeria, Pakist\u00e1n y Tanzania.<\/span><\/p>\n<p style=\"text-align: justify;\">\n","protected":false},"excerpt":{"rendered":"<p>Un a\u00f1o m\u00e1s,\u00a0VSA COMUNICACION ha colaborado con UNICEF ANDORRA, con el objetivo de ayudar a dar difusi\u00f3n de su campa\u00f1a en la lucha contra la mortalidad infantil,\u00a0#cadaVIDAcompta (#cadaVIDAcuenta), a trav\u00e9s de nuestro Circuito de Mobiliario Urbano en Andorra la Vella.\u00a0En [&hellip;]<\/p>\n","protected":false},"author":3,"featured_media":7582,"comment_status":"open","ping_status":"open","sticky":false,"template":"","format":"standard","meta":{"inline_featured_image":false,"footnotes":""},"categories":[1543,1544],"tags":[2099,1879,1763,1764,1664,1705,1694,2056,1565,1585,1586,1671,2100,2101],"class_list":["post-11978","post","type-post","status-publish","format-standard","has-post-thumbnail","hentry","category-andorra-en","category-mobiliario-urbano-en","tag-cadavidacompta-en","tag-cadavidacuenta-en","tag-andorra-en","tag-andorra-la-vella-en","tag-campana-publicitaria-en","tag-centro-ciudad-en","tag-gran-notoriedad-en","tag-mobiliario-urbano-andorra-en","tag-publicidad-ciudades-en","tag-publicidad-exterior-en","tag-publicidad-urbana-en","tag-trafico-rodado-en","tag-unicef-en","tag-unicef-andorra-en"],"_links":{"self":[{"href":"https:\/\/www.vsacomunicacion.com\/en\/wp-json\/wp\/v2\/posts\/11978"}],"collection":[{"href":"https:\/\/www.vsacomunicacion.com\/en\/wp-json\/wp\/v2\/posts"}],"about":[{"href":"https:\/\/www.vsacomunicacion.com\/en\/wp-json\/wp\/v2\/types\/post"}],"author":[{"embeddable":true,"href":"https:\/\/www.vsacomunicacion.com\/en\/wp-json\/wp\/v2\/users\/3"}],"replies":[{"embeddable":true,"href":"https:\/\/www.vsacomunicacion.com\/en\/wp-json\/wp\/v2\/comments?post=11978"}],"version-history":[{"count":0,"href":"https:\/\/www.vsacomunicacion.com\/en\/wp-json\/wp\/v2\/posts\/11978\/revisions"}],"wp:featuredmedia":[{"embeddable":true,"href":"https:\/\/www.vsacomunicacion.com\/en\/wp-json\/wp\/v2\/media\/7582"}],"wp:attachment":[{"href":"https:\/\/www.vsacomunicacion.com\/en\/wp-json\/wp\/v2\/media?parent=11978"}],"wp:term":[{"taxonomy":"category","embeddable":true,"href":"https:\/\/www.vsacomunicacion.com\/en\/wp-json\/wp\/v2\/categories?post=11978"},{"taxonomy":"post_tag","embeddable":true,"href":"https:\/\/www.vsacomunicacion.com\/en\/wp-json\/wp\/v2\/tags?post=11978"}],"curies":[{"name":"wp","href":"https:\/\/api.w.org\/{rel}","templated":true}]}}