{"id":11980,"date":"2018-04-16T03:53:26","date_gmt":"2018-04-16T03:53:26","guid":{"rendered":"https:\/\/www.vsacomunicacion.com\/pym-de-idealista-en-madrid\/"},"modified":"2018-04-16T03:53:26","modified_gmt":"2018-04-16T03:53:26","slug":"pym-de-idealista-en-madrid","status":"publish","type":"post","link":"https:\/\/www.vsacomunicacion.com\/en\/pym-de-idealista-en-madrid\/","title":{"rendered":"Pym&#8217;s de IDEALISTA en Madrid"},"content":{"rendered":"<p style=\"text-align: justify;\">Los\u00a0<strong><a href=\"https:\/\/www.vsacomunicacion.com\/es\/productos-publicidad-exterior-pyms\">Circuitos urbanos de PYM\u2019s<\/a><\/strong> de <strong>VSA COMUNICACION<\/strong>, presente en las principales ciudades del pa\u00eds, han sido estrat\u00e9gicamente ubicados en calles con gran concentraci\u00f3n de tr\u00e1fico rodado y peatonal, consiguiendo as\u00ed la m\u00e1xima cobertura con el m\u00ednimo n\u00famero de soportes.<\/p>\n<p style=\"text-align: justify;\"><a href=\"https:\/\/www.vsacomunicacion.com\/wp-content\/uploads\/2018\/04\/pym-madrid-avenida-ciudad-de-barcelona-81-idealista-vsa-comunicacion.jpg\" rel=\"attachment wp-att-3991\"><img fetchpriority=\"high\" decoding=\"async\" class=\"aligncenter size-full wp-image-3991\" src=\"https:\/\/www.vsacomunicacion.com\/wp-content\/uploads\/2018\/04\/pym-madrid-avenida-ciudad-de-barcelona-81-idealista-vsa-comunicacion.jpg\" alt=\"pym-madrid-avenida-ciudad-de-barcelona-81-idealista-vsa-comunicacion\" width=\"884\" height=\"626\" srcset=\"https:\/\/www.vsacomunicacion.com\/wp-content\/uploads\/2018\/04\/pym-madrid-avenida-ciudad-de-barcelona-81-idealista-vsa-comunicacion.jpg 884w, https:\/\/www.vsacomunicacion.com\/wp-content\/uploads\/2018\/04\/pym-madrid-avenida-ciudad-de-barcelona-81-idealista-vsa-comunicacion-300x212.jpg 300w, https:\/\/www.vsacomunicacion.com\/wp-content\/uploads\/2018\/04\/pym-madrid-avenida-ciudad-de-barcelona-81-idealista-vsa-comunicacion-768x544.jpg 768w\" sizes=\"(max-width: 884px) 100vw, 884px\" \/><\/a><\/p>\n<p style=\"text-align: justify;\">En esta ocasi\u00f3n, <strong>IDEALISTA<\/strong>, el conocido portal inmobiliario que opera a trav\u00e9s de internet, ha elegido el\u00a0Circuito de Pym&#8217;s de VSA COMUNICACION de la ciudad de Madrid que, gracias a su\u00a0t\u00e1ctica\u00a0ubicaci\u00f3n y a la fant\u00e1stica creatividad elegida por el cliente, muy apropiada\u00a0para el medio exterior, hacen que la publicidad tenga una visibilidad extraordinaria.<\/p>\n<p style=\"text-align: justify;\">IDEALISTA es tu portal inmobiliario no solo en Espa\u00f1a, tambi\u00e9n en Italia y Portugal.<\/p>\n<p style=\"text-align: justify;\"><a href=\"https:\/\/www.vsacomunicacion.com\/wp-content\/uploads\/2018\/04\/pym-madrid-raimundo-fernandez-villaberde-10-idealista-vsa-comunicacion.jpg\" rel=\"attachment wp-att-4000\"><img decoding=\"async\" class=\"aligncenter size-full wp-image-4000\" src=\"https:\/\/www.vsacomunicacion.com\/wp-content\/uploads\/2018\/04\/pym-madrid-raimundo-fernandez-villaberde-10-idealista-vsa-comunicacion.jpg\" alt=\"pym-madrid-raimundo-fernandez-villaberde-10-idealista-vsa-comunicacion\" width=\"884\" height=\"626\" srcset=\"https:\/\/www.vsacomunicacion.com\/wp-content\/uploads\/2018\/04\/pym-madrid-raimundo-fernandez-villaberde-10-idealista-vsa-comunicacion.jpg 884w, https:\/\/www.vsacomunicacion.com\/wp-content\/uploads\/2018\/04\/pym-madrid-raimundo-fernandez-villaberde-10-idealista-vsa-comunicacion-300x212.jpg 300w, https:\/\/www.vsacomunicacion.com\/wp-content\/uploads\/2018\/04\/pym-madrid-raimundo-fernandez-villaberde-10-idealista-vsa-comunicacion-768x544.jpg 768w\" sizes=\"(max-width: 884px) 100vw, 884px\" \/><\/a><\/p>\n<p style=\"text-align: justify;\">En <strong>IDEALISTA<\/strong>, para combatir la penumbra y falta de transparencia que conlleva el proceso de b\u00fasqueda de una casa, han querido aportar luz y claridad en la oscuridad. \u00bfC\u00f3mo? Muy sencillo, haciendo su trabajo apoyados en los valores de la compa\u00f1\u00eda: confianza, claridad, optimismo y transparencia.<br \/>\n<a href=\"https:\/\/www.vsacomunicacion.com\/wp-content\/uploads\/2018\/04\/pym-madrid-avenida-ciudad-de-barcelona-81-2-idealista-vsa-comunicacion.jpg\" rel=\"attachment wp-att-3992\"><img decoding=\"async\" class=\"aligncenter size-full wp-image-3992\" src=\"https:\/\/www.vsacomunicacion.com\/wp-content\/uploads\/2018\/04\/pym-madrid-avenida-ciudad-de-barcelona-81-2-idealista-vsa-comunicacion.jpg\" alt=\"pym-madrid-avenida-ciudad-de-barcelona-81-2-idealista-vsa-comunicacion\" width=\"884\" height=\"626\" srcset=\"https:\/\/www.vsacomunicacion.com\/wp-content\/uploads\/2018\/04\/pym-madrid-avenida-ciudad-de-barcelona-81-2-idealista-vsa-comunicacion.jpg 884w, https:\/\/www.vsacomunicacion.com\/wp-content\/uploads\/2018\/04\/pym-madrid-avenida-ciudad-de-barcelona-81-2-idealista-vsa-comunicacion-300x212.jpg 300w, https:\/\/www.vsacomunicacion.com\/wp-content\/uploads\/2018\/04\/pym-madrid-avenida-ciudad-de-barcelona-81-2-idealista-vsa-comunicacion-768x544.jpg 768w\" sizes=\"(max-width: 884px) 100vw, 884px\" \/><\/a><\/p>\n<p style=\"text-align: justify;\">La compa\u00f1\u00eda IDEALISTA fue fundada el a\u00f1o 2000 por Jes\u00fas Encinar,\u00a0dej\u00e1ndolo todo para crear una p\u00e1gina web que ayudara a la gente a encontrar casa. Pero no quer\u00eda adentrarse solo a esta aventura, y\u00a0escogi\u00f3 a C\u00e9sar Oteiza, Cofundador y Director de Operaciones y a Fernando Encinar, tambi\u00e9n Cofundador, Director de Comunicaci\u00f3n y Jefe de Estudios, adem\u00e1s de los respectivos Directores de cada Departamento.<\/p>\n<p style=\"text-align: justify;\"><em>TU CASA ES DONDE EST\u00c1N TUS LIBROS!!<\/em><\/p>\n","protected":false},"excerpt":{"rendered":"<p>Los\u00a0Circuitos urbanos de PYM\u2019s de VSA COMUNICACION, presente en las principales ciudades del pa\u00eds, han sido estrat\u00e9gicamente ubicados en calles con gran concentraci\u00f3n de tr\u00e1fico rodado y peatonal, consiguiendo as\u00ed la m\u00e1xima cobertura con el m\u00ednimo n\u00famero de soportes. En [&hellip;]<\/p>\n","protected":false},"author":3,"featured_media":7569,"comment_status":"open","ping_status":"open","sticky":false,"template":"","format":"standard","meta":{"inline_featured_image":false,"footnotes":""},"categories":[1489,1593],"tags":[1704,1664,1705,1781,1694,1703,1499,1565,1585,1586,1676,1677,1671],"class_list":["post-11980","post","type-post","status-publish","format-standard","has-post-thumbnail","hentry","category-madrid-en","category-pyms-en","tag-alto-prestigio-publicitario-en","tag-campana-publicitaria-en","tag-centro-ciudad-en","tag-circuito-urbano-en","tag-gran-notoriedad-en","tag-idealista-en","tag-madrid-en","tag-publicidad-ciudades-en","tag-publicidad-exterior-en","tag-publicidad-urbana-en","tag-pyms-2-en","tag-pyms-madrid-en","tag-trafico-rodado-en"],"_links":{"self":[{"href":"https:\/\/www.vsacomunicacion.com\/en\/wp-json\/wp\/v2\/posts\/11980"}],"collection":[{"href":"https:\/\/www.vsacomunicacion.com\/en\/wp-json\/wp\/v2\/posts"}],"about":[{"href":"https:\/\/www.vsacomunicacion.com\/en\/wp-json\/wp\/v2\/types\/post"}],"author":[{"embeddable":true,"href":"https:\/\/www.vsacomunicacion.com\/en\/wp-json\/wp\/v2\/users\/3"}],"replies":[{"embeddable":true,"href":"https:\/\/www.vsacomunicacion.com\/en\/wp-json\/wp\/v2\/comments?post=11980"}],"version-history":[{"count":0,"href":"https:\/\/www.vsacomunicacion.com\/en\/wp-json\/wp\/v2\/posts\/11980\/revisions"}],"wp:featuredmedia":[{"embeddable":true,"href":"https:\/\/www.vsacomunicacion.com\/en\/wp-json\/wp\/v2\/media\/7569"}],"wp:attachment":[{"href":"https:\/\/www.vsacomunicacion.com\/en\/wp-json\/wp\/v2\/media?parent=11980"}],"wp:term":[{"taxonomy":"category","embeddable":true,"href":"https:\/\/www.vsacomunicacion.com\/en\/wp-json\/wp\/v2\/categories?post=11980"},{"taxonomy":"post_tag","embeddable":true,"href":"https:\/\/www.vsacomunicacion.com\/en\/wp-json\/wp\/v2\/tags?post=11980"}],"curies":[{"name":"wp","href":"https:\/\/api.w.org\/{rel}","templated":true}]}}