{"id":11981,"date":"2018-04-11T21:11:30","date_gmt":"2018-04-11T21:11:30","guid":{"rendered":"https:\/\/www.vsacomunicacion.com\/lona-publicitaria-de-cabify-en-barcelona\/"},"modified":"2018-04-11T21:11:30","modified_gmt":"2018-04-11T21:11:30","slug":"lona-publicitaria-de-cabify-en-barcelona","status":"publish","type":"post","link":"https:\/\/www.vsacomunicacion.com\/en\/lona-publicitaria-de-cabify-en-barcelona\/","title":{"rendered":"Lona Publicitaria de CABIFY en Barcelona"},"content":{"rendered":"<p style=\"text-align: justify;\"><strong>CABIFY<\/strong> y su espectacular campa\u00f1a de publicidad siguen adelante, con paso firme, fieles a su anhelo\u00a0en conseguir una ciudad mejor. Despu\u00e9s de mostraros la campa\u00f1a en el c\u00e9ntrico emplazamiento de Madrid,\u00a0ha llegado el momento de\u00a0presentaros una nueva e impactante lona publicitaria, con el mismo mensaje y la misma idea, y es que no pueden ser m\u00e1s claros en su petici\u00f3n, pero en una ciudad distinta, <strong>Barcelona<\/strong>.<\/p>\n<p style=\"text-align: justify;\">Lo podr\u00e1s ver en esta incre\u00edble<strong> lona publicitaria<\/strong>\u00a0en el\u00a0emplazamiento Premium de <strong>VSA COMUNICACION<\/strong> en la Gran V\u00eda les Corts Catalanes con Balmes.<\/p>\n<p style=\"text-align: justify;\"><em>CABIFY quiere que, juntos, podamos hacer la vida en Barcelona a\u00fan m\u00e1s fant\u00e1stica<\/em>.<em> Quieres hablar con \u00e9l de vuestra ciudad? Entra en www.haciadondenosmovemos.com y\u00a0expresa tu opini\u00f3n.<\/em><\/p>\n<p style=\"text-align: justify;\"><a href=\"https:\/\/www.vsacomunicacion.com\/wp-content\/uploads\/2018\/04\/lona-publicitaria-barcelona-balmes-15-cabify-noche-vsa-comunicacion.jpg\" rel=\"attachment wp-att-4025\"><img fetchpriority=\"high\" decoding=\"async\" class=\"aligncenter size-full wp-image-4025\" src=\"https:\/\/www.vsacomunicacion.com\/wp-content\/uploads\/2018\/04\/lona-publicitaria-barcelona-balmes-15-cabify-noche-vsa-comunicacion.jpg\" alt=\"lona-publicitaria-barcelona-balmes-15-cabify-noche-vsa-comunicacion\" width=\"884\" height=\"626\" srcset=\"https:\/\/www.vsacomunicacion.com\/wp-content\/uploads\/2018\/04\/lona-publicitaria-barcelona-balmes-15-cabify-noche-vsa-comunicacion.jpg 884w, https:\/\/www.vsacomunicacion.com\/wp-content\/uploads\/2018\/04\/lona-publicitaria-barcelona-balmes-15-cabify-noche-vsa-comunicacion-300x212.jpg 300w, https:\/\/www.vsacomunicacion.com\/wp-content\/uploads\/2018\/04\/lona-publicitaria-barcelona-balmes-15-cabify-noche-vsa-comunicacion-768x544.jpg 768w\" sizes=\"(max-width: 884px) 100vw, 884px\" \/><\/a><\/p>\n<p style=\"text-align: justify;\"><strong>CABIFY<\/strong> es una plataforma tecnol\u00f3gica de movilidad que pone en contacto a usuarios particulares y empresas con las formas de transporte que mejor se adaptan a sus necesidades. Han conseguido\u00a0llevar a cabo un modelo de movilidad como servicio que se adecua a las condiciones\u00a0espec\u00edficas de\u00a0cada una de las 38 ciudades de Am\u00e9rica Latina, Espa\u00f1a y Portugal en las que\u00a0opera.<\/p>\n<p><a href=\"https:\/\/www.vsacomunicacion.com\/wp-content\/uploads\/2018\/04\/lona-publicitaria-barcelona-balmes-15-cabify-dia-vsa-comunicacion.jpg\" rel=\"attachment wp-att-4023\"><img decoding=\"async\" class=\"aligncenter size-full wp-image-4023\" src=\"https:\/\/www.vsacomunicacion.com\/wp-content\/uploads\/2018\/04\/lona-publicitaria-barcelona-balmes-15-cabify-dia-vsa-comunicacion.jpg\" alt=\"lona-publicitaria-barcelona-balmes-15-cabify-dia-vsa-comunicacion\" width=\"884\" height=\"626\" srcset=\"https:\/\/www.vsacomunicacion.com\/wp-content\/uploads\/2018\/04\/lona-publicitaria-barcelona-balmes-15-cabify-dia-vsa-comunicacion.jpg 884w, https:\/\/www.vsacomunicacion.com\/wp-content\/uploads\/2018\/04\/lona-publicitaria-barcelona-balmes-15-cabify-dia-vsa-comunicacion-300x212.jpg 300w, https:\/\/www.vsacomunicacion.com\/wp-content\/uploads\/2018\/04\/lona-publicitaria-barcelona-balmes-15-cabify-dia-vsa-comunicacion-768x544.jpg 768w\" sizes=\"(max-width: 884px) 100vw, 884px\" \/><\/a><\/p>\n<p style=\"text-align: justify;\">Ma\u00f1ana, d\u00eda\u00a012 de abril,\u00a0<strong>CABIFY<\/strong> tiene previsto un debate junto a expertos en movilidad, instituciones p\u00fablicas, el sector del taxi y otros servicios de movilidad, en la que se hablar\u00e1 de\u00a0c\u00f3mo mejorar la vida en las ciudades y\u00a0CABIFY quiere que les acompa\u00f1es en la conversaci\u00f3n.\u00a0\u00bfC\u00f3mo? Siguiendo la conversaci\u00f3n en<em> streaming<\/em> a trav\u00e9s de la p\u00e1gina web\u00a0www.haciadondenosmovemos.es<a class=\"external\" href=\"http:\/\/www.haciadondenosmovemos.es\/\" target=\"_blank\" rel=\"noopener\">,<\/a>\u00a0Facebook\u00a0o Twitter, y participes, si quieres, a\u00a0trav\u00e9s de tus comentarios o formulando tus\u00a0preguntas a los distintos ponentes convocados.<\/p>\n<p style=\"text-align: justify;\">Entra en la web\u00a0<a href=\"https:\/\/www.haciadondenosmovemos.es\/\" target=\"_blank\" rel=\"noopener\">www.haciadondenosmovemos.es<\/a>, participa en el debate\u00a0y descubre m\u00e1s sobre CABIFY y la movilidad en nuestras ciudades.<\/p>\n","protected":false},"excerpt":{"rendered":"<p>CABIFY y su espectacular campa\u00f1a de publicidad siguen adelante, con paso firme, fieles a su anhelo\u00a0en conseguir una ciudad mejor. Despu\u00e9s de mostraros la campa\u00f1a en el c\u00e9ntrico emplazamiento de Madrid,\u00a0ha llegado el momento de\u00a0presentaros una nueva e impactante lona [&hellip;]<\/p>\n","protected":false},"author":3,"featured_media":7576,"comment_status":"open","ping_status":"open","sticky":false,"template":"","format":"standard","meta":{"inline_featured_image":false,"footnotes":""},"categories":[1506,1488],"tags":[2105,1704,1736,1516,2030,1664,2031,1705,1706,1708,1693,1694,1669,1609,1581,1565,1585,1599,1586,1671],"class_list":["post-11981","post","type-post","status-publish","format-standard","has-post-thumbnail","hentry","category-barcelona-en","category-lonas-publicitarias-en","tag-haciadondenosmovemos-en","tag-alto-prestigio-publicitario-en","tag-balmes-en","tag-barcelona-en","tag-cabify-en","tag-campana-publicitaria-en","tag-campana-publicitaria-cabify-en","tag-centro-ciudad-en","tag-emplazamiento-premium-en","tag-formato-espectacular-en","tag-gran-formato-en","tag-gran-notoriedad-en","tag-gran-via-de-les-corts-catalanes-en","tag-lonas-publicitarias-2-en","tag-lonas-publicitarias-barcelona-en","tag-publicidad-ciudades-en","tag-publicidad-exterior-en","tag-publicidad-gran-formato-en","tag-publicidad-urbana-en","tag-trafico-rodado-en"],"_links":{"self":[{"href":"https:\/\/www.vsacomunicacion.com\/en\/wp-json\/wp\/v2\/posts\/11981"}],"collection":[{"href":"https:\/\/www.vsacomunicacion.com\/en\/wp-json\/wp\/v2\/posts"}],"about":[{"href":"https:\/\/www.vsacomunicacion.com\/en\/wp-json\/wp\/v2\/types\/post"}],"author":[{"embeddable":true,"href":"https:\/\/www.vsacomunicacion.com\/en\/wp-json\/wp\/v2\/users\/3"}],"replies":[{"embeddable":true,"href":"https:\/\/www.vsacomunicacion.com\/en\/wp-json\/wp\/v2\/comments?post=11981"}],"version-history":[{"count":0,"href":"https:\/\/www.vsacomunicacion.com\/en\/wp-json\/wp\/v2\/posts\/11981\/revisions"}],"wp:featuredmedia":[{"embeddable":true,"href":"https:\/\/www.vsacomunicacion.com\/en\/wp-json\/wp\/v2\/media\/7576"}],"wp:attachment":[{"href":"https:\/\/www.vsacomunicacion.com\/en\/wp-json\/wp\/v2\/media?parent=11981"}],"wp:term":[{"taxonomy":"category","embeddable":true,"href":"https:\/\/www.vsacomunicacion.com\/en\/wp-json\/wp\/v2\/categories?post=11981"},{"taxonomy":"post_tag","embeddable":true,"href":"https:\/\/www.vsacomunicacion.com\/en\/wp-json\/wp\/v2\/tags?post=11981"}],"curies":[{"name":"wp","href":"https:\/\/api.w.org\/{rel}","templated":true}]}}