{"id":11984,"date":"2018-04-08T10:22:03","date_gmt":"2018-04-08T10:22:03","guid":{"rendered":"https:\/\/www.vsacomunicacion.com\/lona-publicitaria-cabify-en-madrid\/"},"modified":"2018-04-08T10:22:03","modified_gmt":"2018-04-08T10:22:03","slug":"lona-publicitaria-cabify-en-madrid","status":"publish","type":"post","link":"https:\/\/www.vsacomunicacion.com\/en\/lona-publicitaria-cabify-en-madrid\/","title":{"rendered":"Lona Publicitaria CABIFY en Madrid"},"content":{"rendered":"<p style=\"text-align: justify;\"><strong>CABIFY<\/strong> ha iniciado una espectacular campa\u00f1a a nivel nacional con distintos medios, entre los que no pod\u00eda faltar el medio exterior, con un mensaje muy claro y pacificador, en\u00a0el que tiende la mano a taxistas, pol\u00edticos y servicios de movilidad, con la firme convicci\u00f3n de que, no solo es posible que exista una buena convivencia\u00a0entre todos, sino que es la\u00a0mejor opci\u00f3n para cuidar y mejorar el medio ambiente, reduciendo la contaminaci\u00f3n provocada por el uso excesivo de veh\u00edculos particulares en nuestras ciudades.<\/p>\n<p style=\"text-align: justify;\"><a href=\"https:\/\/www.vsacomunicacion.com\/wp-content\/uploads\/2018\/04\/lona-publicitaria-madrid-gran-via-54-cabify-dia-vsa-comunicacion.jpg\" rel=\"attachment wp-att-4009\"><img fetchpriority=\"high\" decoding=\"async\" class=\"aligncenter size-full wp-image-4009\" src=\"https:\/\/www.vsacomunicacion.com\/wp-content\/uploads\/2018\/04\/lona-publicitaria-madrid-gran-via-54-cabify-dia-vsa-comunicacion.jpg\" alt=\"lona-publicitaria-madrid-gran-via-54-cabify-dia-vsa-comunicacion\" width=\"884\" height=\"626\" srcset=\"https:\/\/www.vsacomunicacion.com\/wp-content\/uploads\/2018\/04\/lona-publicitaria-madrid-gran-via-54-cabify-dia-vsa-comunicacion.jpg 884w, https:\/\/www.vsacomunicacion.com\/wp-content\/uploads\/2018\/04\/lona-publicitaria-madrid-gran-via-54-cabify-dia-vsa-comunicacion-300x212.jpg 300w, https:\/\/www.vsacomunicacion.com\/wp-content\/uploads\/2018\/04\/lona-publicitaria-madrid-gran-via-54-cabify-dia-vsa-comunicacion-768x544.jpg 768w\" sizes=\"(max-width: 884px) 100vw, 884px\" \/><\/a><\/p>\n<p style=\"text-align: justify;\">Para su campa\u00f1a de publicidad exterior en la ciudad de <strong>Madrid<\/strong> CABIFY ha elegido el c\u00e9ntrico emplazamiento de<strong> VSA COMUNICACION<\/strong> en la Gran V\u00eda, entre la\u00a0Plaza de Callao y San Bernardo. Una visible y llamativa<strong> lona publicitaria<\/strong> en la zona de la ciudad con mayor n\u00famero\u00a0de\u00a0teatros, hoteles, restaurantes\u00a0y cafeter\u00edas que incrementan su\u00a0potencial publicitario.<\/p>\n<p style=\"text-align: justify;\">El mensaje de CABIFY\u00a0es breve y claramente conciliador:<\/p>\n<p><em>Hola taxi, hola Manuela, hola servicios de movilidad.\u00a0<\/em><\/p>\n<p><em>Juntos podemos hacer que la vida en Madrid sea realmente fant\u00e1stica. \u00bfHablamos sobre c\u00f3mo mejorar nuestra ciudad?<\/em><\/p>\n<p><em>Atentamente, Cabify.<\/em><\/p>\n<p style=\"text-align: justify;\"><a href=\"https:\/\/www.vsacomunicacion.com\/wp-content\/uploads\/2018\/04\/lona-publicitaria-madrid-gran-via-54-cabify-noche-vsa-comunicacion.jpg\" rel=\"attachment wp-att-4010\"><img decoding=\"async\" class=\"aligncenter size-full wp-image-4010\" src=\"https:\/\/www.vsacomunicacion.com\/wp-content\/uploads\/2018\/04\/lona-publicitaria-madrid-gran-via-54-cabify-noche-vsa-comunicacion.jpg\" alt=\"lona-publicitaria-madrid-gran-via-54-cabify-noche-vsa-comunicacion\" width=\"884\" height=\"626\" srcset=\"https:\/\/www.vsacomunicacion.com\/wp-content\/uploads\/2018\/04\/lona-publicitaria-madrid-gran-via-54-cabify-noche-vsa-comunicacion.jpg 884w, https:\/\/www.vsacomunicacion.com\/wp-content\/uploads\/2018\/04\/lona-publicitaria-madrid-gran-via-54-cabify-noche-vsa-comunicacion-300x212.jpg 300w, https:\/\/www.vsacomunicacion.com\/wp-content\/uploads\/2018\/04\/lona-publicitaria-madrid-gran-via-54-cabify-noche-vsa-comunicacion-768x544.jpg 768w\" sizes=\"(max-width: 884px) 100vw, 884px\" \/><\/a><\/p>\n<p style=\"text-align: justify;\">No te pierdas a los expertos en movilidad y la mesa redonda de\u00a0<strong>CABIFY<\/strong> junto a instituciones p\u00fablicas, al sector del taxi y a otros servicios de movilidad que se podr\u00e1 seguir en streaming el pr\u00f3xima d\u00eda 12 a trav\u00e9s de\u00a0la web <a href=\"https:\/\/www.haciadondenosmovemos.es\/\" target=\"_blank\" rel=\"noopener\">www.haciadondenosmovemos.es<\/a>.<\/p>\n<p style=\"text-align: justify;\">CABIFY\u00a0ha abierto un debate sobre\u00a0c\u00f3mo mejorar la vida en las ciudades y\u00a0estar\u00e1n encantados de que\u00a0participes en la conversaci\u00f3n, des\u00a0tu opini\u00f3n\u00a0y\u00a0formules, desde ya, cuantas\u00a0preguntas quieras hacer a los distintos ponentes.<\/p>\n<p>Entra en la web <a href=\"https:\/\/www.haciadondenosmovemos.es\/\" target=\"_blank\" rel=\"noopener\">www.haciadondenosmovemos.es<\/a>, participa en el debate\u00a0y descrubre m\u00e1s sobre CABIFY y la movilidad en nuestras ciudades.<\/p>\n","protected":false},"excerpt":{"rendered":"<p>CABIFY ha iniciado una espectacular campa\u00f1a a nivel nacional con distintos medios, entre los que no pod\u00eda faltar el medio exterior, con un mensaje muy claro y pacificador, en\u00a0el que tiende la mano a taxistas, pol\u00edticos y servicios de movilidad, [&hellip;]<\/p>\n","protected":false},"author":3,"featured_media":7573,"comment_status":"open","ping_status":"open","sticky":false,"template":"","format":"standard","meta":{"inline_featured_image":false,"footnotes":""},"categories":[1488,1489],"tags":[2105,1704,2030,1664,1705,1706,1708,1693,1694,1619,1680,1609,1611,1499,1565,1585,1599,1586,1671],"class_list":["post-11984","post","type-post","status-publish","format-standard","has-post-thumbnail","hentry","category-lonas-publicitarias-en","category-madrid-en","tag-haciadondenosmovemos-en","tag-alto-prestigio-publicitario-en","tag-cabify-en","tag-campana-publicitaria-en","tag-centro-ciudad-en","tag-emplazamiento-premium-en","tag-formato-espectacular-en","tag-gran-formato-en","tag-gran-notoriedad-en","tag-gran-via-en","tag-lona-espectacular-en","tag-lonas-publicitarias-2-en","tag-lonas-publicitarias-madrid-en","tag-madrid-en","tag-publicidad-ciudades-en","tag-publicidad-exterior-en","tag-publicidad-gran-formato-en","tag-publicidad-urbana-en","tag-trafico-rodado-en"],"_links":{"self":[{"href":"https:\/\/www.vsacomunicacion.com\/en\/wp-json\/wp\/v2\/posts\/11984"}],"collection":[{"href":"https:\/\/www.vsacomunicacion.com\/en\/wp-json\/wp\/v2\/posts"}],"about":[{"href":"https:\/\/www.vsacomunicacion.com\/en\/wp-json\/wp\/v2\/types\/post"}],"author":[{"embeddable":true,"href":"https:\/\/www.vsacomunicacion.com\/en\/wp-json\/wp\/v2\/users\/3"}],"replies":[{"embeddable":true,"href":"https:\/\/www.vsacomunicacion.com\/en\/wp-json\/wp\/v2\/comments?post=11984"}],"version-history":[{"count":0,"href":"https:\/\/www.vsacomunicacion.com\/en\/wp-json\/wp\/v2\/posts\/11984\/revisions"}],"wp:featuredmedia":[{"embeddable":true,"href":"https:\/\/www.vsacomunicacion.com\/en\/wp-json\/wp\/v2\/media\/7573"}],"wp:attachment":[{"href":"https:\/\/www.vsacomunicacion.com\/en\/wp-json\/wp\/v2\/media?parent=11984"}],"wp:term":[{"taxonomy":"category","embeddable":true,"href":"https:\/\/www.vsacomunicacion.com\/en\/wp-json\/wp\/v2\/categories?post=11984"},{"taxonomy":"post_tag","embeddable":true,"href":"https:\/\/www.vsacomunicacion.com\/en\/wp-json\/wp\/v2\/tags?post=11984"}],"curies":[{"name":"wp","href":"https:\/\/api.w.org\/{rel}","templated":true}]}}