{"id":11985,"date":"2018-04-02T11:09:28","date_gmt":"2018-04-02T11:09:28","guid":{"rendered":"https:\/\/www.vsacomunicacion.com\/lona-publicitaria-de-huawei-en-barcelona\/"},"modified":"2018-04-02T11:09:28","modified_gmt":"2018-04-02T11:09:28","slug":"lona-publicitaria-de-huawei-en-barcelona","status":"publish","type":"post","link":"https:\/\/www.vsacomunicacion.com\/en\/lona-publicitaria-de-huawei-en-barcelona\/","title":{"rendered":"Lona Publicitaria de HUAWEI en Barcelona"},"content":{"rendered":"<p style=\"text-align: justify;\">Fant\u00e1stica campa\u00f1a de publicidad exterior de <strong>HUAWEI<\/strong> a trav\u00e9s de la espectacular lona publicitaria,\u00a0ubicada en el emplazamiento Premium de <strong>VSA COMUNICACION<\/strong> en el Paseo de Gracia con Gran V\u00eda de <strong>Barcelona<\/strong>,\u00a0en el lanzamiento de su nuevo smartphone, <strong>HUAWEI\u00a0P20 PRO<\/strong> que marcar\u00e1 un antes y un despu\u00e9s en las fotos con m\u00f3viles.<\/p>\n<p style=\"text-align: justify;\"><a href=\"https:\/\/www.vsacomunicacion.com\/wp-content\/uploads\/2018\/04\/lona-publicitaria-barcelona-gran-via-corts-catalanes-605-huawei-noche-vsa-comunicacion.jpg\" rel=\"attachment wp-att-3961\"><img fetchpriority=\"high\" decoding=\"async\" class=\"aligncenter size-full wp-image-3961\" src=\"https:\/\/www.vsacomunicacion.com\/wp-content\/uploads\/2018\/04\/lona-publicitaria-barcelona-gran-via-corts-catalanes-605-huawei-noche-vsa-comunicacion.jpg\" alt=\"lona-publicitaria-barcelona-gran-via-corts-catalanes-605-huawei-noche-vsa-comunicacion\" width=\"884\" height=\"626\" srcset=\"https:\/\/www.vsacomunicacion.com\/wp-content\/uploads\/2018\/04\/lona-publicitaria-barcelona-gran-via-corts-catalanes-605-huawei-noche-vsa-comunicacion.jpg 884w, https:\/\/www.vsacomunicacion.com\/wp-content\/uploads\/2018\/04\/lona-publicitaria-barcelona-gran-via-corts-catalanes-605-huawei-noche-vsa-comunicacion-300x212.jpg 300w, https:\/\/www.vsacomunicacion.com\/wp-content\/uploads\/2018\/04\/lona-publicitaria-barcelona-gran-via-corts-catalanes-605-huawei-noche-vsa-comunicacion-768x544.jpg 768w\" sizes=\"(max-width: 884px) 100vw, 884px\" \/><\/a><\/p>\n<p style=\"text-align: justify;\">El sistema de c\u00e1mara de tres lentes traseras m\u00e1s una delantera del nuevo smartphone <strong>HUAWEI P20 PRO<\/strong>, dise\u00f1ado en colaboraci\u00f3n con Leica, su socio fotogr\u00e1fico desde hace a\u00f1os, utiliza la IA (inteligencia artificial) para lograr un resultado siempre perfecto.<\/p>\n<p style=\"text-align: justify;\">En la parte trasera encontramos una lente monocroma de 20 megap\u00edxeles, para obtener una profundad inigualable, un sensor light fusion de 40 megap\u00edxeles, para conseguir una luminosidad y definici\u00f3n excepcionales, y un tercer sensor de 8 megap\u00edxeles que permiten un zoom h\u00edbido de hasta x5, el mayor conseguido hasta el momento en la industrial del m\u00f3vil, para captar mejor los detalles a distancia.<\/p>\n<p style=\"text-align: justify;\">En la parte delantera contamos con una c\u00e1mara frontal de 24 megap\u00edxeles.<\/p>\n<p style=\"text-align: justify;\"><a href=\"https:\/\/www.vsacomunicacion.com\/wp-content\/uploads\/2018\/04\/lona-publicitaria-barcelona-gran-via-corts-catalanes-605-huawei-dia-vsa-comunicacion.jpg\" rel=\"attachment wp-att-3956\"><img decoding=\"async\" class=\"aligncenter size-full wp-image-3956\" src=\"https:\/\/www.vsacomunicacion.com\/wp-content\/uploads\/2018\/04\/lona-publicitaria-barcelona-gran-via-corts-catalanes-605-huawei-dia-vsa-comunicacion.jpg\" alt=\"lona-publicitaria-barcelona-gran-via-corts-catalanes-605-huawei-dia-vsa-comunicacion\" width=\"884\" height=\"626\" srcset=\"https:\/\/www.vsacomunicacion.com\/wp-content\/uploads\/2018\/04\/lona-publicitaria-barcelona-gran-via-corts-catalanes-605-huawei-dia-vsa-comunicacion.jpg 884w, https:\/\/www.vsacomunicacion.com\/wp-content\/uploads\/2018\/04\/lona-publicitaria-barcelona-gran-via-corts-catalanes-605-huawei-dia-vsa-comunicacion-300x212.jpg 300w, https:\/\/www.vsacomunicacion.com\/wp-content\/uploads\/2018\/04\/lona-publicitaria-barcelona-gran-via-corts-catalanes-605-huawei-dia-vsa-comunicacion-768x544.jpg 768w\" sizes=\"(max-width: 884px) 100vw, 884px\" \/><\/a><\/p>\n<p style=\"text-align: justify;\">Adem\u00e1s, <strong>HUAWEI<\/strong> ha conseguido mejorar a\u00fan m\u00e1s\u00a0la inteligencia artificial de su procesador (Kirin 970) para que el propio tel\u00e9fono analice el entorno en el que vamos a hacer cualquier fotograf\u00eda, lo reconozca, tome las decisiones oportunas y decida, por si mismo, c\u00f3mo actuar.<b>\u00a0<\/b>No puede ser m\u00e1s sencillo ni obtener mejores resultados!!<\/p>\n<p style=\"text-align: justify;\">Con <strong>HUAWEI\u00a0P20 PRO<\/strong>, el renacimiento de la fotograf\u00eda ya est\u00e1 aqu\u00ed!!<\/p>\n","protected":false},"excerpt":{"rendered":"<p>Fant\u00e1stica campa\u00f1a de publicidad exterior de HUAWEI a trav\u00e9s de la espectacular lona publicitaria,\u00a0ubicada en el emplazamiento Premium de VSA COMUNICACION en el Paseo de Gracia con Gran V\u00eda de Barcelona,\u00a0en el lanzamiento de su nuevo smartphone, HUAWEI\u00a0P20 PRO que [&hellip;]<\/p>\n","protected":false},"author":3,"featured_media":7562,"comment_status":"open","ping_status":"open","sticky":false,"template":"","format":"standard","meta":{"inline_featured_image":false,"footnotes":""},"categories":[1506,1488],"tags":[1704,1516,1664,1705,1706,1693,1694,1669,1775,2046,2047,1656,1609,1581,1666,1565,1585,1599,1586,1671],"class_list":["post-11985","post","type-post","status-publish","format-standard","has-post-thumbnail","hentry","category-barcelona-en","category-lonas-publicitarias-en","tag-alto-prestigio-publicitario-en","tag-barcelona-en","tag-campana-publicitaria-en","tag-centro-ciudad-en","tag-emplazamiento-premium-en","tag-gran-formato-en","tag-gran-notoriedad-en","tag-gran-via-de-les-corts-catalanes-en","tag-huawei-en","tag-huawei-p20-pro-en","tag-leica-en","tag-lonas-gran-formato-en","tag-lonas-publicitarias-2-en","tag-lonas-publicitarias-barcelona-en","tag-paseo-de-gracia-en","tag-publicidad-ciudades-en","tag-publicidad-exterior-en","tag-publicidad-gran-formato-en","tag-publicidad-urbana-en","tag-trafico-rodado-en"],"_links":{"self":[{"href":"https:\/\/www.vsacomunicacion.com\/en\/wp-json\/wp\/v2\/posts\/11985"}],"collection":[{"href":"https:\/\/www.vsacomunicacion.com\/en\/wp-json\/wp\/v2\/posts"}],"about":[{"href":"https:\/\/www.vsacomunicacion.com\/en\/wp-json\/wp\/v2\/types\/post"}],"author":[{"embeddable":true,"href":"https:\/\/www.vsacomunicacion.com\/en\/wp-json\/wp\/v2\/users\/3"}],"replies":[{"embeddable":true,"href":"https:\/\/www.vsacomunicacion.com\/en\/wp-json\/wp\/v2\/comments?post=11985"}],"version-history":[{"count":0,"href":"https:\/\/www.vsacomunicacion.com\/en\/wp-json\/wp\/v2\/posts\/11985\/revisions"}],"wp:featuredmedia":[{"embeddable":true,"href":"https:\/\/www.vsacomunicacion.com\/en\/wp-json\/wp\/v2\/media\/7562"}],"wp:attachment":[{"href":"https:\/\/www.vsacomunicacion.com\/en\/wp-json\/wp\/v2\/media?parent=11985"}],"wp:term":[{"taxonomy":"category","embeddable":true,"href":"https:\/\/www.vsacomunicacion.com\/en\/wp-json\/wp\/v2\/categories?post=11985"},{"taxonomy":"post_tag","embeddable":true,"href":"https:\/\/www.vsacomunicacion.com\/en\/wp-json\/wp\/v2\/tags?post=11985"}],"curies":[{"name":"wp","href":"https:\/\/api.w.org\/{rel}","templated":true}]}}