{"id":11988,"date":"2018-03-20T12:31:05","date_gmt":"2018-03-20T12:31:05","guid":{"rendered":"https:\/\/www.vsacomunicacion.com\/lona-publicitaria-de-uber-en-barcelona\/"},"modified":"2018-03-20T12:31:05","modified_gmt":"2018-03-20T12:31:05","slug":"lona-publicitaria-de-uber-en-barcelona","status":"publish","type":"post","link":"https:\/\/www.vsacomunicacion.com\/en\/lona-publicitaria-de-uber-en-barcelona\/","title":{"rendered":"Lona Publicitaria de UBER en Barcelona"},"content":{"rendered":"<p style=\"text-align: justify;\"><strong>UBER<\/strong>, la\u00a0red de transporte privado que opera a trav\u00e9s de su software de aplicaci\u00f3n m\u00f3vil (app), ha llegado de nuevo a <strong>Barcelona<\/strong> y quiere comunicarlo a trav\u00e9s de una fant\u00e1stica campa\u00f1a de publicidad exterior. Para ello, ha elegido el emplazamiento de <strong>VSA COMUNICACION<\/strong> en el Paseo de Gracia y la Gran V\u00eda de les Corts Catalanes, exhibiendo una elegante y espectacular <strong>lona publicitaria<\/strong>.<\/p>\n<p style=\"text-align: justify;\"><a href=\"https:\/\/www.vsacomunicacion.com\/wp-content\/uploads\/2018\/03\/lona-publicitaria-barcelona-gran-via-corts-catalanes-605-uber-noche-vsa-comunicacion.jpg\" rel=\"attachment wp-att-3932\"><img fetchpriority=\"high\" decoding=\"async\" class=\"aligncenter size-full wp-image-3932\" src=\"https:\/\/www.vsacomunicacion.com\/wp-content\/uploads\/2018\/03\/lona-publicitaria-barcelona-gran-via-corts-catalanes-605-uber-noche-vsa-comunicacion.jpg\" alt=\"lona-publicitaria-barcelona-gran-via-corts-catalanes-605-uber-noche-vsa-comunicacion\" width=\"884\" height=\"626\" srcset=\"https:\/\/www.vsacomunicacion.com\/wp-content\/uploads\/2018\/03\/lona-publicitaria-barcelona-gran-via-corts-catalanes-605-uber-noche-vsa-comunicacion.jpg 884w, https:\/\/www.vsacomunicacion.com\/wp-content\/uploads\/2018\/03\/lona-publicitaria-barcelona-gran-via-corts-catalanes-605-uber-noche-vsa-comunicacion-300x212.jpg 300w, https:\/\/www.vsacomunicacion.com\/wp-content\/uploads\/2018\/03\/lona-publicitaria-barcelona-gran-via-corts-catalanes-605-uber-noche-vsa-comunicacion-768x544.jpg 768w\" sizes=\"(max-width: 884px) 100vw, 884px\" \/><\/a><\/p>\n<p style=\"text-align: justify;\">Su mensaje es muy claro, <strong>UBER<\/strong> ha llegado de nuevo a la ciudad de Barcelona, y esta vez para quedarse.<\/p>\n<p style=\"text-align: justify;\"><em>&#8220;Barcelona es una ciudad muy especial para UBER y esta vez queremos hacer las cosas bien hechas. Creemos que UBER puede formar parte de la soluci\u00f3n al gran reto de mobilidad de la ciudad&#8221;<\/em>, seg\u00fan declar\u00f3\u00a0Juan Galiardo, Director de UBER en Espa\u00f1a, en su comunicado.<\/p>\n<p style=\"text-align: justify;\">UBER afirma que viajar con su plataforma permitir\u00e1 a sus clientes ahorrarse un 15% del coste del viaje,\u00a0en comparaci\u00f3n con las tarifas habituales\u00a0que aplica un taxi de la ciudad. Pudiendo llegar, en algunos casos, como suceder\u00eda\u00a0en el trayecto al aeropuerto, a un ahorro de hasta un 20%.<\/p>\n<p style=\"text-align: justify;\"><a href=\"https:\/\/www.vsacomunicacion.com\/wp-content\/uploads\/2018\/03\/lona-publicitaria-barcelona-gran-via-corts-catalanes-605-uber-dia-vsa-comunicacion.jpg\" rel=\"attachment wp-att-3933\"><img decoding=\"async\" class=\"aligncenter size-full wp-image-3933\" src=\"https:\/\/www.vsacomunicacion.com\/wp-content\/uploads\/2018\/03\/lona-publicitaria-barcelona-gran-via-corts-catalanes-605-uber-dia-vsa-comunicacion.jpg\" alt=\"lona-publicitaria-barcelona-gran-via-corts-catalanes-605-uber-dia-vsa-comunicacion\" width=\"884\" height=\"626\" srcset=\"https:\/\/www.vsacomunicacion.com\/wp-content\/uploads\/2018\/03\/lona-publicitaria-barcelona-gran-via-corts-catalanes-605-uber-dia-vsa-comunicacion.jpg 884w, https:\/\/www.vsacomunicacion.com\/wp-content\/uploads\/2018\/03\/lona-publicitaria-barcelona-gran-via-corts-catalanes-605-uber-dia-vsa-comunicacion-300x212.jpg 300w, https:\/\/www.vsacomunicacion.com\/wp-content\/uploads\/2018\/03\/lona-publicitaria-barcelona-gran-via-corts-catalanes-605-uber-dia-vsa-comunicacion-768x544.jpg 768w\" sizes=\"(max-width: 884px) 100vw, 884px\" \/><\/a><\/p>\n<p style=\"text-align: justify;\">La empresa de transporte privado opera a trav\u00e9s de su aplicaci\u00f3n UBERX, en la que el usuario tan solo deber\u00e1 crear una cuenta, indicar la forma de pago y ya podr\u00e1 solicitar el servicio que ser\u00e1 prestado por conductores con licencias VTC, permisos exigidos\u00a0seg\u00fan la normativa vigente\u00a0que regula el transporte privado.<\/p>\n<p style=\"text-align: justify;\"><strong>UBER<\/strong> ya funciona en Madrid desde marzo de 2016, y desde este mes lo hace en Barcelona.<\/p>\n<p style=\"text-align: justify;\"><em>UBER, m\u00e1s que un viaje!!<\/em><\/p>\n","protected":false},"excerpt":{"rendered":"<p>UBER, la\u00a0red de transporte privado que opera a trav\u00e9s de su software de aplicaci\u00f3n m\u00f3vil (app), ha llegado de nuevo a Barcelona y quiere comunicarlo a trav\u00e9s de una fant\u00e1stica campa\u00f1a de publicidad exterior. Para ello, ha elegido el emplazamiento [&hellip;]<\/p>\n","protected":false},"author":3,"featured_media":7557,"comment_status":"open","ping_status":"open","sticky":false,"template":"","format":"standard","meta":{"inline_featured_image":false,"footnotes":""},"categories":[1506,1488],"tags":[1704,1516,1664,1705,1706,1708,1693,1694,1669,1609,1581,1666,1565,1585,1599,1586,1671,1798,2112],"class_list":["post-11988","post","type-post","status-publish","format-standard","has-post-thumbnail","hentry","category-barcelona-en","category-lonas-publicitarias-en","tag-alto-prestigio-publicitario-en","tag-barcelona-en","tag-campana-publicitaria-en","tag-centro-ciudad-en","tag-emplazamiento-premium-en","tag-formato-espectacular-en","tag-gran-formato-en","tag-gran-notoriedad-en","tag-gran-via-de-les-corts-catalanes-en","tag-lonas-publicitarias-2-en","tag-lonas-publicitarias-barcelona-en","tag-paseo-de-gracia-en","tag-publicidad-ciudades-en","tag-publicidad-exterior-en","tag-publicidad-gran-formato-en","tag-publicidad-urbana-en","tag-trafico-rodado-en","tag-uber-en","tag-uberx-en"],"_links":{"self":[{"href":"https:\/\/www.vsacomunicacion.com\/en\/wp-json\/wp\/v2\/posts\/11988"}],"collection":[{"href":"https:\/\/www.vsacomunicacion.com\/en\/wp-json\/wp\/v2\/posts"}],"about":[{"href":"https:\/\/www.vsacomunicacion.com\/en\/wp-json\/wp\/v2\/types\/post"}],"author":[{"embeddable":true,"href":"https:\/\/www.vsacomunicacion.com\/en\/wp-json\/wp\/v2\/users\/3"}],"replies":[{"embeddable":true,"href":"https:\/\/www.vsacomunicacion.com\/en\/wp-json\/wp\/v2\/comments?post=11988"}],"version-history":[{"count":0,"href":"https:\/\/www.vsacomunicacion.com\/en\/wp-json\/wp\/v2\/posts\/11988\/revisions"}],"wp:featuredmedia":[{"embeddable":true,"href":"https:\/\/www.vsacomunicacion.com\/en\/wp-json\/wp\/v2\/media\/7557"}],"wp:attachment":[{"href":"https:\/\/www.vsacomunicacion.com\/en\/wp-json\/wp\/v2\/media?parent=11988"}],"wp:term":[{"taxonomy":"category","embeddable":true,"href":"https:\/\/www.vsacomunicacion.com\/en\/wp-json\/wp\/v2\/categories?post=11988"},{"taxonomy":"post_tag","embeddable":true,"href":"https:\/\/www.vsacomunicacion.com\/en\/wp-json\/wp\/v2\/tags?post=11988"}],"curies":[{"name":"wp","href":"https:\/\/api.w.org\/{rel}","templated":true}]}}