{"id":11989,"date":"2018-03-20T09:15:10","date_gmt":"2018-03-20T09:15:10","guid":{"rendered":"https:\/\/www.vsacomunicacion.com\/pym-de-aecc-en-barcelona\/"},"modified":"2018-03-20T09:15:10","modified_gmt":"2018-03-20T09:15:10","slug":"pym-de-aecc-en-barcelona","status":"publish","type":"post","link":"https:\/\/www.vsacomunicacion.com\/en\/pym-de-aecc-en-barcelona\/","title":{"rendered":"Pym de AECC en Barcelona"},"content":{"rendered":"<p style=\"text-align: justify;\">La proximidad de la <strong>pym<\/strong> de<strong> VSA COMUNICACION<\/strong>,\u00a0ubicada en\u00a0Travessera de les Corts, a la Sede en<strong> Barcelona<\/strong> de la<strong> AECC<\/strong>, que se encuentra en la misma v\u00eda,\u00a0as\u00ed como su alta visibilidad, convierten este\u00a0emplazamiento\u00a0en el soporte de publicidad exterior perfecto para dar a conocer la ubicaci\u00f3n y su fant\u00e1stico, a la vez que tan necesario, trabajo de esta grand\u00edsima Entidad.<\/p>\n<p style=\"text-align: justify;\"><a href=\"https:\/\/www.vsacomunicacion.com\/wp-content\/uploads\/2018\/03\/pym-barcelona-travessera-les-corts-220-aecc-vsa-comunicacion.jpg\" rel=\"attachment wp-att-3921\"><img fetchpriority=\"high\" decoding=\"async\" class=\"aligncenter size-full wp-image-3921\" src=\"https:\/\/www.vsacomunicacion.com\/wp-content\/uploads\/2018\/03\/pym-barcelona-travessera-les-corts-220-aecc-vsa-comunicacion.jpg\" alt=\"pym-barcelona-travessera-les-corts-220-aecc-vsa-comunicacion\" width=\"884\" height=\"626\" srcset=\"https:\/\/www.vsacomunicacion.com\/wp-content\/uploads\/2018\/03\/pym-barcelona-travessera-les-corts-220-aecc-vsa-comunicacion.jpg 884w, https:\/\/www.vsacomunicacion.com\/wp-content\/uploads\/2018\/03\/pym-barcelona-travessera-les-corts-220-aecc-vsa-comunicacion-300x212.jpg 300w, https:\/\/www.vsacomunicacion.com\/wp-content\/uploads\/2018\/03\/pym-barcelona-travessera-les-corts-220-aecc-vsa-comunicacion-768x544.jpg 768w\" sizes=\"(max-width: 884px) 100vw, 884px\" \/><\/a><\/p>\n<p style=\"text-align: justify;\">El c\u00e1ncer no es solo una enfermedad, tiene un importante impacto social, en tus relaciones, en tu familia, en tu trabajo\u2026 Desde la <strong>AECC\u00a0<\/strong>pueden ayudarte a hacer frente a estos cambios. Tengas la situaci\u00f3n que tengas\u00a0sus servicios de atenci\u00f3n social son para todos.<\/p>\n<p style=\"text-align: justify;\">Apoyo psicol\u00f3gico para hacer frente a los tratamiento y sus secuelas, orientaci\u00f3n medica sobre todas las dudas que te surjan tras ser diagnosticado de c\u00e1ncer, si quieres hablar con alguien, o necesitas que te acompa\u00f1en\u00a0a tus tratamientos, fisioterapia oncol\u00f3gica, que tiene un papel muy importante en los problemas relacionados con los efectos secundarios de algunos tratamientos, campamentos para ni\u00f1os creando\u00a0espacios de ocio y tiempo libre donde los ni\u00f1os y j\u00f3venes con c\u00e1ncer puedan alejarse del entorno hospitalario, los tratamientos y las visitas regulares al m\u00e9dico para vivir una experiencia gratificante y divertida&#8230;<\/p>\n<p style=\"text-align: justify;\">Para todo ello, puedes contar con la <strong><a href=\"https:\/\/www.aecc.es\/es\/sobre-nosotros\/donde-estamos\/sede-barcelona\" target=\"_blank\" rel=\"noopener\">AECC<\/a><\/strong>, para las peque\u00f1as cosas que mejoran tu vida.<\/p>\n","protected":false},"excerpt":{"rendered":"<p>La proximidad de la pym de VSA COMUNICACION,\u00a0ubicada en\u00a0Travessera de les Corts, a la Sede en Barcelona de la AECC, que se encuentra en la misma v\u00eda,\u00a0as\u00ed como su alta visibilidad, convierten este\u00a0emplazamiento\u00a0en el soporte de publicidad exterior perfecto para [&hellip;]<\/p>\n","protected":false},"author":3,"featured_media":7556,"comment_status":"open","ping_status":"open","sticky":false,"template":"","format":"standard","meta":{"inline_featured_image":false,"footnotes":""},"categories":[1506,1593],"tags":[2113,2114,1516,1664,1705,1694,1565,1585,1586,1676,1702,1671],"class_list":["post-11989","post","type-post","status-publish","format-standard","has-post-thumbnail","hentry","category-barcelona-en","category-pyms-en","tag-aecc-en","tag-asociacion-espanola-contra-el-cancer-en","tag-barcelona-en","tag-campana-publicitaria-en","tag-centro-ciudad-en","tag-gran-notoriedad-en","tag-publicidad-ciudades-en","tag-publicidad-exterior-en","tag-publicidad-urbana-en","tag-pyms-2-en","tag-pyms-barcelona-en","tag-trafico-rodado-en"],"_links":{"self":[{"href":"https:\/\/www.vsacomunicacion.com\/en\/wp-json\/wp\/v2\/posts\/11989"}],"collection":[{"href":"https:\/\/www.vsacomunicacion.com\/en\/wp-json\/wp\/v2\/posts"}],"about":[{"href":"https:\/\/www.vsacomunicacion.com\/en\/wp-json\/wp\/v2\/types\/post"}],"author":[{"embeddable":true,"href":"https:\/\/www.vsacomunicacion.com\/en\/wp-json\/wp\/v2\/users\/3"}],"replies":[{"embeddable":true,"href":"https:\/\/www.vsacomunicacion.com\/en\/wp-json\/wp\/v2\/comments?post=11989"}],"version-history":[{"count":0,"href":"https:\/\/www.vsacomunicacion.com\/en\/wp-json\/wp\/v2\/posts\/11989\/revisions"}],"wp:featuredmedia":[{"embeddable":true,"href":"https:\/\/www.vsacomunicacion.com\/en\/wp-json\/wp\/v2\/media\/7556"}],"wp:attachment":[{"href":"https:\/\/www.vsacomunicacion.com\/en\/wp-json\/wp\/v2\/media?parent=11989"}],"wp:term":[{"taxonomy":"category","embeddable":true,"href":"https:\/\/www.vsacomunicacion.com\/en\/wp-json\/wp\/v2\/categories?post=11989"},{"taxonomy":"post_tag","embeddable":true,"href":"https:\/\/www.vsacomunicacion.com\/en\/wp-json\/wp\/v2\/tags?post=11989"}],"curies":[{"name":"wp","href":"https:\/\/api.w.org\/{rel}","templated":true}]}}