{"id":11991,"date":"2018-03-15T07:43:52","date_gmt":"2018-03-15T07:43:52","guid":{"rendered":"https:\/\/www.vsacomunicacion.com\/lona-publicitaria-de-moritz-en-la-calle-balmes\/"},"modified":"2018-03-15T07:43:52","modified_gmt":"2018-03-15T07:43:52","slug":"lona-publicitaria-de-moritz-en-la-calle-balmes","status":"publish","type":"post","link":"https:\/\/www.vsacomunicacion.com\/en\/lona-publicitaria-de-moritz-en-la-calle-balmes\/","title":{"rendered":"Lona Publicitaria de MORITZ en la calle Balmes"},"content":{"rendered":"<p style=\"text-align: justify;\"><strong>MORITZ<\/strong>, la primera cerveza\u00a0de Barcelona, celebra sus m\u00e1s de 160 a\u00f1os desde su llegada a la ciudad condal. En <strong>VSA COMUNICACION\u00a0<\/strong>nos sentimos sumamente afortunados por la confianza que MORITZ ha depositada en nosotros, y en nuestra experiencia en el medio de la publicidad exterior, eligiendo nuestro emplazamiento de la c\u00e9ntrica calle Balmes con Gran V\u00eda de Barcelona\u00a0e instalar la primera<strong> lona publicitaria\u00a0<\/strong>de su historia.<\/p>\n<p><a href=\"https:\/\/www.vsacomunicacion.com\/wp-content\/uploads\/2018\/03\/lona-publicitaria-barcelona-balmes-15-moritz-noche-vsa-comunicacion.jpg\" rel=\"attachment wp-att-3882\"><img fetchpriority=\"high\" decoding=\"async\" class=\"aligncenter size-full wp-image-3882\" src=\"https:\/\/www.vsacomunicacion.com\/wp-content\/uploads\/2018\/03\/lona-publicitaria-barcelona-balmes-15-moritz-noche-vsa-comunicacion.jpg\" alt=\"lona-publicitaria-barcelona-balmes-15-moritz-noche-vsa-comunicacion\" width=\"884\" height=\"626\" srcset=\"https:\/\/www.vsacomunicacion.com\/wp-content\/uploads\/2018\/03\/lona-publicitaria-barcelona-balmes-15-moritz-noche-vsa-comunicacion.jpg 884w, https:\/\/www.vsacomunicacion.com\/wp-content\/uploads\/2018\/03\/lona-publicitaria-barcelona-balmes-15-moritz-noche-vsa-comunicacion-300x212.jpg 300w, https:\/\/www.vsacomunicacion.com\/wp-content\/uploads\/2018\/03\/lona-publicitaria-barcelona-balmes-15-moritz-noche-vsa-comunicacion-768x544.jpg 768w\" sizes=\"(max-width: 884px) 100vw, 884px\" \/><\/a><\/p>\n<p style=\"text-align: justify;\">El a\u00f1o 1856\u00a0lleg\u00f3 a Barcelona desde Alsacia\u00a0un joven llamado Louis Moritz. Es aqu\u00ed cuando empieza\u00a0la aventura de <strong>MORITZ<\/strong>, una nueva cerveza nace en el barrio del Raval de Barcelona, en la Ronda Sant Antoni para ser exactos, una aut\u00e9ntica novedad que llega a nuestros d\u00edas fusionando esta centenaria tradici\u00f3n con la modernidad.<\/p>\n<p style=\"text-align: justify;\"><a href=\"https:\/\/www.vsacomunicacion.com\/wp-content\/uploads\/2018\/03\/lona-publicitaria-barcelona-balmes-15-moritz-dia-vsa-comunicacion.jpg\" rel=\"attachment wp-att-3883\"><img decoding=\"async\" class=\"aligncenter size-full wp-image-3883\" src=\"https:\/\/www.vsacomunicacion.com\/wp-content\/uploads\/2018\/03\/lona-publicitaria-barcelona-balmes-15-moritz-dia-vsa-comunicacion.jpg\" alt=\"lona-publicitaria-barcelona-balmes-15-moritz-dia-vsa-comunicacion\" width=\"884\" height=\"626\" srcset=\"https:\/\/www.vsacomunicacion.com\/wp-content\/uploads\/2018\/03\/lona-publicitaria-barcelona-balmes-15-moritz-dia-vsa-comunicacion.jpg 884w, https:\/\/www.vsacomunicacion.com\/wp-content\/uploads\/2018\/03\/lona-publicitaria-barcelona-balmes-15-moritz-dia-vsa-comunicacion-300x212.jpg 300w, https:\/\/www.vsacomunicacion.com\/wp-content\/uploads\/2018\/03\/lona-publicitaria-barcelona-balmes-15-moritz-dia-vsa-comunicacion-768x544.jpg 768w\" sizes=\"(max-width: 884px) 100vw, 884px\" \/><\/a><\/p>\n<p style=\"text-align: justify;\">Cuesta imaginar una Barcelona sin cerveza, \u00bfverdad?. Sin la cerveza del vermut, con unas aceitunas o unas patatas&#8230; Sin la cerveza del &#8220;Esto lo arreglamos con una cerveza!!&#8221;, o sin la de despu\u00e9s del trabajo que tanto nos merecemos&#8230;. Tienes tantas cervezas d\u00f3nde elegir&#8230;\u00a0La Moritz de siempre, la Moritz Epidor, el Agua de Moritz, la Moritz Red IPA, o quiz\u00e1 prefieras\u00a0una Moritz Fresca&#8230;<\/p>\n<p style=\"text-align: justify;\">La cerveza del Montseny, las cervezas Carmen\u00a0y Rosita, ambas de Tarragona, la cerveza <em>Guineu<\/em> (&#8220;Zorro&#8221; en catal\u00e1n) de El Bages, la Moska de Girona, la Espiga del Pened\u00e9s, la Vella Caravana de Lleida&#8230;. \u00bfCu\u00e1ntas cervezas nuevas llegar\u00e1n con la cerveza? Hay tantas, y tan buenas&#8230; \u00bfHasta d\u00f3nde seremos capaces de llegar? Sea donde sea, \u00a1Un brindis por ello!<\/p>\n<p style=\"text-align: justify;\"><strong>MORITZ<\/strong>,\u00a0<em>LA PRIMERA CERVEZA\u00a0DE BARCELONA. DESDE 1856.<\/em><\/p>\n","protected":false},"excerpt":{"rendered":"<p>MORITZ, la primera cerveza\u00a0de Barcelona, celebra sus m\u00e1s de 160 a\u00f1os desde su llegada a la ciudad condal. En VSA COMUNICACION\u00a0nos sentimos sumamente afortunados por la confianza que MORITZ ha depositada en nosotros, y en nuestra experiencia en el medio [&hellip;]<\/p>\n","protected":false},"author":3,"featured_media":7549,"comment_status":"open","ping_status":"open","sticky":false,"template":"","format":"standard","meta":{"inline_featured_image":false,"footnotes":""},"categories":[1506,1488],"tags":[1704,1736,1516,1664,1705,1706,1708,1693,1694,1669,1680,1609,1581,2116,1565,1585,1599,1586,1671],"class_list":["post-11991","post","type-post","status-publish","format-standard","has-post-thumbnail","hentry","category-barcelona-en","category-lonas-publicitarias-en","tag-alto-prestigio-publicitario-en","tag-balmes-en","tag-barcelona-en","tag-campana-publicitaria-en","tag-centro-ciudad-en","tag-emplazamiento-premium-en","tag-formato-espectacular-en","tag-gran-formato-en","tag-gran-notoriedad-en","tag-gran-via-de-les-corts-catalanes-en","tag-lona-espectacular-en","tag-lonas-publicitarias-2-en","tag-lonas-publicitarias-barcelona-en","tag-moritz-en","tag-publicidad-ciudades-en","tag-publicidad-exterior-en","tag-publicidad-gran-formato-en","tag-publicidad-urbana-en","tag-trafico-rodado-en"],"_links":{"self":[{"href":"https:\/\/www.vsacomunicacion.com\/en\/wp-json\/wp\/v2\/posts\/11991"}],"collection":[{"href":"https:\/\/www.vsacomunicacion.com\/en\/wp-json\/wp\/v2\/posts"}],"about":[{"href":"https:\/\/www.vsacomunicacion.com\/en\/wp-json\/wp\/v2\/types\/post"}],"author":[{"embeddable":true,"href":"https:\/\/www.vsacomunicacion.com\/en\/wp-json\/wp\/v2\/users\/3"}],"replies":[{"embeddable":true,"href":"https:\/\/www.vsacomunicacion.com\/en\/wp-json\/wp\/v2\/comments?post=11991"}],"version-history":[{"count":0,"href":"https:\/\/www.vsacomunicacion.com\/en\/wp-json\/wp\/v2\/posts\/11991\/revisions"}],"wp:featuredmedia":[{"embeddable":true,"href":"https:\/\/www.vsacomunicacion.com\/en\/wp-json\/wp\/v2\/media\/7549"}],"wp:attachment":[{"href":"https:\/\/www.vsacomunicacion.com\/en\/wp-json\/wp\/v2\/media?parent=11991"}],"wp:term":[{"taxonomy":"category","embeddable":true,"href":"https:\/\/www.vsacomunicacion.com\/en\/wp-json\/wp\/v2\/categories?post=11991"},{"taxonomy":"post_tag","embeddable":true,"href":"https:\/\/www.vsacomunicacion.com\/en\/wp-json\/wp\/v2\/tags?post=11991"}],"curies":[{"name":"wp","href":"https:\/\/api.w.org\/{rel}","templated":true}]}}