{"id":11992,"date":"2018-03-13T10:47:21","date_gmt":"2018-03-13T10:47:21","guid":{"rendered":"https:\/\/www.vsacomunicacion.com\/valla-de-honda-en-puigcerda\/"},"modified":"2018-03-13T10:47:21","modified_gmt":"2018-03-13T10:47:21","slug":"valla-de-honda-en-puigcerda","status":"publish","type":"post","link":"https:\/\/www.vsacomunicacion.com\/en\/valla-de-honda-en-puigcerda\/","title":{"rendered":"Valla de HONDA en Puigcerd\u00e1"},"content":{"rendered":"<p style=\"text-align: justify;\">Fant\u00e1stica campa\u00f1a de publicidad exterior de <strong>HONDA<\/strong> a trav\u00e9s de la <strong>valla publicitaria<\/strong> de <strong>VSA COMUNICACION<\/strong> en el municipio de <strong>Puigcerd\u00e1<\/strong>, en la comarca de Girona, en el que hemos\u00a0incorporado un corp\u00f3reo para dar mayor intensidad y relieve a las monta\u00f1as y a las\u00a0elegantes curvas del fant\u00e1stico<strong> CR-V<\/strong>.<\/p>\n<p><a href=\"https:\/\/www.vsacomunicacion.com\/wp-content\/uploads\/2018\/03\/monoposte-girona-puigcerda-entrada-honda-cr-v-panoramica-vsa-comunicacion.jpg\" rel=\"attachment wp-att-3865\"><img fetchpriority=\"high\" decoding=\"async\" class=\"aligncenter size-full wp-image-3865\" src=\"https:\/\/www.vsacomunicacion.com\/wp-content\/uploads\/2018\/03\/monoposte-girona-puigcerda-entrada-honda-cr-v-panoramica-vsa-comunicacion.jpg\" alt=\"monoposte-girona-puigcerda-entrada-honda-cr-v-panoramica-vsa-comunicacion\" width=\"884\" height=\"626\" srcset=\"https:\/\/www.vsacomunicacion.com\/wp-content\/uploads\/2018\/03\/monoposte-girona-puigcerda-entrada-honda-cr-v-panoramica-vsa-comunicacion.jpg 884w, https:\/\/www.vsacomunicacion.com\/wp-content\/uploads\/2018\/03\/monoposte-girona-puigcerda-entrada-honda-cr-v-panoramica-vsa-comunicacion-300x212.jpg 300w, https:\/\/www.vsacomunicacion.com\/wp-content\/uploads\/2018\/03\/monoposte-girona-puigcerda-entrada-honda-cr-v-panoramica-vsa-comunicacion-768x544.jpg 768w\" sizes=\"(max-width: 884px) 100vw, 884px\" \/><\/a><\/p>\n<p style=\"text-align: justify;\">El <strong>nuevo HONDA CR-V<\/strong> est\u00e1 pensado para la aventura, equipado con la \u00faltima tecnolog\u00eda. Es incre\u00edble la cantidad de ideas innovadoras que incluye un coche tan elegante y espacioso como este. El nuevo CR-V comparte tu esp\u00edritu aventurero y te da libertad y flexibilidad para explorar.<\/p>\n<p><a href=\"https:\/\/www.vsacomunicacion.com\/wp-content\/uploads\/2018\/03\/monoposte-girona-puigcerda-entrada-honda-cr-v-vsa-comunicacion.jpg\" rel=\"attachment wp-att-3864\"><img decoding=\"async\" class=\"aligncenter size-full wp-image-3864\" src=\"https:\/\/www.vsacomunicacion.com\/wp-content\/uploads\/2018\/03\/monoposte-girona-puigcerda-entrada-honda-cr-v-vsa-comunicacion.jpg\" alt=\"monoposte-girona-puigcerda-entrada-honda-cr-v-vsa-comunicacion\" width=\"884\" height=\"626\" srcset=\"https:\/\/www.vsacomunicacion.com\/wp-content\/uploads\/2018\/03\/monoposte-girona-puigcerda-entrada-honda-cr-v-vsa-comunicacion.jpg 884w, https:\/\/www.vsacomunicacion.com\/wp-content\/uploads\/2018\/03\/monoposte-girona-puigcerda-entrada-honda-cr-v-vsa-comunicacion-300x212.jpg 300w, https:\/\/www.vsacomunicacion.com\/wp-content\/uploads\/2018\/03\/monoposte-girona-puigcerda-entrada-honda-cr-v-vsa-comunicacion-768x544.jpg 768w\" sizes=\"(max-width: 884px) 100vw, 884px\" \/><\/a><\/p>\n<div class=\"contentTitle\">\n<p style=\"text-align: justify;\">Las l\u00edneas potentes y modernas del nuevo CR-V se ven potenciadas por su llamativa y din\u00e1mica parrilla y los elegantes faros integrados, un nuevo motor i-DTEC y un interior y exterior redise\u00f1ados. Dispone, adem\u00e1s, de un innovador sistema de audio e informaci\u00f3n Honda Connect.<\/p>\n<p>Elige qu\u00e9 motor y qu\u00e9 estilo quieres para tu <a href=\"http:\/\/www.honda.es\/cars\/new\/crv-2015\/overview.html\" target=\"_blank\" rel=\"noopener\">nuevo HONDA CR-V<\/a>!!<\/p>\n<\/div>\n<div class=\"contentBody\"><\/div>\n","protected":false},"excerpt":{"rendered":"<p>Fant\u00e1stica campa\u00f1a de publicidad exterior de HONDA a trav\u00e9s de la valla publicitaria de VSA COMUNICACION en el municipio de Puigcerd\u00e1, en la comarca de Girona, en el que hemos\u00a0incorporado un corp\u00f3reo para dar mayor intensidad y relieve a las [&hellip;]<\/p>\n","protected":false},"author":3,"featured_media":7543,"comment_status":"open","ping_status":"open","sticky":false,"template":"","format":"standard","meta":{"inline_featured_image":false,"footnotes":""},"categories":[2117,1871],"tags":[1664,2118,2119,1694,1698,2063,2120,1565,1585,1586,2121,1671,2122],"class_list":["post-11992","post","type-post","status-publish","format-standard","has-post-thumbnail","hentry","category-girona-en","category-monopostes-en","tag-campana-publicitaria-en","tag-cr-v-en","tag-girona-en","tag-gran-notoriedad-en","tag-honda-en","tag-monopostes-2-en","tag-monopostes-girona-en","tag-publicidad-ciudades-en","tag-publicidad-exterior-en","tag-publicidad-urbana-en","tag-puigcerda-en","tag-trafico-rodado-en","tag-valla-en"],"_links":{"self":[{"href":"https:\/\/www.vsacomunicacion.com\/en\/wp-json\/wp\/v2\/posts\/11992"}],"collection":[{"href":"https:\/\/www.vsacomunicacion.com\/en\/wp-json\/wp\/v2\/posts"}],"about":[{"href":"https:\/\/www.vsacomunicacion.com\/en\/wp-json\/wp\/v2\/types\/post"}],"author":[{"embeddable":true,"href":"https:\/\/www.vsacomunicacion.com\/en\/wp-json\/wp\/v2\/users\/3"}],"replies":[{"embeddable":true,"href":"https:\/\/www.vsacomunicacion.com\/en\/wp-json\/wp\/v2\/comments?post=11992"}],"version-history":[{"count":0,"href":"https:\/\/www.vsacomunicacion.com\/en\/wp-json\/wp\/v2\/posts\/11992\/revisions"}],"wp:featuredmedia":[{"embeddable":true,"href":"https:\/\/www.vsacomunicacion.com\/en\/wp-json\/wp\/v2\/media\/7543"}],"wp:attachment":[{"href":"https:\/\/www.vsacomunicacion.com\/en\/wp-json\/wp\/v2\/media?parent=11992"}],"wp:term":[{"taxonomy":"category","embeddable":true,"href":"https:\/\/www.vsacomunicacion.com\/en\/wp-json\/wp\/v2\/categories?post=11992"},{"taxonomy":"post_tag","embeddable":true,"href":"https:\/\/www.vsacomunicacion.com\/en\/wp-json\/wp\/v2\/tags?post=11992"}],"curies":[{"name":"wp","href":"https:\/\/api.w.org\/{rel}","templated":true}]}}