{"id":11994,"date":"2018-03-02T11:45:35","date_gmt":"2018-03-02T11:45:35","guid":{"rendered":"https:\/\/www.vsacomunicacion.com\/pyms-de-nuevo-centro-en-valencia-5\/"},"modified":"2018-03-02T11:45:35","modified_gmt":"2018-03-02T11:45:35","slug":"pyms-de-nuevo-centro-en-valencia-5","status":"publish","type":"post","link":"https:\/\/www.vsacomunicacion.com\/en\/pyms-de-nuevo-centro-en-valencia-5\/","title":{"rendered":"Pym&#8217;s de NUEVO CENTRO en Valencia"},"content":{"rendered":"<p style=\"text-align: justify;\">El estrat\u00e9gico y c\u00e9ntrico\u00a0<strong>circuito de PYM&#8217;s<\/strong> de <strong>VSA COMUNICACION<\/strong> en <strong>Valencia<\/strong> se viste estos d\u00edas de primavera con una nueva creatividad para la campa\u00f1a de publicidad exterior para la nueva temporada de tu Centro Comercial favorito,\u00a0 <strong>NUEVO CENTRO<\/strong>, llena de luz y flores.<\/p>\n<p><a href=\"https:\/\/www.vsacomunicacion.com\/wp-content\/uploads\/2018\/03\/pym-valencia-mauro-guillem-nuevo-centro-primavera-marzo-vsa-comunicacion.jpg\" rel=\"attachment wp-att-3870\"><img fetchpriority=\"high\" decoding=\"async\" class=\"aligncenter size-full wp-image-3870\" src=\"https:\/\/www.vsacomunicacion.com\/wp-content\/uploads\/2018\/03\/pym-valencia-mauro-guillem-nuevo-centro-primavera-marzo-vsa-comunicacion.jpg\" alt=\"pym-valencia-mauro-guillem-nuevo-centro-primavera-marzo-vsa-comunicacion\" width=\"884\" height=\"626\" srcset=\"https:\/\/www.vsacomunicacion.com\/wp-content\/uploads\/2018\/03\/pym-valencia-mauro-guillem-nuevo-centro-primavera-marzo-vsa-comunicacion.jpg 884w, https:\/\/www.vsacomunicacion.com\/wp-content\/uploads\/2018\/03\/pym-valencia-mauro-guillem-nuevo-centro-primavera-marzo-vsa-comunicacion-300x212.jpg 300w, https:\/\/www.vsacomunicacion.com\/wp-content\/uploads\/2018\/03\/pym-valencia-mauro-guillem-nuevo-centro-primavera-marzo-vsa-comunicacion-768x544.jpg 768w\" sizes=\"(max-width: 884px) 100vw, 884px\" \/><\/a><\/p>\n<p style=\"text-align: justify;\">Ha llegado el mes de marzo, y con \u00e9l\u00a0un sinf\u00edn de razones por las que acudir a tu Centro Comercial\u00a0NUEVO CENTRO. Ya sea que notamos la primavera y nos apetece estrenarla con un nuevo conjunto, o queremos\u00a0comprar alg\u00fan detallito para el D\u00eda del Padre, o vemos que las Fallas est\u00e1n muy, muy cerca y no nos puede faltar de nada.<\/p>\n<p style=\"text-align: justify;\"><em>ESTRENA PRIMAVERA<\/em> en <strong>NUEVO CENTRO<\/strong>!!<\/p>\n<p style=\"text-align: justify;\">\n<p style=\"text-align: justify;\">\n<p><a href=\"https:\/\/www.vsacomunicacion.com\/wp-content\/uploads\/2018\/03\/pym-valencia-san-vicente-martir-nuevo-centro-primavera-marzo-vsa-comunicacion.jpg\" rel=\"attachment wp-att-3869\"><img decoding=\"async\" class=\"aligncenter size-full wp-image-3869\" src=\"https:\/\/www.vsacomunicacion.com\/wp-content\/uploads\/2018\/03\/pym-valencia-san-vicente-martir-nuevo-centro-primavera-marzo-vsa-comunicacion.jpg\" alt=\"pym-valencia-san-vicente-martir-nuevo-centro-primavera-marzo-vsa-comunicacion\" width=\"884\" height=\"626\" srcset=\"https:\/\/www.vsacomunicacion.com\/wp-content\/uploads\/2018\/03\/pym-valencia-san-vicente-martir-nuevo-centro-primavera-marzo-vsa-comunicacion.jpg 884w, https:\/\/www.vsacomunicacion.com\/wp-content\/uploads\/2018\/03\/pym-valencia-san-vicente-martir-nuevo-centro-primavera-marzo-vsa-comunicacion-300x212.jpg 300w, https:\/\/www.vsacomunicacion.com\/wp-content\/uploads\/2018\/03\/pym-valencia-san-vicente-martir-nuevo-centro-primavera-marzo-vsa-comunicacion-768x544.jpg 768w\" sizes=\"(max-width: 884px) 100vw, 884px\" \/><\/a><\/p>\n<p style=\"text-align: justify;\">En <strong>NUEVO CENTRO<\/strong> han preparado una ampl\u00edsima variedad de actividades para que disfrut\u00e9is al m\u00e1ximo t\u00fa y los tuyos: Desde los renovados talleres de las pequefiestas,\u00a0a la\u00a0llegada de la Sexta\u00a0Edici\u00f3n\u00a0de \u201cPON TU VOZ EN NUEVO CENTRO\u201d y, por supuesto,\u00a0un a\u00f1o m\u00e1s se celebra el Concurso de Maquetas de Fallas.<\/p>\n<p style=\"text-align: justify;\">Estas son algunas de las muchas opciones que NUEVO CENTRO ha organizado para vosotros y que estamos seguros os encantar\u00e1n.<\/p>\n<p style=\"text-align: justify;\">\n","protected":false},"excerpt":{"rendered":"<p>El estrat\u00e9gico y c\u00e9ntrico\u00a0circuito de PYM&#8217;s de VSA COMUNICACION en Valencia se viste estos d\u00edas de primavera con una nueva creatividad para la campa\u00f1a de publicidad exterior para la nueva temporada de tu Centro Comercial favorito,\u00a0 NUEVO CENTRO, llena de [&hellip;]<\/p>\n","protected":false},"author":3,"featured_media":7545,"comment_status":"open","ping_status":"open","sticky":false,"template":"","format":"standard","meta":{"inline_featured_image":false,"footnotes":""},"categories":[1593,1640],"tags":[1704,1992,1664,1705,1781,2129,1694,1993,1565,1585,1586,1676,1934,1671,1645],"class_list":["post-11994","post","type-post","status-publish","format-standard","has-post-thumbnail","hentry","category-pyms-en","category-valencia-en","tag-alto-prestigio-publicitario-en","tag-campana-nuevo-centro-en","tag-campana-publicitaria-en","tag-centro-ciudad-en","tag-circuito-urbano-en","tag-estrena-primavera-en","tag-gran-notoriedad-en","tag-nuevo-centro-en","tag-publicidad-ciudades-en","tag-publicidad-exterior-en","tag-publicidad-urbana-en","tag-pyms-2-en","tag-pyms-valencia-en","tag-trafico-rodado-en","tag-valencia-en"],"_links":{"self":[{"href":"https:\/\/www.vsacomunicacion.com\/en\/wp-json\/wp\/v2\/posts\/11994"}],"collection":[{"href":"https:\/\/www.vsacomunicacion.com\/en\/wp-json\/wp\/v2\/posts"}],"about":[{"href":"https:\/\/www.vsacomunicacion.com\/en\/wp-json\/wp\/v2\/types\/post"}],"author":[{"embeddable":true,"href":"https:\/\/www.vsacomunicacion.com\/en\/wp-json\/wp\/v2\/users\/3"}],"replies":[{"embeddable":true,"href":"https:\/\/www.vsacomunicacion.com\/en\/wp-json\/wp\/v2\/comments?post=11994"}],"version-history":[{"count":0,"href":"https:\/\/www.vsacomunicacion.com\/en\/wp-json\/wp\/v2\/posts\/11994\/revisions"}],"wp:featuredmedia":[{"embeddable":true,"href":"https:\/\/www.vsacomunicacion.com\/en\/wp-json\/wp\/v2\/media\/7545"}],"wp:attachment":[{"href":"https:\/\/www.vsacomunicacion.com\/en\/wp-json\/wp\/v2\/media?parent=11994"}],"wp:term":[{"taxonomy":"category","embeddable":true,"href":"https:\/\/www.vsacomunicacion.com\/en\/wp-json\/wp\/v2\/categories?post=11994"},{"taxonomy":"post_tag","embeddable":true,"href":"https:\/\/www.vsacomunicacion.com\/en\/wp-json\/wp\/v2\/tags?post=11994"}],"curies":[{"name":"wp","href":"https:\/\/api.w.org\/{rel}","templated":true}]}}