{"id":11996,"date":"2018-02-25T16:44:27","date_gmt":"2018-02-25T16:44:27","guid":{"rendered":"https:\/\/www.vsacomunicacion.com\/circuito-de-pyms-para-larios-en-madrid\/"},"modified":"2018-02-25T16:44:27","modified_gmt":"2018-02-25T16:44:27","slug":"circuito-de-pyms-para-larios-en-madrid","status":"publish","type":"post","link":"https:\/\/www.vsacomunicacion.com\/en\/circuito-de-pyms-para-larios-en-madrid\/","title":{"rendered":"Circuito de PYM&#8217;s para LARIOS en Madrid"},"content":{"rendered":"<p style=\"text-align: justify;\"><strong>LARIOS<\/strong> ha elegido el <strong>Circuito de PYM&#8217;s<\/strong> de VSA COMUNICACION en <strong>Madrid<\/strong> para una incre\u00edble campa\u00f1a de publicidad exterior en la que promociona su\u00a0selecci\u00f3n de ginebras y te invita a descubrir el &#8220;Esp\u00edritu Mediterr\u00e1neo&#8221; que caracteriza\u00a0y transmite\u00a0la ginebra espa\u00f1ola.<\/p>\n<p><a href=\"https:\/\/www.vsacomunicacion.com\/wp-content\/uploads\/2018\/03\/pym-madrid-raimundo-fernandez-villaverde-10-larios-vsa-comunicacion.jpg\" rel=\"attachment wp-att-3873\"><img fetchpriority=\"high\" decoding=\"async\" class=\"aligncenter size-full wp-image-3873\" src=\"https:\/\/www.vsacomunicacion.com\/wp-content\/uploads\/2018\/03\/pym-madrid-raimundo-fernandez-villaverde-10-larios-vsa-comunicacion.jpg\" alt=\"pym-madrid-raimundo-fernandez-villaverde-10-larios-vsa-comunicacion\" width=\"884\" height=\"626\" srcset=\"https:\/\/www.vsacomunicacion.com\/wp-content\/uploads\/2018\/03\/pym-madrid-raimundo-fernandez-villaverde-10-larios-vsa-comunicacion.jpg 884w, https:\/\/www.vsacomunicacion.com\/wp-content\/uploads\/2018\/03\/pym-madrid-raimundo-fernandez-villaverde-10-larios-vsa-comunicacion-300x212.jpg 300w, https:\/\/www.vsacomunicacion.com\/wp-content\/uploads\/2018\/03\/pym-madrid-raimundo-fernandez-villaverde-10-larios-vsa-comunicacion-768x544.jpg 768w\" sizes=\"(max-width: 884px) 100vw, 884px\" \/><\/a><\/p>\n<p style=\"text-align: justify;\">Cada una de\u00a0las\u00a0referencias de la ginebra <strong>LARIOS<\/strong> respira la esencia fresca y pura de su Mediterr\u00e1neo natal y que supo mantener a lo largo de sus 150 a\u00f1os.\u00a0El Mediterr\u00e1neo se ha convertido en su\u00a0propia naturaleza, con la que la ginebra espa\u00f1ola m\u00e1s emblem\u00e1tica simboliza y evoca las sensaciones de su lugar de origen, M\u00e1laga.<\/p>\n<p><a href=\"https:\/\/www.vsacomunicacion.com\/wp-content\/uploads\/2018\/03\/pym-madrid-duque-de-pastrana-3-larios-vsa-comunicacion.jpg\" rel=\"attachment wp-att-3874\"><img decoding=\"async\" class=\"aligncenter size-full wp-image-3874\" src=\"https:\/\/www.vsacomunicacion.com\/wp-content\/uploads\/2018\/03\/pym-madrid-duque-de-pastrana-3-larios-vsa-comunicacion.jpg\" alt=\"pym-madrid-duque-de-pastrana-3-larios-vsa-comunicacion\" width=\"884\" height=\"626\" srcset=\"https:\/\/www.vsacomunicacion.com\/wp-content\/uploads\/2018\/03\/pym-madrid-duque-de-pastrana-3-larios-vsa-comunicacion.jpg 884w, https:\/\/www.vsacomunicacion.com\/wp-content\/uploads\/2018\/03\/pym-madrid-duque-de-pastrana-3-larios-vsa-comunicacion-300x212.jpg 300w, https:\/\/www.vsacomunicacion.com\/wp-content\/uploads\/2018\/03\/pym-madrid-duque-de-pastrana-3-larios-vsa-comunicacion-768x544.jpg 768w\" sizes=\"(max-width: 884px) 100vw, 884px\" \/><\/a><\/p>\n<p style=\"text-align: justify;\">El &#8220;Esp\u00edritu Mediterr\u00e1neo&#8221; va m\u00e1s all\u00e1 de un lugar o espacio concreto: evoca una actitud, una manera especial de vivir, sentir y disfrutar, en compa\u00f1\u00eda de una ginebra de calidad y con tradici\u00f3n.<\/p>\n<p style=\"text-align: justify;\">LARIOS, <em>ESP\u00cdRITU MEDITERR\u00c1NEO<\/em>!!<\/p>\n","protected":false},"excerpt":{"rendered":"<p>LARIOS ha elegido el Circuito de PYM&#8217;s de VSA COMUNICACION en Madrid para una incre\u00edble campa\u00f1a de publicidad exterior en la que promociona su\u00a0selecci\u00f3n de ginebras y te invita a descubrir el &#8220;Esp\u00edritu Mediterr\u00e1neo&#8221; que caracteriza\u00a0y transmite\u00a0la ginebra espa\u00f1ola. Cada [&hellip;]<\/p>\n","protected":false},"author":3,"featured_media":7547,"comment_status":"open","ping_status":"open","sticky":false,"template":"","format":"standard","meta":{"inline_featured_image":false,"footnotes":""},"categories":[1489,1593],"tags":[1704,1664,1705,1781,2131,1694,2132,1499,1565,1585,1586,1676,1677,1671],"class_list":["post-11996","post","type-post","status-publish","format-standard","has-post-thumbnail","hentry","category-madrid-en","category-pyms-en","tag-alto-prestigio-publicitario-en","tag-campana-publicitaria-en","tag-centro-ciudad-en","tag-circuito-urbano-en","tag-espiritu-mediterraneo-en","tag-gran-notoriedad-en","tag-larios-en","tag-madrid-en","tag-publicidad-ciudades-en","tag-publicidad-exterior-en","tag-publicidad-urbana-en","tag-pyms-2-en","tag-pyms-madrid-en","tag-trafico-rodado-en"],"_links":{"self":[{"href":"https:\/\/www.vsacomunicacion.com\/en\/wp-json\/wp\/v2\/posts\/11996"}],"collection":[{"href":"https:\/\/www.vsacomunicacion.com\/en\/wp-json\/wp\/v2\/posts"}],"about":[{"href":"https:\/\/www.vsacomunicacion.com\/en\/wp-json\/wp\/v2\/types\/post"}],"author":[{"embeddable":true,"href":"https:\/\/www.vsacomunicacion.com\/en\/wp-json\/wp\/v2\/users\/3"}],"replies":[{"embeddable":true,"href":"https:\/\/www.vsacomunicacion.com\/en\/wp-json\/wp\/v2\/comments?post=11996"}],"version-history":[{"count":0,"href":"https:\/\/www.vsacomunicacion.com\/en\/wp-json\/wp\/v2\/posts\/11996\/revisions"}],"wp:featuredmedia":[{"embeddable":true,"href":"https:\/\/www.vsacomunicacion.com\/en\/wp-json\/wp\/v2\/media\/7547"}],"wp:attachment":[{"href":"https:\/\/www.vsacomunicacion.com\/en\/wp-json\/wp\/v2\/media?parent=11996"}],"wp:term":[{"taxonomy":"category","embeddable":true,"href":"https:\/\/www.vsacomunicacion.com\/en\/wp-json\/wp\/v2\/categories?post=11996"},{"taxonomy":"post_tag","embeddable":true,"href":"https:\/\/www.vsacomunicacion.com\/en\/wp-json\/wp\/v2\/tags?post=11996"}],"curies":[{"name":"wp","href":"https:\/\/api.w.org\/{rel}","templated":true}]}}