{"id":12001,"date":"2018-01-20T07:41:59","date_gmt":"2018-01-20T07:41:59","guid":{"rendered":"https:\/\/www.vsacomunicacion.com\/pym-del-ayuntamiento-de-valencia\/"},"modified":"2018-01-20T07:41:59","modified_gmt":"2018-01-20T07:41:59","slug":"pym-del-ayuntamiento-de-valencia","status":"publish","type":"post","link":"https:\/\/www.vsacomunicacion.com\/en\/pym-del-ayuntamiento-de-valencia\/","title":{"rendered":"Pym del Ayuntamiento de Valencia"},"content":{"rendered":"<p style=\"text-align: justify;\">El <strong>Ayuntamiento de Valencia<\/strong>, desde su <strong>Concejal\u00eda de Agricultura<\/strong>, Huerta y Pueblos de Valencia, ha impulsado un Plan de Actividad Agraria y, para informar a sus ciudadanos, ha elegido la <strong>pym<\/strong> de <strong>VSA COMUNICACION<\/strong> en la Avenida Constituci\u00f3n, 337 de Valencia como medio de publicidad exterior.<\/p>\n<p><a href=\"https:\/\/www.vsacomunicacion.com\/wp-content\/uploads\/2018\/02\/pym-valencia-avenida-constitucion-337-agricultura-vsa-comunicacion.jpg\" rel=\"attachment wp-att-3771\"><img fetchpriority=\"high\" decoding=\"async\" class=\"aligncenter size-full wp-image-3771\" src=\"https:\/\/www.vsacomunicacion.com\/wp-content\/uploads\/2018\/02\/pym-valencia-avenida-constitucion-337-agricultura-vsa-comunicacion.jpg\" alt=\"pym-valencia-avenida-constitucion-337-agricultura-vsa-comunicacion\" width=\"3884\" height=\"2913\" \/><\/a><\/p>\n<p style=\"text-align: justify;\">El<strong> Ayuntamiento de Valencia<\/strong> ha iniciado una estrategia para promocionar la actividad y el territorio agr\u00edcola en el municipio y en sus 15 pedan\u00edas. Este plan de acci\u00f3n de la Concejal\u00eda de Agricultura, Huerta y Pueblos de Valencia tiene como objetivo defender y revalorar el patrimonio agr\u00edcola municipal as\u00ed como potenciar el oficio de la agricultura para impulsar la Huerta de Valencia.<\/p>\n<p style=\"text-align: justify;\">Entre algunos de sus principales retos se encuentran:<\/p>\n<p style=\"text-align: justify;\">&#8211; La mejora de la rentabilidad de las iniciativas de escala\u00a0<em>xicoteta<\/em> (peque\u00f1ita), protegiendo la peque\u00f1a producci\u00f3n primaria local frente a la excesiva intermediaci\u00f3n en la cadena de distribuci\u00f3n.<\/p>\n<p style=\"text-align: justify;\">&#8211; Rotura generacional. Existe una necesidad de poner en marcha mecanismos que faciliten a j\u00f3venes y mujeres la puesta en marcha de iniciativas productivas.<\/p>\n<p style=\"text-align: justify;\">&#8211; Fomentar la divulgaci\u00f3n de la pesca en\u00a0el municipio, por su tradici\u00f3n y su patrimonio hist\u00f3rico.<\/p>\n<p style=\"text-align: justify;\">Si est\u00e1is interesados en la importante y necesaria labor que se est\u00e1 llevando a cabo desde la <strong>Concejal\u00eda de Agricultura<\/strong> s\u00f3lo ten\u00e9is que visitar su\u00a0<a href=\"https:\/\/sensemans.info\/\" target=\"_blank\" rel=\"noopener\">plataforma web<\/a>.<\/p>\n","protected":false},"excerpt":{"rendered":"<p>El Ayuntamiento de Valencia, desde su Concejal\u00eda de Agricultura, Huerta y Pueblos de Valencia, ha impulsado un Plan de Actividad Agraria y, para informar a sus ciudadanos, ha elegido la pym de VSA COMUNICACION en la Avenida Constituci\u00f3n, 337 de [&hellip;]<\/p>\n","protected":false},"author":3,"featured_media":7520,"comment_status":"open","ping_status":"open","sticky":false,"template":"","format":"standard","meta":{"inline_featured_image":false,"footnotes":""},"categories":[1593,1640],"tags":[2139,1664,1705,2140,1694,2141,1565,1585,1586,1671,1645],"class_list":["post-12001","post","type-post","status-publish","format-standard","has-post-thumbnail","hentry","category-pyms-en","category-valencia-en","tag-ayuntamiento-de-valencia-en","tag-campana-publicitaria-en","tag-centro-ciudad-en","tag-concejalia-de-agricultura-en","tag-gran-notoriedad-en","tag-huerta-y-pueblos-de-valencia-en","tag-publicidad-ciudades-en","tag-publicidad-exterior-en","tag-publicidad-urbana-en","tag-trafico-rodado-en","tag-valencia-en"],"_links":{"self":[{"href":"https:\/\/www.vsacomunicacion.com\/en\/wp-json\/wp\/v2\/posts\/12001"}],"collection":[{"href":"https:\/\/www.vsacomunicacion.com\/en\/wp-json\/wp\/v2\/posts"}],"about":[{"href":"https:\/\/www.vsacomunicacion.com\/en\/wp-json\/wp\/v2\/types\/post"}],"author":[{"embeddable":true,"href":"https:\/\/www.vsacomunicacion.com\/en\/wp-json\/wp\/v2\/users\/3"}],"replies":[{"embeddable":true,"href":"https:\/\/www.vsacomunicacion.com\/en\/wp-json\/wp\/v2\/comments?post=12001"}],"version-history":[{"count":0,"href":"https:\/\/www.vsacomunicacion.com\/en\/wp-json\/wp\/v2\/posts\/12001\/revisions"}],"wp:featuredmedia":[{"embeddable":true,"href":"https:\/\/www.vsacomunicacion.com\/en\/wp-json\/wp\/v2\/media\/7520"}],"wp:attachment":[{"href":"https:\/\/www.vsacomunicacion.com\/en\/wp-json\/wp\/v2\/media?parent=12001"}],"wp:term":[{"taxonomy":"category","embeddable":true,"href":"https:\/\/www.vsacomunicacion.com\/en\/wp-json\/wp\/v2\/categories?post=12001"},{"taxonomy":"post_tag","embeddable":true,"href":"https:\/\/www.vsacomunicacion.com\/en\/wp-json\/wp\/v2\/tags?post=12001"}],"curies":[{"name":"wp","href":"https:\/\/api.w.org\/{rel}","templated":true}]}}