{"id":12002,"date":"2018-01-12T11:38:37","date_gmt":"2018-01-12T11:38:37","guid":{"rendered":"https:\/\/www.vsacomunicacion.com\/lona-publicitaria-de-la-serie-la-peste-en-madrid\/"},"modified":"2018-01-12T11:38:37","modified_gmt":"2018-01-12T11:38:37","slug":"lona-publicitaria-de-la-serie-la-peste-en-madrid","status":"publish","type":"post","link":"https:\/\/www.vsacomunicacion.com\/en\/lona-publicitaria-de-la-serie-la-peste-en-madrid\/","title":{"rendered":"Lona Publicitaria de la serie LA PESTE en Madrid"},"content":{"rendered":"<p style=\"text-align: justify;\">El c\u00e9ntrico emplazamiento de <strong>VSA COMUNICACION<\/strong> de la calle Alcal\u00e1 de<strong> Madrid<\/strong> inicia el a\u00f1o\u00a0con una espectacular, a la vez que intrigante, <strong>lona publicitaria<\/strong> en la que <strong>MOVISTAR +<\/strong> nos anuncia el estreno el pr\u00f3ximo d\u00eda 12 de\u00a0su nueva serie, &#8220;<strong>LA PESTE<\/strong>&#8220;, un ambicioso thriller creado por Alberto Rodr\u00edguez y Rafael Cobos.<\/p>\n<p><a href=\"https:\/\/www.vsacomunicacion.com\/wp-content\/uploads\/2018\/01\/lona-publicitaria-barcelona-alcala-43-la-peste-movistar-noche-vsa-comunicacion.jpg\" rel=\"attachment wp-att-3706\"><img fetchpriority=\"high\" decoding=\"async\" class=\"aligncenter size-full wp-image-3706\" src=\"https:\/\/www.vsacomunicacion.com\/wp-content\/uploads\/2018\/01\/lona-publicitaria-barcelona-alcala-43-la-peste-movistar-noche-vsa-comunicacion.jpg\" alt=\"lona-publicitaria-barcelona-alcala-43-la-peste-movistar-+-noche-vsa-comunicacion\" width=\"884\" height=\"626\" srcset=\"https:\/\/www.vsacomunicacion.com\/wp-content\/uploads\/2018\/01\/lona-publicitaria-barcelona-alcala-43-la-peste-movistar-noche-vsa-comunicacion.jpg 884w, https:\/\/www.vsacomunicacion.com\/wp-content\/uploads\/2018\/01\/lona-publicitaria-barcelona-alcala-43-la-peste-movistar-noche-vsa-comunicacion-300x212.jpg 300w, https:\/\/www.vsacomunicacion.com\/wp-content\/uploads\/2018\/01\/lona-publicitaria-barcelona-alcala-43-la-peste-movistar-noche-vsa-comunicacion-768x544.jpg 768w\" sizes=\"(max-width: 884px) 100vw, 884px\" \/><\/a><\/p>\n<p style=\"text-align: justify;\">El thriller &#8220;<strong>LA PESTE<\/strong>&#8221; se traslada a Sevilla en la segunda mitad del Siglo XVI, siendo \u00e9sta la metr\u00f3poli del mundo occidental y puerta de acceso a Am\u00e9rica en Europa.<\/p>\n<p style=\"text-align: justify;\">En esa \u00e9poca en la ciudad la riqueza florec\u00eda con facilidad gracias al comercio internacional, al oro, la plata; a la convivencia de nacionales y extranjeros: cristianos, jud\u00edos conversos, moriscos, esclavos, libertos, p\u00edcaros, ladrones, prostitutas, nobles y plebeyos.\u00a0Pero tambi\u00e9n era una ciudad de sombras por la desigualdad, donde el\u00a0arte y la cultura estaban al alcance de muy pocos, las hambrunas, inundaciones y epidemias eran cada vez m\u00e1s frecuentes.<\/p>\n<p style=\"text-align: justify;\">Durante una plaga de peste negra, un ex militar regresa\u00a0a la ciudad de la que tuvo que huir durante la Inquisici\u00f3n por ser condenado a muerte por imprimir libros prohibidos. Su vuelta a casa era necesaria para mantener su palabra, pues hab\u00eda prometido a un amigo fallecido encontrar y sacar de la ciudad a su hijo. Antes de conseguir su objetivo es arrestado\u00a0por los alguaciles del Inquisidor, quien promete perdonarle la vida a cambio de resolver una serie de cr\u00edmenes con tintes diab\u00f3licos que se est\u00e1n produciendo en Sevilla.<\/p>\n<p><a href=\"https:\/\/www.vsacomunicacion.com\/wp-content\/uploads\/2018\/01\/lona-publicitaria-barcelona-alcala-43-la-peste-movistar-dia-vsa-comunicacion.jpg\" rel=\"attachment wp-att-3705\"><img decoding=\"async\" class=\"aligncenter size-full wp-image-3705\" src=\"https:\/\/www.vsacomunicacion.com\/wp-content\/uploads\/2018\/01\/lona-publicitaria-barcelona-alcala-43-la-peste-movistar-dia-vsa-comunicacion.jpg\" alt=\"lona-publicitaria-barcelona-alcala-43-la-peste-movistar-+-dia-vsa-comunicacion\" width=\"884\" height=\"626\" srcset=\"https:\/\/www.vsacomunicacion.com\/wp-content\/uploads\/2018\/01\/lona-publicitaria-barcelona-alcala-43-la-peste-movistar-dia-vsa-comunicacion.jpg 884w, https:\/\/www.vsacomunicacion.com\/wp-content\/uploads\/2018\/01\/lona-publicitaria-barcelona-alcala-43-la-peste-movistar-dia-vsa-comunicacion-300x212.jpg 300w, https:\/\/www.vsacomunicacion.com\/wp-content\/uploads\/2018\/01\/lona-publicitaria-barcelona-alcala-43-la-peste-movistar-dia-vsa-comunicacion-768x544.jpg 768w\" sizes=\"(max-width: 884px) 100vw, 884px\" \/><\/a><\/p>\n<p style=\"text-align: justify;\"><em>&#8220;Lo m\u00e1s interesante de la serie es ver la Sevilla del siglo XVI tratando de que toda la ficci\u00f3n sea coherente con el pensamiento de ese tiempo y no del siglo XXI. Los personajes se comportan como lo har\u00edan en esa \u00e9poca y no los juzgamos. Son las reglas de un tiempo distinto en el que las cosas se organizaban de otra forma. En cierto modo es un paseo por la Historia a pie de calle&#8221;<\/em>, explicaba el co-creador y director, AlbertoRodr\u00edguez, en la presentaci\u00f3n de la serie.<\/p>\n","protected":false},"excerpt":{"rendered":"<p>El c\u00e9ntrico emplazamiento de VSA COMUNICACION de la calle Alcal\u00e1 de Madrid inicia el a\u00f1o\u00a0con una espectacular, a la vez que intrigante, lona publicitaria en la que MOVISTAR + nos anuncia el estreno el pr\u00f3ximo d\u00eda 12 de\u00a0su nueva serie, [&hellip;]<\/p>\n","protected":false},"author":3,"featured_media":7507,"comment_status":"open","ping_status":"open","sticky":false,"template":"","format":"standard","meta":{"inline_featured_image":false,"footnotes":""},"categories":[1488,1489],"tags":[1704,1664,1705,1706,1708,1693,1694,2142,1609,1611,1499,1620,1565,1585,1599,1586,1671],"class_list":["post-12002","post","type-post","status-publish","format-standard","has-post-thumbnail","hentry","category-lonas-publicitarias-en","category-madrid-en","tag-alto-prestigio-publicitario-en","tag-campana-publicitaria-en","tag-centro-ciudad-en","tag-emplazamiento-premium-en","tag-formato-espectacular-en","tag-gran-formato-en","tag-gran-notoriedad-en","tag-la-peste-en","tag-lonas-publicitarias-2-en","tag-lonas-publicitarias-madrid-en","tag-madrid-en","tag-movistar-en","tag-publicidad-ciudades-en","tag-publicidad-exterior-en","tag-publicidad-gran-formato-en","tag-publicidad-urbana-en","tag-trafico-rodado-en"],"_links":{"self":[{"href":"https:\/\/www.vsacomunicacion.com\/en\/wp-json\/wp\/v2\/posts\/12002"}],"collection":[{"href":"https:\/\/www.vsacomunicacion.com\/en\/wp-json\/wp\/v2\/posts"}],"about":[{"href":"https:\/\/www.vsacomunicacion.com\/en\/wp-json\/wp\/v2\/types\/post"}],"author":[{"embeddable":true,"href":"https:\/\/www.vsacomunicacion.com\/en\/wp-json\/wp\/v2\/users\/3"}],"replies":[{"embeddable":true,"href":"https:\/\/www.vsacomunicacion.com\/en\/wp-json\/wp\/v2\/comments?post=12002"}],"version-history":[{"count":0,"href":"https:\/\/www.vsacomunicacion.com\/en\/wp-json\/wp\/v2\/posts\/12002\/revisions"}],"wp:featuredmedia":[{"embeddable":true,"href":"https:\/\/www.vsacomunicacion.com\/en\/wp-json\/wp\/v2\/media\/7507"}],"wp:attachment":[{"href":"https:\/\/www.vsacomunicacion.com\/en\/wp-json\/wp\/v2\/media?parent=12002"}],"wp:term":[{"taxonomy":"category","embeddable":true,"href":"https:\/\/www.vsacomunicacion.com\/en\/wp-json\/wp\/v2\/categories?post=12002"},{"taxonomy":"post_tag","embeddable":true,"href":"https:\/\/www.vsacomunicacion.com\/en\/wp-json\/wp\/v2\/tags?post=12002"}],"curies":[{"name":"wp","href":"https:\/\/api.w.org\/{rel}","templated":true}]}}