{"id":12003,"date":"2018-01-10T01:30:31","date_gmt":"2018-01-10T01:30:31","guid":{"rendered":"https:\/\/www.vsacomunicacion.com\/circuito-de-pyms-para-la-diputacio-de-barcelona\/"},"modified":"2018-01-10T01:30:31","modified_gmt":"2018-01-10T01:30:31","slug":"circuito-de-pyms-para-la-diputacio-de-barcelona","status":"publish","type":"post","link":"https:\/\/www.vsacomunicacion.com\/en\/circuito-de-pyms-para-la-diputacio-de-barcelona\/","title":{"rendered":"Circuito de PYM&#8217;s para la Diputaci\u00f3 de Barcelona"},"content":{"rendered":"<p style=\"text-align: justify;\">El <strong>Circuito de pym&#8217;s<\/strong> de <strong>VSA COMUNICACI\u00d3N<\/strong>\u00a0el es soporte preferido de la <strong>Diputaci\u00f3 de Barcelona<\/strong> para su incre\u00edble campa\u00f1a de publicidad exterior en que nos invita a descubrir <strong>Barcelona<\/strong>: su patrimonio incre\u00edble, sus Pirineos y, por supuesto, sus costas.\u00a0A\u00fan te queda mucho por descubrir!!<\/p>\n<p><a href=\"https:\/\/www.vsacomunicacion.com\/wp-content\/uploads\/2018\/02\/pym-barcelona-avenida-paralelo-179-diputacio-de-barcelona-vsa-comunicacion.jpg\" rel=\"attachment wp-att-3787\"><img fetchpriority=\"high\" decoding=\"async\" class=\"aligncenter size-full wp-image-3787\" src=\"https:\/\/www.vsacomunicacion.com\/wp-content\/uploads\/2018\/02\/pym-barcelona-avenida-paralelo-179-diputacio-de-barcelona-vsa-comunicacion.jpg\" alt=\"pym-barcelona-avenida-paralelo-179-diputacio-de-barcelona-vsa-comunicacion\" width=\"884\" height=\"626\" srcset=\"https:\/\/www.vsacomunicacion.com\/wp-content\/uploads\/2018\/02\/pym-barcelona-avenida-paralelo-179-diputacio-de-barcelona-vsa-comunicacion.jpg 884w, https:\/\/www.vsacomunicacion.com\/wp-content\/uploads\/2018\/02\/pym-barcelona-avenida-paralelo-179-diputacio-de-barcelona-vsa-comunicacion-300x212.jpg 300w, https:\/\/www.vsacomunicacion.com\/wp-content\/uploads\/2018\/02\/pym-barcelona-avenida-paralelo-179-diputacio-de-barcelona-vsa-comunicacion-768x544.jpg 768w\" sizes=\"(max-width: 884px) 100vw, 884px\" \/><\/a><\/p>\n<p style=\"text-align: justify;\">El objetivo de la Diputaci\u00f3n de Barcelona en materia de turismo es promover, a trav\u00e9s de su marca <strong>Barcelona es mucho m\u00e1s<\/strong>, el desarrollo social y econ\u00f3mico de los municipios de la provincia de Barcelona a trav\u00e9s de su sector tur\u00edstico, velando por mantener un equilibrio arm\u00f3nico entre ese desarrollo y los entornos socio-culturales y ambientales en los que tiene lugar.<\/p>\n<p style=\"text-align: justify;\">Cerca de\u00a0Barcelona, hay todo un mundo de posibilidades para disfrutar del\u00a0ocio, de la\u00a0cultura\u00a0y de la\u00a0naturaleza. Un territorio rico y diverso entre el\u00a0Pirineo\u00a0y el\u00a0Mediterr\u00e1neo\u00a0con m\u00e1s de\u00a0100 quil\u00f3metros de costa, arte y patrimonio cultural y una\u00a0gastronom\u00eda\u00a0a la que no podr\u00e1s resistirte.<\/p>\n<p><a href=\"https:\/\/www.vsacomunicacion.com\/wp-content\/uploads\/2018\/02\/pym-barcelona-conde-santa-clara-81-diputacio-bcn-vsa-comunicacion.jpg\" rel=\"attachment wp-att-3790\"><img decoding=\"async\" class=\"aligncenter size-full wp-image-3790\" src=\"https:\/\/www.vsacomunicacion.com\/wp-content\/uploads\/2018\/02\/pym-barcelona-conde-santa-clara-81-diputacio-bcn-vsa-comunicacion.jpg\" alt=\"pym-barcelona-conde-santa-clara-81-diputacio-bcn-vsa-comunicacion\" width=\"884\" height=\"626\" srcset=\"https:\/\/www.vsacomunicacion.com\/wp-content\/uploads\/2018\/02\/pym-barcelona-conde-santa-clara-81-diputacio-bcn-vsa-comunicacion.jpg 884w, https:\/\/www.vsacomunicacion.com\/wp-content\/uploads\/2018\/02\/pym-barcelona-conde-santa-clara-81-diputacio-bcn-vsa-comunicacion-300x212.jpg 300w, https:\/\/www.vsacomunicacion.com\/wp-content\/uploads\/2018\/02\/pym-barcelona-conde-santa-clara-81-diputacio-bcn-vsa-comunicacion-768x544.jpg 768w\" sizes=\"(max-width: 884px) 100vw, 884px\" \/><\/a><\/p>\n<p style=\"text-align: justify;\">Descubre\u00a0todas las actividades tur\u00edsticas\u00a0que puedes realizar en los pueblos y las ciudades de las comarcas de Barcelona. \u00a1Hay tantas propuestas que no te las acabar\u00e1s! \u00bfA qu\u00e9 esperas para empezar a viajar?<\/p>\n<p style=\"text-align: justify;\">&#8211; <em>Los Pirineos de Barcelona<\/em>: Un paisaje cautivador de monta\u00f1as espectaculares y un territorio rico en leyendas. Desc\u00fabrelo a trav\u00e9s de la vida rural, los placeres gastron\u00f3micos y las\u00a0actividades en plena naturaleza.<\/p>\n<p style=\"text-align: justify;\">&#8211; <em>Los Paisajes de Barcelona:<\/em> Las comarcas del interior de Barcelona esconden muchos rincones donde vivir en\u00a0armon\u00eda con la naturaleza\u00a0es posible todav\u00eda. Una tierra que te invita a descubrir ermitas, castillos y vestigios hist\u00f3ricos de \u00e9pocas diversas.<\/p>\n<p style=\"text-align: justify;\">&#8211; <em>La Costa de Barcelona:<\/em> El\u00a0mar\u00a0es el punto de partida de un territorio donde disfrutar de sensaciones muy intensas. Con un singular patrimonio modernista, espacios naturales impresionantes y una arraigada tradici\u00f3n de enoturismo, el c\u00f3ctel es perfecto.<\/p>\n<p><a href=\"https:\/\/www.barcelonaesmoltmes.cat\/es\" target=\"_blank\" rel=\"noopener\">Barcelona <\/a>es mucho m\u00e1s!! No tiene fin!! Ven a descubrirlo y comparte tu experiencia.<\/p>\n","protected":false},"excerpt":{"rendered":"<p>El Circuito de pym&#8217;s de VSA COMUNICACI\u00d3N\u00a0el es soporte preferido de la Diputaci\u00f3 de Barcelona para su incre\u00edble campa\u00f1a de publicidad exterior en que nos invita a descubrir Barcelona: su patrimonio incre\u00edble, sus Pirineos y, por supuesto, sus costas.\u00a0A\u00fan te [&hellip;]<\/p>\n","protected":false},"author":3,"featured_media":7523,"comment_status":"open","ping_status":"open","sticky":false,"template":"","format":"standard","meta":{"inline_featured_image":false,"footnotes":""},"categories":[1506,1593],"tags":[1704,1516,1664,1705,1781,2143,1694,1565,1585,1586,1676,1702,1671],"class_list":["post-12003","post","type-post","status-publish","format-standard","has-post-thumbnail","hentry","category-barcelona-en","category-pyms-en","tag-alto-prestigio-publicitario-en","tag-barcelona-en","tag-campana-publicitaria-en","tag-centro-ciudad-en","tag-circuito-urbano-en","tag-diputacio-de-barcelona-en","tag-gran-notoriedad-en","tag-publicidad-ciudades-en","tag-publicidad-exterior-en","tag-publicidad-urbana-en","tag-pyms-2-en","tag-pyms-barcelona-en","tag-trafico-rodado-en"],"_links":{"self":[{"href":"https:\/\/www.vsacomunicacion.com\/en\/wp-json\/wp\/v2\/posts\/12003"}],"collection":[{"href":"https:\/\/www.vsacomunicacion.com\/en\/wp-json\/wp\/v2\/posts"}],"about":[{"href":"https:\/\/www.vsacomunicacion.com\/en\/wp-json\/wp\/v2\/types\/post"}],"author":[{"embeddable":true,"href":"https:\/\/www.vsacomunicacion.com\/en\/wp-json\/wp\/v2\/users\/3"}],"replies":[{"embeddable":true,"href":"https:\/\/www.vsacomunicacion.com\/en\/wp-json\/wp\/v2\/comments?post=12003"}],"version-history":[{"count":0,"href":"https:\/\/www.vsacomunicacion.com\/en\/wp-json\/wp\/v2\/posts\/12003\/revisions"}],"wp:featuredmedia":[{"embeddable":true,"href":"https:\/\/www.vsacomunicacion.com\/en\/wp-json\/wp\/v2\/media\/7523"}],"wp:attachment":[{"href":"https:\/\/www.vsacomunicacion.com\/en\/wp-json\/wp\/v2\/media?parent=12003"}],"wp:term":[{"taxonomy":"category","embeddable":true,"href":"https:\/\/www.vsacomunicacion.com\/en\/wp-json\/wp\/v2\/categories?post=12003"},{"taxonomy":"post_tag","embeddable":true,"href":"https:\/\/www.vsacomunicacion.com\/en\/wp-json\/wp\/v2\/tags?post=12003"}],"curies":[{"name":"wp","href":"https:\/\/api.w.org\/{rel}","templated":true}]}}