{"id":12005,"date":"2018-01-02T17:08:07","date_gmt":"2018-01-02T17:08:07","guid":{"rendered":"https:\/\/www.vsacomunicacion.com\/circuito-de-pyms-de-nuevo-centro-en-valencia\/"},"modified":"2018-01-02T17:08:07","modified_gmt":"2018-01-02T17:08:07","slug":"circuito-de-pyms-de-nuevo-centro-en-valencia","status":"publish","type":"post","link":"https:\/\/www.vsacomunicacion.com\/en\/circuito-de-pyms-de-nuevo-centro-en-valencia\/","title":{"rendered":"Circuito de PYM&#8217;s de NUEVO CENTRO en Valencia"},"content":{"rendered":"<p style=\"text-align: justify;\">Os presentamos la estupenda campa\u00f1a de publicidad exterior de <strong>NUEVO CENTRO<\/strong> en el<strong> Circuito de Pym&#8217;s<\/strong> de <strong>VSA COMUNICACION<\/strong> en <strong>Valencia<\/strong>:\u00a0Ha llegado el mes de enero y con \u00e9l&#8230; Las\u00a0REBAJAS en NUEVO CENTRO!!! Desde el pr\u00f3ximo d\u00eda 7 hasta el 28 de febrero podr\u00e1s disfrutar de las mejores rebajas en tu Centro Comercial preferido en Valencia.<\/p>\n<p><a href=\"https:\/\/www.vsacomunicacion.com\/wp-content\/uploads\/2018\/02\/pym-valencia-doctor-vila-barbera-nuevo-centro-rebajas-enero-vsa-comunicacion.jpg\" rel=\"attachment wp-att-3782\"><img fetchpriority=\"high\" decoding=\"async\" class=\"aligncenter size-full wp-image-3782\" src=\"https:\/\/www.vsacomunicacion.com\/wp-content\/uploads\/2018\/02\/pym-valencia-doctor-vila-barbera-nuevo-centro-rebajas-enero-vsa-comunicacion.jpg\" alt=\"pym-valencia-doctor-vila-barbera-nuevo-centro-rebajas-enero-vsa-comunicacion\" width=\"2486\" height=\"1864\" srcset=\"https:\/\/www.vsacomunicacion.com\/wp-content\/uploads\/2018\/02\/pym-valencia-doctor-vila-barbera-nuevo-centro-rebajas-enero-vsa-comunicacion.jpg 2486w, https:\/\/www.vsacomunicacion.com\/wp-content\/uploads\/2018\/02\/pym-valencia-doctor-vila-barbera-nuevo-centro-rebajas-enero-vsa-comunicacion-300x225.jpg 300w, https:\/\/www.vsacomunicacion.com\/wp-content\/uploads\/2018\/02\/pym-valencia-doctor-vila-barbera-nuevo-centro-rebajas-enero-vsa-comunicacion-1024x768.jpg 1024w, https:\/\/www.vsacomunicacion.com\/wp-content\/uploads\/2018\/02\/pym-valencia-doctor-vila-barbera-nuevo-centro-rebajas-enero-vsa-comunicacion-768x576.jpg 768w, https:\/\/www.vsacomunicacion.com\/wp-content\/uploads\/2018\/02\/pym-valencia-doctor-vila-barbera-nuevo-centro-rebajas-enero-vsa-comunicacion-1536x1152.jpg 1536w\" sizes=\"(max-width: 2486px) 100vw, 2486px\" \/><\/a><\/p>\n<p style=\"text-align: justify;\"><strong>NUEVO CENTRO<\/strong> lleva a\u00f1os confiando en VSA COMUNICACION y sus soportes de publicidad exterior. Varias de nuestras PYM&#8217;s informan peri\u00f3dicamente de las novedades que encontrar\u00e1s en este fant\u00e1stico Centro Comercial. Que, adem\u00e1s de tener la mejor oferta en restauraci\u00f3n y tiendas de moda y accesorios, organiza un sinf\u00edn de actividades para que, peque\u00f1os y grandes, pasemos en NUEVO CENTRO un fant\u00e1stico d\u00eda de compras.<\/p>\n<p style=\"text-align: justify;\">En las pr\u00f3ximas semanas podremos, por ejemplo, disfrutar de las maravillosas actuaciones de pianistas que NUEVO CENTRO ha preparado para ti, de las nuevas actividades y talleres de las pequefiestas durante el mes de febrero,\u00a0\u00a0jornadas de ajedrez\u00a0femenino y escolar del 15 al 17 de febrero, y se inicia el plazo de inscripci\u00f3n al Concurso de Maquetas de Fallas 2018, entre muchas otras y variadas actividades.<\/p>\n<p style=\"text-align: justify;\"><a href=\"http:\/\/www.nuevocentro.es\/\" target=\"_blank\" rel=\"noopener\">NUEVO CENTRO<\/a>, en el coraz\u00f3n de Valencia!!<\/p>\n<div id=\"postID_754_excerpt\"><\/div>\n","protected":false},"excerpt":{"rendered":"<p>Os presentamos la estupenda campa\u00f1a de publicidad exterior de NUEVO CENTRO en el Circuito de Pym&#8217;s de VSA COMUNICACION en Valencia:\u00a0Ha llegado el mes de enero y con \u00e9l&#8230; Las\u00a0REBAJAS en NUEVO CENTRO!!! Desde el pr\u00f3ximo d\u00eda 7 hasta el [&hellip;]<\/p>\n","protected":false},"author":3,"featured_media":7521,"comment_status":"open","ping_status":"open","sticky":false,"template":"","format":"standard","meta":{"inline_featured_image":false,"footnotes":""},"categories":[1423],"tags":[1992,1664,1705,1781,1694,1993,1565,1585,1586,1676,1934,1671,1645],"class_list":["post-12005","post","type-post","status-publish","format-standard","has-post-thumbnail","hentry","category-uncategorized","tag-campana-nuevo-centro-en","tag-campana-publicitaria-en","tag-centro-ciudad-en","tag-circuito-urbano-en","tag-gran-notoriedad-en","tag-nuevo-centro-en","tag-publicidad-ciudades-en","tag-publicidad-exterior-en","tag-publicidad-urbana-en","tag-pyms-2-en","tag-pyms-valencia-en","tag-trafico-rodado-en","tag-valencia-en"],"_links":{"self":[{"href":"https:\/\/www.vsacomunicacion.com\/en\/wp-json\/wp\/v2\/posts\/12005"}],"collection":[{"href":"https:\/\/www.vsacomunicacion.com\/en\/wp-json\/wp\/v2\/posts"}],"about":[{"href":"https:\/\/www.vsacomunicacion.com\/en\/wp-json\/wp\/v2\/types\/post"}],"author":[{"embeddable":true,"href":"https:\/\/www.vsacomunicacion.com\/en\/wp-json\/wp\/v2\/users\/3"}],"replies":[{"embeddable":true,"href":"https:\/\/www.vsacomunicacion.com\/en\/wp-json\/wp\/v2\/comments?post=12005"}],"version-history":[{"count":0,"href":"https:\/\/www.vsacomunicacion.com\/en\/wp-json\/wp\/v2\/posts\/12005\/revisions"}],"wp:featuredmedia":[{"embeddable":true,"href":"https:\/\/www.vsacomunicacion.com\/en\/wp-json\/wp\/v2\/media\/7521"}],"wp:attachment":[{"href":"https:\/\/www.vsacomunicacion.com\/en\/wp-json\/wp\/v2\/media?parent=12005"}],"wp:term":[{"taxonomy":"category","embeddable":true,"href":"https:\/\/www.vsacomunicacion.com\/en\/wp-json\/wp\/v2\/categories?post=12005"},{"taxonomy":"post_tag","embeddable":true,"href":"https:\/\/www.vsacomunicacion.com\/en\/wp-json\/wp\/v2\/tags?post=12005"}],"curies":[{"name":"wp","href":"https:\/\/api.w.org\/{rel}","templated":true}]}}