{"id":12013,"date":"2017-11-30T09:20:32","date_gmt":"2017-11-30T09:20:32","guid":{"rendered":"https:\/\/www.vsacomunicacion.com\/lona-publicitaria-de-andorra-la-vella-en-las-ramblas\/"},"modified":"2017-11-30T09:20:32","modified_gmt":"2017-11-30T09:20:32","slug":"lona-publicitaria-de-andorra-la-vella-en-las-ramblas","status":"publish","type":"post","link":"https:\/\/www.vsacomunicacion.com\/en\/lona-publicitaria-de-andorra-la-vella-en-las-ramblas\/","title":{"rendered":"Lona Publicitaria de ANDORRA LA VELLA en las Ramblas"},"content":{"rendered":"<p style=\"text-align: justify;\">En las Ramblas de <strong>Barcelona<\/strong> siempre se respira un aire festivo.\u00a0Flores, m\u00fasica, espect\u00e1culos, mimos y terrazas definen Las Ramblas,\u00a0la calle m\u00e1s conocida de Barcelona y una visita imprescindible\u00a0tanto por turistas como for\u00e1neos de la ciudad, a cualquier hora del d\u00eda las Ramblas\u00a0est\u00e1n animadas, repletas de turistas y artistas callejeros.<\/p>\n<p style=\"text-align: justify;\">El emplazamiento de<strong> VSA COMUNICACION<\/strong> en las <strong>Ramblas<\/strong>\u00a0est\u00e1 engalanada de fiesta\u00a0junto a <strong>Andorra la Vella<\/strong>, la capital de las ilusiones, con una alegre y navide\u00f1a <strong>lona publicitaria<\/strong> en la que presentan\u00a0el Mercat de Nadal\u00a0<em>(Mercado de Navidad)<\/em>, en el que podr\u00e1s descubrir\u00a0del 25 de noviembre al 6 de enero, un recorrido de\u00a0ensue\u00f1o por diferentes rincones\u00a0de la capital andorrana.<\/p>\n<p style=\"text-align: justify;\"><a href=\"https:\/\/www.vsacomunicacion.com\/wp-content\/uploads\/2017\/12\/lona-publicitaria-barcelona-ramblas-125-andorra-la-vella-vsa-comunicacion.jpg\" rel=\"attachment wp-att-3655\"><img fetchpriority=\"high\" decoding=\"async\" class=\"size-full wp-image-3655\" src=\"https:\/\/www.vsacomunicacion.com\/wp-content\/uploads\/2017\/12\/lona-publicitaria-barcelona-ramblas-125-andorra-la-vella-vsa-comunicacion.jpg\" alt=\"lona-publicitaria-barcelona-ramblas-125-andorra-la-vella-vsa-comunicacion\" width=\"884\" height=\"626\" srcset=\"https:\/\/www.vsacomunicacion.com\/wp-content\/uploads\/2017\/12\/lona-publicitaria-barcelona-ramblas-125-andorra-la-vella-vsa-comunicacion.jpg 884w, https:\/\/www.vsacomunicacion.com\/wp-content\/uploads\/2017\/12\/lona-publicitaria-barcelona-ramblas-125-andorra-la-vella-vsa-comunicacion-300x212.jpg 300w, https:\/\/www.vsacomunicacion.com\/wp-content\/uploads\/2017\/12\/lona-publicitaria-barcelona-ramblas-125-andorra-la-vella-vsa-comunicacion-768x544.jpg 768w\" sizes=\"(max-width: 884px) 100vw, 884px\" \/><\/a><\/p>\n<p style=\"text-align: justify;\"><strong>Andorra la Vella<\/strong> te da la bienvenida a la capital de las ilusiones. La mejor Navidad se encuentra en Andorra la Vella, donde las tradiciones, los colores y las emociones de las fiestas os har\u00e1n vivir momentos inolvidables.<\/p>\n<p style=\"text-align: justify;\">El\u00a0<i>Poblet de Nadal<\/i>\u00a0(Pueblecito de Navidad) os transportar\u00e1 a un mundo m\u00e1gico y lleno de luz, donde los sue\u00f1os de peque\u00f1os y mayores se har\u00e1n realidad.<\/p>\n<p style=\"text-align: justify;\">Los\u00a0<i>Menairons<\/i>\u00a0de los Meners han trabajado todo el a\u00f1o para que cada d\u00eda pod\u00e1is disfrutarlo con la familia y amigos.<\/p>\n<p style=\"text-align: justify;\">El <strong>Mercado de Navidad<\/strong> es un espacio id\u00edlico con una gran oferta comercial de productos navide\u00f1os. Pasead por las veinticinco casetas de madera donde encontrar\u00e9is desde los art\u00edculos m\u00e1s tradicionales de las fiestas hasta productos artesanales. Ideales para encontrar los regalos m\u00e1s originales y diferentes. Juguetes, productos gourmet, bisuter\u00eda, piezas de cer\u00e1mica y decorativas para adornar vuestro hogar con el esp\u00edritu m\u00e1s navide\u00f1o, as\u00ed como productos de cosm\u00e9tica natural. Todos los productos son artesanales y de proximidad.<\/p>\n<p style=\"text-align: justify;\">Adentraos en los diferentes espacios y disfrutad de todas las actividades programadas.<\/p>\n<p style=\"text-align: justify;\"><a href=\"https:\/\/www.andorralavella.ad\/\" target=\"_blank\" rel=\"noopener\">\u00a1Aqu\u00ed encontrar\u00e9is todos los detalles!<\/a><\/p>\n","protected":false},"excerpt":{"rendered":"<p>En las Ramblas de Barcelona siempre se respira un aire festivo.\u00a0Flores, m\u00fasica, espect\u00e1culos, mimos y terrazas definen Las Ramblas,\u00a0la calle m\u00e1s conocida de Barcelona y una visita imprescindible\u00a0tanto por turistas como for\u00e1neos de la ciudad, a cualquier hora del d\u00eda [&hellip;]<\/p>\n","protected":false},"author":3,"featured_media":7494,"comment_status":"open","ping_status":"open","sticky":false,"template":"","format":"standard","meta":{"inline_featured_image":false,"footnotes":""},"categories":[1506,1488],"tags":[1763,1764,1516,1705,1708,1694,1609,1581,2158,1565,1585,1599,1586,1671],"class_list":["post-12013","post","type-post","status-publish","format-standard","has-post-thumbnail","hentry","category-barcelona-en","category-lonas-publicitarias-en","tag-andorra-en","tag-andorra-la-vella-en","tag-barcelona-en","tag-centro-ciudad-en","tag-formato-espectacular-en","tag-gran-notoriedad-en","tag-lonas-publicitarias-2-en","tag-lonas-publicitarias-barcelona-en","tag-mercat-de-nadal-en","tag-publicidad-ciudades-en","tag-publicidad-exterior-en","tag-publicidad-gran-formato-en","tag-publicidad-urbana-en","tag-trafico-rodado-en"],"_links":{"self":[{"href":"https:\/\/www.vsacomunicacion.com\/en\/wp-json\/wp\/v2\/posts\/12013"}],"collection":[{"href":"https:\/\/www.vsacomunicacion.com\/en\/wp-json\/wp\/v2\/posts"}],"about":[{"href":"https:\/\/www.vsacomunicacion.com\/en\/wp-json\/wp\/v2\/types\/post"}],"author":[{"embeddable":true,"href":"https:\/\/www.vsacomunicacion.com\/en\/wp-json\/wp\/v2\/users\/3"}],"replies":[{"embeddable":true,"href":"https:\/\/www.vsacomunicacion.com\/en\/wp-json\/wp\/v2\/comments?post=12013"}],"version-history":[{"count":0,"href":"https:\/\/www.vsacomunicacion.com\/en\/wp-json\/wp\/v2\/posts\/12013\/revisions"}],"wp:featuredmedia":[{"embeddable":true,"href":"https:\/\/www.vsacomunicacion.com\/en\/wp-json\/wp\/v2\/media\/7494"}],"wp:attachment":[{"href":"https:\/\/www.vsacomunicacion.com\/en\/wp-json\/wp\/v2\/media?parent=12013"}],"wp:term":[{"taxonomy":"category","embeddable":true,"href":"https:\/\/www.vsacomunicacion.com\/en\/wp-json\/wp\/v2\/categories?post=12013"},{"taxonomy":"post_tag","embeddable":true,"href":"https:\/\/www.vsacomunicacion.com\/en\/wp-json\/wp\/v2\/tags?post=12013"}],"curies":[{"name":"wp","href":"https:\/\/api.w.org\/{rel}","templated":true}]}}