{"id":12017,"date":"2017-11-11T09:41:12","date_gmt":"2017-11-11T09:41:12","guid":{"rendered":"https:\/\/www.vsacomunicacion.com\/lona-publicitaria-tezenis-en-malaga\/"},"modified":"2017-11-11T09:41:12","modified_gmt":"2017-11-11T09:41:12","slug":"lona-publicitaria-tezenis-en-malaga","status":"publish","type":"post","link":"https:\/\/www.vsacomunicacion.com\/en\/lona-publicitaria-tezenis-en-malaga\/","title":{"rendered":"Lona Publicitaria TEZENIS en M\u00e1laga"},"content":{"rendered":"<p style=\"text-align: justify;\"><strong>TEZENIS<\/strong> contin\u00faa con su fant\u00e1stica campa\u00f1a de publicidad exterior a nivel nacional. Hace unos d\u00edas os presentamos la lona publicitaria expuesta en Valencia en el emplazamiento de <strong>VSA COMUNICACION<\/strong> en la Gran V\u00eda Fernando el Cat\u00f3lico y ahora es momento de presentaros la fant\u00e1stica <strong>lona publicitaria<\/strong> de gran formato que podemos ver estos d\u00edas en la c\u00e9ntrica\u00a0<strong>Glorieta Albert\u00a0Cam\u00fas<\/strong>, en pleno coraz\u00f3n de la ciudad de\u00a0<strong>M\u00e1laga.<\/strong><\/p>\n<p><a href=\"https:\/\/www.vsacomunicacion.com\/wp-content\/uploads\/2017\/11\/lona-publicitaria-malaga-glorieta-albert-camus-tezenis-dia-vsa-comunicacion.jpg\" rel=\"attachment wp-att-3627\"><img fetchpriority=\"high\" decoding=\"async\" class=\"aligncenter size-full wp-image-3627\" src=\"https:\/\/www.vsacomunicacion.com\/wp-content\/uploads\/2017\/11\/lona-publicitaria-malaga-glorieta-albert-camus-tezenis-dia-vsa-comunicacion.jpg\" alt=\"lona-publicitaria-malaga-glorieta-albert-camus-tezenis-dia-vsa-comunicacion\" width=\"884\" height=\"626\" srcset=\"https:\/\/www.vsacomunicacion.com\/wp-content\/uploads\/2017\/11\/lona-publicitaria-malaga-glorieta-albert-camus-tezenis-dia-vsa-comunicacion.jpg 884w, https:\/\/www.vsacomunicacion.com\/wp-content\/uploads\/2017\/11\/lona-publicitaria-malaga-glorieta-albert-camus-tezenis-dia-vsa-comunicacion-300x212.jpg 300w, https:\/\/www.vsacomunicacion.com\/wp-content\/uploads\/2017\/11\/lona-publicitaria-malaga-glorieta-albert-camus-tezenis-dia-vsa-comunicacion-768x544.jpg 768w\" sizes=\"(max-width: 884px) 100vw, 884px\" \/><\/a><\/p>\n<p style=\"text-align: justify;\">Al igual que en la lona publicitaria de M\u00e1laga hemos incorporado tambi\u00e9n una<strong>\u00a0acci\u00f3n especial<\/strong>\u00a0tratando de conseguir la m\u00e1xima realidad y parecido al\u00a0spot publicitario\u00a0de TEZENIS, d\u00e1ndole un toque m\u00e1s creativo y llamativo,\u00a0donde la artista del pop, Rita Ora, repitiendo otro a\u00f1o como embajadora\u00a0de TEZENIS, nos presenta, al mismo tiempo que canta su canci\u00f3n<strong> &#8220;your song&#8221;,\u00a0<\/strong>una selecci\u00f3n de las\u00a0piezas de lencer\u00eda con m\u00e1s glamour\u00a0y brillo de\u00a0la colecci\u00f3n TEZENIS FW 17.<\/p>\n<p style=\"text-align: justify;\"><a href=\"https:\/\/www.vsacomunicacion.com\/wp-content\/uploads\/2017\/11\/lona-publicitaria-malaga-glorieta-albert-camus-tezenis-noche-vsa-comunicacion.jpg\" rel=\"attachment wp-att-3628\"><img decoding=\"async\" class=\"aligncenter size-full wp-image-3628\" src=\"https:\/\/www.vsacomunicacion.com\/wp-content\/uploads\/2017\/11\/lona-publicitaria-malaga-glorieta-albert-camus-tezenis-noche-vsa-comunicacion.jpg\" alt=\"lona-publicitaria-malaga-glorieta-albert-camus-tezenis-noche-vsa-comunicacion\" width=\"884\" height=\"626\" srcset=\"https:\/\/www.vsacomunicacion.com\/wp-content\/uploads\/2017\/11\/lona-publicitaria-malaga-glorieta-albert-camus-tezenis-noche-vsa-comunicacion.jpg 884w, https:\/\/www.vsacomunicacion.com\/wp-content\/uploads\/2017\/11\/lona-publicitaria-malaga-glorieta-albert-camus-tezenis-noche-vsa-comunicacion-300x212.jpg 300w, https:\/\/www.vsacomunicacion.com\/wp-content\/uploads\/2017\/11\/lona-publicitaria-malaga-glorieta-albert-camus-tezenis-noche-vsa-comunicacion-768x544.jpg 768w\" sizes=\"(max-width: 884px) 100vw, 884px\" \/><\/a><\/p>\n<p style=\"text-align: justify;\"><em>\u201cDesde un primer momento me encant\u00f3 la energ\u00eda del equipo TEZENIS, su pasi\u00f3n por las tendencias de moda, sus creaciones de esp\u00edritu libre, y la gente\u00a0joven con la que trabaj\u00e9, adem\u00e1s del inconfundible\u00a0estilo italiano. Colabor\u00e9 con <em>TEZENIS<\/em> por primera vez en este proyecto\u00a0porque es la\u00a0culminaci\u00f3n perfecta\u00a0de mi\u00a0relaci\u00f3n con la marca\u201d.<\/em> Viendo las declaraciones de\u00a0Rita Ora en su colaboraci\u00f3n con TEZENIS el a\u00f1o pasado, es evidente que la fusi\u00f3n entre la artista y TEZENIS fue un \u00e9xito rotundo, por lo que no es de extra\u00f1ar hayan decidido unirse de nuevo para esta nueva colecci\u00f3n, donde no faltan el brillo, las lentejuelas, efectos negros, dorados y transparentes.<\/p>\n<p style=\"text-align: justify;\"><em><a href=\"https:\/\/twitter.com\/hashtag\/ritaoraxtezenis?lang=es\" target=\"_blank\" rel=\"noopener\">#ritaoraxtezenis<\/a><\/em><\/p>\n","protected":false},"excerpt":{"rendered":"<p>TEZENIS contin\u00faa con su fant\u00e1stica campa\u00f1a de publicidad exterior a nivel nacional. Hace unos d\u00edas os presentamos la lona publicitaria expuesta en Valencia en el emplazamiento de VSA COMUNICACION en la Gran V\u00eda Fernando el Cat\u00f3lico y ahora es momento [&hellip;]<\/p>\n","protected":false},"author":3,"featured_media":7487,"comment_status":"open","ping_status":"open","sticky":false,"template":"","format":"standard","meta":{"inline_featured_image":false,"footnotes":""},"categories":[1488,1813,2162],"tags":[2163,2164,1704,1664,1705,1706,1708,1694,1609,1815,1816,1565,1585,1599,1586,2165,2068,1671],"class_list":["post-12017","post","type-post","status-publish","format-standard","has-post-thumbnail","hentry","category-lonas-publicitarias-en","category-malaga-en","category-proyectos-especiales-en","tag-ritaoraxtezenis-en","tag-accion-especial-en","tag-alto-prestigio-publicitario-en","tag-campana-publicitaria-en","tag-centro-ciudad-en","tag-emplazamiento-premium-en","tag-formato-espectacular-en","tag-gran-notoriedad-en","tag-lonas-publicitarias-2-en","tag-lonas-publicitarias-malaga-en","tag-malaga-en","tag-publicidad-ciudades-en","tag-publicidad-exterior-en","tag-publicidad-gran-formato-en","tag-publicidad-urbana-en","tag-rita-ora-en","tag-tezenis-en","tag-trafico-rodado-en"],"_links":{"self":[{"href":"https:\/\/www.vsacomunicacion.com\/en\/wp-json\/wp\/v2\/posts\/12017"}],"collection":[{"href":"https:\/\/www.vsacomunicacion.com\/en\/wp-json\/wp\/v2\/posts"}],"about":[{"href":"https:\/\/www.vsacomunicacion.com\/en\/wp-json\/wp\/v2\/types\/post"}],"author":[{"embeddable":true,"href":"https:\/\/www.vsacomunicacion.com\/en\/wp-json\/wp\/v2\/users\/3"}],"replies":[{"embeddable":true,"href":"https:\/\/www.vsacomunicacion.com\/en\/wp-json\/wp\/v2\/comments?post=12017"}],"version-history":[{"count":0,"href":"https:\/\/www.vsacomunicacion.com\/en\/wp-json\/wp\/v2\/posts\/12017\/revisions"}],"wp:featuredmedia":[{"embeddable":true,"href":"https:\/\/www.vsacomunicacion.com\/en\/wp-json\/wp\/v2\/media\/7487"}],"wp:attachment":[{"href":"https:\/\/www.vsacomunicacion.com\/en\/wp-json\/wp\/v2\/media?parent=12017"}],"wp:term":[{"taxonomy":"category","embeddable":true,"href":"https:\/\/www.vsacomunicacion.com\/en\/wp-json\/wp\/v2\/categories?post=12017"},{"taxonomy":"post_tag","embeddable":true,"href":"https:\/\/www.vsacomunicacion.com\/en\/wp-json\/wp\/v2\/tags?post=12017"}],"curies":[{"name":"wp","href":"https:\/\/api.w.org\/{rel}","templated":true}]}}