{"id":12020,"date":"2017-10-31T11:25:59","date_gmt":"2017-10-31T11:25:59","guid":{"rendered":"https:\/\/www.vsacomunicacion.com\/lona-publicitaria-tezenis-en-valencia\/"},"modified":"2017-10-31T11:25:59","modified_gmt":"2017-10-31T11:25:59","slug":"lona-publicitaria-tezenis-en-valencia","status":"publish","type":"post","link":"https:\/\/www.vsacomunicacion.com\/en\/lona-publicitaria-tezenis-en-valencia\/","title":{"rendered":"Lona Publicitaria TEZENIS en Valencia"},"content":{"rendered":"<p style=\"text-align: justify;\">Exitosa campa\u00f1a de publicidad exterior de <strong>TEZENIS<\/strong>\u00a0junto a la famosa cantante <strong>Rita Ora<\/strong> con una espectacular y luminosa <strong>lona publicitaria<\/strong> en el nuevo emplazamiento de <strong>VSA COMUNICACION<\/strong> en la Gran V\u00eda Fernando el Cat\u00f3lico de la ciudad de <strong>Valencia<\/strong>.<\/p>\n<p><a href=\"https:\/\/www.vsacomunicacion.com\/wp-content\/uploads\/2017\/11\/lona-publicitaria-valencia-gran-via-fernando-el-catolico-15-tezenis-noche-vsa-comunicacion.jpg\" rel=\"attachment wp-att-3619\"><img fetchpriority=\"high\" decoding=\"async\" class=\"aligncenter size-full wp-image-3619\" src=\"https:\/\/www.vsacomunicacion.com\/wp-content\/uploads\/2017\/11\/lona-publicitaria-valencia-gran-via-fernando-el-catolico-15-tezenis-noche-vsa-comunicacion.jpg\" alt=\"lona-publicitaria-valencia-gran-via-fernando-el-catolico-15-tezenis-noche-vsa-comunicacion\" width=\"884\" height=\"626\" srcset=\"https:\/\/www.vsacomunicacion.com\/wp-content\/uploads\/2017\/11\/lona-publicitaria-valencia-gran-via-fernando-el-catolico-15-tezenis-noche-vsa-comunicacion.jpg 884w, https:\/\/www.vsacomunicacion.com\/wp-content\/uploads\/2017\/11\/lona-publicitaria-valencia-gran-via-fernando-el-catolico-15-tezenis-noche-vsa-comunicacion-300x212.jpg 300w, https:\/\/www.vsacomunicacion.com\/wp-content\/uploads\/2017\/11\/lona-publicitaria-valencia-gran-via-fernando-el-catolico-15-tezenis-noche-vsa-comunicacion-768x544.jpg 768w\" sizes=\"(max-width: 884px) 100vw, 884px\" \/><\/a><\/p>\n<p style=\"text-align: justify;\">Hemos incorporado a la lona publicitaria de TEZENIS una<strong> acci\u00f3n especial<\/strong> con la intenci\u00f3n de emular su spot publicitario y darle un toque m\u00e1s creativo y llamativo puesto que la publicidad lo permit\u00eda.<\/p>\n<p style=\"text-align: justify;\">Efectos negros, dorados y transparentes, estrellas, brillo y texturas brillantes, \u00e9sta es la\u00a0selecci\u00f3n especial elegida\u00a0por\u00a0su embajadora Rita Ora. Y son precisamente todos estos detalles los que hemos intentado plasmar\u00a0con\u00a0esta acci\u00f3n especial.<\/p>\n<p style=\"text-align: justify;\">La pintura reflectante\u00a0nos ha permitido simular los barrotes de ne\u00f3n que rodean a Rita Ora mientras canta, baila y nos presenta la nueva linea underwear de TEZENIS reforzando adem\u00e1s su impacto visual mediante la instalaci\u00f3n de unos tubos led.<\/p>\n<p style=\"text-align: justify;\">Al mismo tiempo, podemos observar los leds que se iluminan en su body simulando las lentejuelas del modelo de TEZENIS.<\/p>\n<p style=\"text-align: justify;\"><a href=\"https:\/\/www.vsacomunicacion.com\/wp-content\/uploads\/2017\/10\/lona-publicitaria-valencia-gran-via-fernando-el-catolico-15-tezenis-dia-vsa-comunicacion.jpg\" rel=\"attachment wp-att-3621\"><img decoding=\"async\" class=\"aligncenter size-full wp-image-3621\" src=\"https:\/\/www.vsacomunicacion.com\/wp-content\/uploads\/2017\/10\/lona-publicitaria-valencia-gran-via-fernando-el-catolico-15-tezenis-dia-vsa-comunicacion.jpg\" alt=\"lona-publicitaria-valencia-gran-via-fernando-el-catolico-15-tezenis-dia-vsa-comunicacion\" width=\"884\" height=\"626\" srcset=\"https:\/\/www.vsacomunicacion.com\/wp-content\/uploads\/2017\/10\/lona-publicitaria-valencia-gran-via-fernando-el-catolico-15-tezenis-dia-vsa-comunicacion.jpg 884w, https:\/\/www.vsacomunicacion.com\/wp-content\/uploads\/2017\/10\/lona-publicitaria-valencia-gran-via-fernando-el-catolico-15-tezenis-dia-vsa-comunicacion-300x212.jpg 300w, https:\/\/www.vsacomunicacion.com\/wp-content\/uploads\/2017\/10\/lona-publicitaria-valencia-gran-via-fernando-el-catolico-15-tezenis-dia-vsa-comunicacion-768x544.jpg 768w\" sizes=\"(max-width: 884px) 100vw, 884px\" \/><\/a><\/p>\n<p>Descubre el making of de la campa\u00f1a en su p\u00e1gina <a href=\"https:\/\/es.tezenis.com\/content_full_screen.jsp?pageName=RitaOraXTezenis\" target=\"_blank\" rel=\"noopener\">web<\/a>\u00a0y las glamurosas piezas de la colecci\u00f3n TEZENIS FW 17 seleccionadas por la estrella pop Rita Ora.<\/p>\n<p style=\"text-align: justify;\"><em><a href=\"https:\/\/es.tezenis.com\/content_full_screen.jsp?pageName=RitaOraXTezenis\" target=\"_blank\" rel=\"noopener\">#ritaoraxtezenis<\/a><\/em><\/p>\n","protected":false},"excerpt":{"rendered":"<p>Exitosa campa\u00f1a de publicidad exterior de TEZENIS\u00a0junto a la famosa cantante Rita Ora con una espectacular y luminosa lona publicitaria en el nuevo emplazamiento de VSA COMUNICACION en la Gran V\u00eda Fernando el Cat\u00f3lico de la ciudad de Valencia. Hemos [&hellip;]<\/p>\n","protected":false},"author":3,"featured_media":7484,"comment_status":"open","ping_status":"open","sticky":false,"template":"","format":"standard","meta":{"inline_featured_image":false,"footnotes":""},"categories":[1488,2162,1640],"tags":[2163,2164,1704,1664,1705,1706,1708,1680,1656,1609,1644,2171,1565,1585,1599,1586,2165,2068,1671,1645],"class_list":["post-12020","post","type-post","status-publish","format-standard","has-post-thumbnail","hentry","category-lonas-publicitarias-en","category-proyectos-especiales-en","category-valencia-en","tag-ritaoraxtezenis-en","tag-accion-especial-en","tag-alto-prestigio-publicitario-en","tag-campana-publicitaria-en","tag-centro-ciudad-en","tag-emplazamiento-premium-en","tag-formato-espectacular-en","tag-lona-espectacular-en","tag-lonas-gran-formato-en","tag-lonas-publicitarias-2-en","tag-lonas-publicitarias-valencia-en","tag-proyectos-especiales-valencia-en","tag-publicidad-ciudades-en","tag-publicidad-exterior-en","tag-publicidad-gran-formato-en","tag-publicidad-urbana-en","tag-rita-ora-en","tag-tezenis-en","tag-trafico-rodado-en","tag-valencia-en"],"_links":{"self":[{"href":"https:\/\/www.vsacomunicacion.com\/en\/wp-json\/wp\/v2\/posts\/12020"}],"collection":[{"href":"https:\/\/www.vsacomunicacion.com\/en\/wp-json\/wp\/v2\/posts"}],"about":[{"href":"https:\/\/www.vsacomunicacion.com\/en\/wp-json\/wp\/v2\/types\/post"}],"author":[{"embeddable":true,"href":"https:\/\/www.vsacomunicacion.com\/en\/wp-json\/wp\/v2\/users\/3"}],"replies":[{"embeddable":true,"href":"https:\/\/www.vsacomunicacion.com\/en\/wp-json\/wp\/v2\/comments?post=12020"}],"version-history":[{"count":0,"href":"https:\/\/www.vsacomunicacion.com\/en\/wp-json\/wp\/v2\/posts\/12020\/revisions"}],"wp:featuredmedia":[{"embeddable":true,"href":"https:\/\/www.vsacomunicacion.com\/en\/wp-json\/wp\/v2\/media\/7484"}],"wp:attachment":[{"href":"https:\/\/www.vsacomunicacion.com\/en\/wp-json\/wp\/v2\/media?parent=12020"}],"wp:term":[{"taxonomy":"category","embeddable":true,"href":"https:\/\/www.vsacomunicacion.com\/en\/wp-json\/wp\/v2\/categories?post=12020"},{"taxonomy":"post_tag","embeddable":true,"href":"https:\/\/www.vsacomunicacion.com\/en\/wp-json\/wp\/v2\/tags?post=12020"}],"curies":[{"name":"wp","href":"https:\/\/api.w.org\/{rel}","templated":true}]}}