{"id":12021,"date":"2017-10-30T11:22:02","date_gmt":"2017-10-30T11:22:02","guid":{"rendered":"https:\/\/www.vsacomunicacion.com\/circuito-de-pym-s-para-el-festival-de-jazz-en-barcelona\/"},"modified":"2017-10-30T11:22:02","modified_gmt":"2017-10-30T11:22:02","slug":"circuito-de-pym-s-para-el-festival-de-jazz-en-barcelona","status":"publish","type":"post","link":"https:\/\/www.vsacomunicacion.com\/en\/circuito-de-pym-s-para-el-festival-de-jazz-en-barcelona\/","title":{"rendered":"Circuito de PYM &#8216;s para el Festival de Jazz en Barcelona"},"content":{"rendered":"<p style=\"text-align: justify;\">Pr\u00f3ximamente se celebrar\u00e1 el <strong>49 Voll-Damm Festival Internacional de Jazz de Barcelona<\/strong>, nacido el 3 de noviembre de 1966 con el concierto del Dave Brubeck Quartet en el Palau de la M\u00fasica,\u00a0eligiendo el Circuito de <strong>PYM&#8217;s<\/strong> de <strong>VSA COMUNICACION<\/strong> como soporte para su campa\u00f1a de publicidad exterior en la ciudad condal.<\/p>\n<p><a href=\"https:\/\/www.vsacomunicacion.com\/wp-content\/uploads\/2017\/12\/pym-barcelona-aragon-170-jazz-vsa-comunicacion.jpg\" rel=\"attachment wp-att-3674\"><img fetchpriority=\"high\" decoding=\"async\" class=\"aligncenter size-full wp-image-3674\" src=\"https:\/\/www.vsacomunicacion.com\/wp-content\/uploads\/2017\/12\/pym-barcelona-aragon-170-jazz-vsa-comunicacion.jpg\" alt=\"pym-barcelona-aragon-170-jazz-vsa-comunicacion\" width=\"884\" height=\"626\" srcset=\"https:\/\/www.vsacomunicacion.com\/wp-content\/uploads\/2017\/12\/pym-barcelona-aragon-170-jazz-vsa-comunicacion.jpg 884w, https:\/\/www.vsacomunicacion.com\/wp-content\/uploads\/2017\/12\/pym-barcelona-aragon-170-jazz-vsa-comunicacion-300x212.jpg 300w, https:\/\/www.vsacomunicacion.com\/wp-content\/uploads\/2017\/12\/pym-barcelona-aragon-170-jazz-vsa-comunicacion-768x544.jpg 768w\" sizes=\"(max-width: 884px) 100vw, 884px\" \/><\/a><\/p>\n<p style=\"text-align: justify;\">El <strong>Festival Internacional de Jazz de Barcelona<\/strong> es una referencia mundial en el g\u00e9nero, gracias a un trabajo constante y minucioso capaz de equilibrar los pesos pesados y las nuevas propuestas en un cartel siempre atractivo.<br \/>\nConciertos gratuitos, clases magistrales a cargo de primeras figuras, interesantes conferencias, encuentros con los artistas&#8230; Un c\u00famulo de actividades paralelas completan la programaci\u00f3n, ofreciendo m\u00faltiples opciones para disfrutar de la buena m\u00fasica y de la pasi\u00f3n por el jazz durante la celebraci\u00f3n del certamen.<\/p>\n<p><a href=\"https:\/\/www.vsacomunicacion.com\/wp-content\/uploads\/2017\/12\/pym-barcelona-principe-de-asturias-4-jazz-vsa-comunicacion.jpg\" rel=\"attachment wp-att-3675\"><img decoding=\"async\" class=\"aligncenter size-full wp-image-3675\" src=\"https:\/\/www.vsacomunicacion.com\/wp-content\/uploads\/2017\/12\/pym-barcelona-principe-de-asturias-4-jazz-vsa-comunicacion.jpg\" alt=\"pym-barcelona-principe-de-asturias-4-jazz-vsa-comunicacion\" width=\"884\" height=\"626\" srcset=\"https:\/\/www.vsacomunicacion.com\/wp-content\/uploads\/2017\/12\/pym-barcelona-principe-de-asturias-4-jazz-vsa-comunicacion.jpg 884w, https:\/\/www.vsacomunicacion.com\/wp-content\/uploads\/2017\/12\/pym-barcelona-principe-de-asturias-4-jazz-vsa-comunicacion-300x212.jpg 300w, https:\/\/www.vsacomunicacion.com\/wp-content\/uploads\/2017\/12\/pym-barcelona-principe-de-asturias-4-jazz-vsa-comunicacion-768x544.jpg 768w\" sizes=\"(max-width: 884px) 100vw, 884px\" \/><\/a><\/p>\n<p style=\"text-align: justify;\">En 2018, el<strong>\u00a0Festival de Jazz de Barcelona<\/strong> estar\u00e1 de aniversario y\u00a0celebrar\u00e1 su edici\u00f3n n\u00famero 50 (entre 1977 y 1979 el festival estuvo suspendido) con un programa muy especial que de hecho se alargar\u00e1 con conciertos extraordinarios fuera del oto\u00f1o.<\/p>\n<p style=\"text-align: justify;\">El primero ser\u00e1 el debut en Barcelona del genio musical, Cameron Graves, en Luz de Gas al frente de su tr\u00edo el 27 de abril de 2018\u00a0con su\u00a0innovadora manera de tocar el piano que es del todo \u00fanica.<\/p>\n","protected":false},"excerpt":{"rendered":"<p>Pr\u00f3ximamente se celebrar\u00e1 el 49 Voll-Damm Festival Internacional de Jazz de Barcelona, nacido el 3 de noviembre de 1966 con el concierto del Dave Brubeck Quartet en el Palau de la M\u00fasica,\u00a0eligiendo el Circuito de PYM&#8217;s de VSA COMUNICACION como [&hellip;]<\/p>\n","protected":false},"author":3,"featured_media":7498,"comment_status":"open","ping_status":"open","sticky":false,"template":"","format":"standard","meta":{"inline_featured_image":false,"footnotes":""},"categories":[1506,1593],"tags":[1704,1516,1664,1705,1781,2172,1701,2173,1694,2174,1565,1585,1586,1676,1702,1671,2175],"class_list":["post-12021","post","type-post","status-publish","format-standard","has-post-thumbnail","hentry","category-barcelona-en","category-pyms-en","tag-alto-prestigio-publicitario-en","tag-barcelona-en","tag-campana-publicitaria-en","tag-centro-ciudad-en","tag-circuito-urbano-en","tag-damm-en","tag-espectacular-en","tag-festival-internacional-de-jazz-de-barcelona-en","tag-gran-notoriedad-en","tag-jazz-en","tag-publicidad-ciudades-en","tag-publicidad-exterior-en","tag-publicidad-urbana-en","tag-pyms-2-en","tag-pyms-barcelona-en","tag-trafico-rodado-en","tag-voll-damm-en"],"_links":{"self":[{"href":"https:\/\/www.vsacomunicacion.com\/en\/wp-json\/wp\/v2\/posts\/12021"}],"collection":[{"href":"https:\/\/www.vsacomunicacion.com\/en\/wp-json\/wp\/v2\/posts"}],"about":[{"href":"https:\/\/www.vsacomunicacion.com\/en\/wp-json\/wp\/v2\/types\/post"}],"author":[{"embeddable":true,"href":"https:\/\/www.vsacomunicacion.com\/en\/wp-json\/wp\/v2\/users\/3"}],"replies":[{"embeddable":true,"href":"https:\/\/www.vsacomunicacion.com\/en\/wp-json\/wp\/v2\/comments?post=12021"}],"version-history":[{"count":0,"href":"https:\/\/www.vsacomunicacion.com\/en\/wp-json\/wp\/v2\/posts\/12021\/revisions"}],"wp:featuredmedia":[{"embeddable":true,"href":"https:\/\/www.vsacomunicacion.com\/en\/wp-json\/wp\/v2\/media\/7498"}],"wp:attachment":[{"href":"https:\/\/www.vsacomunicacion.com\/en\/wp-json\/wp\/v2\/media?parent=12021"}],"wp:term":[{"taxonomy":"category","embeddable":true,"href":"https:\/\/www.vsacomunicacion.com\/en\/wp-json\/wp\/v2\/categories?post=12021"},{"taxonomy":"post_tag","embeddable":true,"href":"https:\/\/www.vsacomunicacion.com\/en\/wp-json\/wp\/v2\/tags?post=12021"}],"curies":[{"name":"wp","href":"https:\/\/api.w.org\/{rel}","templated":true}]}}