{"id":12022,"date":"2017-10-27T16:49:38","date_gmt":"2017-10-27T16:49:38","guid":{"rendered":"https:\/\/www.vsacomunicacion.com\/lona-publicitar-movistar-en-madrid\/"},"modified":"2017-10-27T16:49:38","modified_gmt":"2017-10-27T16:49:38","slug":"lona-publicitar-movistar-en-madrid","status":"publish","type":"post","link":"https:\/\/www.vsacomunicacion.com\/en\/lona-publicitar-movistar-en-madrid\/","title":{"rendered":"Lona Publicitaria MOVISTAR + en Madrid"},"content":{"rendered":"<p style=\"text-align: justify;\">En <strong>VSA COMUNICACION<\/strong>\u00a0hoy es d\u00eda de estreno, y por partida doble!!!<\/p>\n<p style=\"text-align: justify;\">Estrenamos emplazamiento\u00a0en la c\u00e9ntrica y concurrida <strong>Gran V\u00eda<\/strong> de <strong>Madrid<\/strong> con esta espectacular <strong>lona publicitaria<\/strong> de la nueva serie\u00a0original de<strong> MOVISTAR +<\/strong> que tambi\u00e9n se estrena hoy, <strong>LA ZONA<\/strong>, y que podremos ver todos los jueves a partir de la pr\u00f3xima semana.<\/p>\n<p><a href=\"https:\/\/www.vsacomunicacion.com\/wp-content\/uploads\/2017\/10\/lona-publicitaria-madrid-gran-via-55-movistar-plus-la-zona-noche-vsa-comunicacion.jpg\" rel=\"attachment wp-att-3569\"><img fetchpriority=\"high\" decoding=\"async\" class=\"aligncenter size-full wp-image-3569\" src=\"https:\/\/www.vsacomunicacion.com\/wp-content\/uploads\/2017\/10\/lona-publicitaria-madrid-gran-via-55-movistar-plus-la-zona-noche-vsa-comunicacion.jpg\" alt=\"lona-publicitaria-madrid-gran-via-55-movistar-plus-la-zona-noche-vsa-comunicacion\" width=\"884\" height=\"626\" srcset=\"https:\/\/www.vsacomunicacion.com\/wp-content\/uploads\/2017\/10\/lona-publicitaria-madrid-gran-via-55-movistar-plus-la-zona-noche-vsa-comunicacion.jpg 884w, https:\/\/www.vsacomunicacion.com\/wp-content\/uploads\/2017\/10\/lona-publicitaria-madrid-gran-via-55-movistar-plus-la-zona-noche-vsa-comunicacion-300x212.jpg 300w, https:\/\/www.vsacomunicacion.com\/wp-content\/uploads\/2017\/10\/lona-publicitaria-madrid-gran-via-55-movistar-plus-la-zona-noche-vsa-comunicacion-768x544.jpg 768w\" sizes=\"(max-width: 884px) 100vw, 884px\" \/><\/a><\/p>\n<p style=\"text-align: justify;\"><strong>LA ZONA<\/strong>, creada por los hermanos Jorge y Alberto S\u00e1nchez-Cabezudo es un thriller policiaco\u00a0que est\u00e1 lejos de los clich\u00e9s postapocal\u00edpticos:\u00a0&#8220;<em>Nos planteamos traer el mundo de Chern\u00f3bil o Fukushima a un escenario local. Un entorno cotidiano en el que, despu\u00e9s de un accidente, las reglas y los roles sociales se dan la vuelta. Nos hemos inventado una central nuclear en el norte de Espa\u00f1a donde ocurre un accidente. A partir de ah\u00ed, la creaci\u00f3n de la zona de exclusi\u00f3n, el traslado de los realojados a una ciudad cercana y la sociedad que se reorganiza adapt\u00e1ndose a la nueva situaci\u00f3n. Queremos verlo como una met\u00e1fora de la crisis<\/em>&#8220;,\u00a0comenta Jorge.<\/p>\n<p><a href=\"https:\/\/www.vsacomunicacion.com\/wp-content\/uploads\/2017\/10\/lona-publicitaria-madrid-gran-via-55-movistar-plus-la-zona-dia-vsa-comunicacion.jpg\" rel=\"attachment wp-att-3570\"><img decoding=\"async\" class=\"aligncenter size-full wp-image-3570\" src=\"https:\/\/www.vsacomunicacion.com\/wp-content\/uploads\/2017\/10\/lona-publicitaria-madrid-gran-via-55-movistar-plus-la-zona-dia-vsa-comunicacion.jpg\" alt=\"lona-publicitaria-madrid-gran-via-55-movistar-plus-la-zona-dia-vsa-comunicacion\" width=\"884\" height=\"626\" srcset=\"https:\/\/www.vsacomunicacion.com\/wp-content\/uploads\/2017\/10\/lona-publicitaria-madrid-gran-via-55-movistar-plus-la-zona-dia-vsa-comunicacion.jpg 884w, https:\/\/www.vsacomunicacion.com\/wp-content\/uploads\/2017\/10\/lona-publicitaria-madrid-gran-via-55-movistar-plus-la-zona-dia-vsa-comunicacion-300x212.jpg 300w, https:\/\/www.vsacomunicacion.com\/wp-content\/uploads\/2017\/10\/lona-publicitaria-madrid-gran-via-55-movistar-plus-la-zona-dia-vsa-comunicacion-768x544.jpg 768w\" sizes=\"(max-width: 884px) 100vw, 884px\" \/><\/a><\/p>\n<p style=\"text-align: justify;\">Tres a\u00f1os despu\u00e9s del accidente del reactor nuclear que devast\u00f3 una regi\u00f3n del norte de Espa\u00f1a, el inspector H\u00e9ctor Ur\u00eda vuelve al servicio recuperado tras ser el \u00fanico superviviente del primer grupo que acudi\u00f3 en socorro de la central. La aparici\u00f3n de un hombre brutalmente asesinado en la Zona de Exclusi\u00f3n le arrastrar\u00e1 a una investigaci\u00f3n que pondr\u00e1 en cuesti\u00f3n el nuevo orden establecido tras la cat\u00e1strofe.<\/p>\n<p style=\"text-align: justify;\">Recuerda,\u00a0a partir de hoy y todos los jueves, <em><strong>LA ZONA<\/strong> te espera en <strong>MOVISTAR+<\/strong>!!<\/em><\/p>\n","protected":false},"excerpt":{"rendered":"<p>En VSA COMUNICACION\u00a0hoy es d\u00eda de estreno, y por partida doble!!! Estrenamos emplazamiento\u00a0en la c\u00e9ntrica y concurrida Gran V\u00eda de Madrid con esta espectacular lona publicitaria de la nueva serie\u00a0original de MOVISTAR + que tambi\u00e9n se estrena hoy, LA ZONA, [&hellip;]<\/p>\n","protected":false},"author":3,"featured_media":7471,"comment_status":"open","ping_status":"open","sticky":false,"template":"","format":"standard","meta":{"inline_featured_image":false,"footnotes":""},"categories":[1488,1489],"tags":[1704,1664,1705,1706,1708,1693,2176,1609,1611,1499,1620,1565,1585,1599,1586,1671],"class_list":["post-12022","post","type-post","status-publish","format-standard","has-post-thumbnail","hentry","category-lonas-publicitarias-en","category-madrid-en","tag-alto-prestigio-publicitario-en","tag-campana-publicitaria-en","tag-centro-ciudad-en","tag-emplazamiento-premium-en","tag-formato-espectacular-en","tag-gran-formato-en","tag-la-zona-en","tag-lonas-publicitarias-2-en","tag-lonas-publicitarias-madrid-en","tag-madrid-en","tag-movistar-en","tag-publicidad-ciudades-en","tag-publicidad-exterior-en","tag-publicidad-gran-formato-en","tag-publicidad-urbana-en","tag-trafico-rodado-en"],"_links":{"self":[{"href":"https:\/\/www.vsacomunicacion.com\/en\/wp-json\/wp\/v2\/posts\/12022"}],"collection":[{"href":"https:\/\/www.vsacomunicacion.com\/en\/wp-json\/wp\/v2\/posts"}],"about":[{"href":"https:\/\/www.vsacomunicacion.com\/en\/wp-json\/wp\/v2\/types\/post"}],"author":[{"embeddable":true,"href":"https:\/\/www.vsacomunicacion.com\/en\/wp-json\/wp\/v2\/users\/3"}],"replies":[{"embeddable":true,"href":"https:\/\/www.vsacomunicacion.com\/en\/wp-json\/wp\/v2\/comments?post=12022"}],"version-history":[{"count":0,"href":"https:\/\/www.vsacomunicacion.com\/en\/wp-json\/wp\/v2\/posts\/12022\/revisions"}],"wp:featuredmedia":[{"embeddable":true,"href":"https:\/\/www.vsacomunicacion.com\/en\/wp-json\/wp\/v2\/media\/7471"}],"wp:attachment":[{"href":"https:\/\/www.vsacomunicacion.com\/en\/wp-json\/wp\/v2\/media?parent=12022"}],"wp:term":[{"taxonomy":"category","embeddable":true,"href":"https:\/\/www.vsacomunicacion.com\/en\/wp-json\/wp\/v2\/categories?post=12022"},{"taxonomy":"post_tag","embeddable":true,"href":"https:\/\/www.vsacomunicacion.com\/en\/wp-json\/wp\/v2\/tags?post=12022"}],"curies":[{"name":"wp","href":"https:\/\/api.w.org\/{rel}","templated":true}]}}