{"id":12024,"date":"2017-10-17T17:07:23","date_gmt":"2017-10-17T17:07:23","guid":{"rendered":"https:\/\/www.vsacomunicacion.com\/lona-publicitaria-en-malaga\/"},"modified":"2017-10-17T17:07:23","modified_gmt":"2017-10-17T17:07:23","slug":"lona-publicitaria-en-malaga","status":"publish","type":"post","link":"https:\/\/www.vsacomunicacion.com\/en\/lona-publicitaria-en-malaga\/","title":{"rendered":"Lona Publicitaria INTIMISSIMI en M\u00e1laga"},"content":{"rendered":"<p style=\"text-align: justify;\">Desde tierras malague\u00f1as queremos agradecer\u00a0a <strong>INTIMISSIMI<\/strong>\u00a0la confianza depositada en\u00a0la experiencia y diversidad de emplazamientos de<strong> VSA COMUNICACION<\/strong> para el lanzamiento de su nueva e innovadora\u00a0<strong>campa\u00f1a de publicidad exterior<\/strong>.<\/p>\n<p style=\"text-align: justify;\">Os presentamos la <strong>lona publicitaria de gran formato<\/strong> y visible desde distintos puntos de <strong>INTIMISSIMI<\/strong>, la casa italiana especialista en lencer\u00eda y ropa interior, ubicada en la<strong>\u00a0Glorieta Albert\u00a0Cam\u00fas<\/strong>, en pleno coraz\u00f3n de la ciudad de <strong>M\u00e1laga<\/strong>, de entrada a su centro hist\u00f3rico y rodeado de mercados, empresas de servicios, despachos, consulados y Centros Comerciales.<\/p>\n<p><a href=\"https:\/\/www.vsacomunicacion.com\/wp-content\/uploads\/2017\/10\/lona-publicitaria-malaga-glorieta-albert-camus-intimissimi-vsa-comunicacion.jpg\" rel=\"attachment wp-att-3457\"><img fetchpriority=\"high\" decoding=\"async\" class=\"aligncenter size-full wp-image-3457\" src=\"https:\/\/www.vsacomunicacion.com\/wp-content\/uploads\/2017\/10\/lona-publicitaria-malaga-glorieta-albert-camus-intimissimi-vsa-comunicacion.jpg\" alt=\"lona-publicitaria-malaga-glorieta-albert-camus-intimissimi-vsa-comunicacion\" width=\"884\" height=\"626\" srcset=\"https:\/\/www.vsacomunicacion.com\/wp-content\/uploads\/2017\/10\/lona-publicitaria-malaga-glorieta-albert-camus-intimissimi-vsa-comunicacion.jpg 884w, https:\/\/www.vsacomunicacion.com\/wp-content\/uploads\/2017\/10\/lona-publicitaria-malaga-glorieta-albert-camus-intimissimi-vsa-comunicacion-300x212.jpg 300w, https:\/\/www.vsacomunicacion.com\/wp-content\/uploads\/2017\/10\/lona-publicitaria-malaga-glorieta-albert-camus-intimissimi-vsa-comunicacion-768x544.jpg 768w\" sizes=\"(max-width: 884px) 100vw, 884px\" \/><\/a><\/p>\n<p style=\"text-align: justify;\">El fot\u00f3grafo de moda <strong>Mario Testino<\/strong> retrata a <strong>Irina Shayk<\/strong>, <strong>Ana Ivanovic<\/strong>, y <strong>Dakota Johnson<\/strong>, mujeres de gran \u00e9xito que han destacado en campos completamente diferentes,\u00a0modelo, tenista\u00a0y actriz respectivamente,\u00a0con una\u00a0perspectiva muy distinta a la que estamos acostumbrados, las ha convertido\u00a0en mujeres reales.<\/p>\n<p style=\"text-align: justify;\">INTIMISSIMI junto a Mario Testino nos presenta a trav\u00e9s de su c\u00e1mara un enfoque innovador que va m\u00e1s all\u00e1 de los est\u00e1ndares convencionales de comunicaci\u00f3n,\u00a0fotografiando a las modelos\u00a0completamente vestidas, un enfoque verdaderamente revolucionario que\u00a0<strong>INTIMISSIMI<\/strong> ha escogido para esta campa\u00f1a pionera cuyo mensaje es transmitir que la lencer\u00eda est\u00e1 siempre debajo, pero no siempre tiene que ser vista.<\/p>\n<p style=\"text-align: justify;\">La lencer\u00eda est\u00e1 ah\u00ed, pero no la puedes ver!!\u00a0<em>#insideandout<\/em><\/p>\n","protected":false},"excerpt":{"rendered":"<p>Desde tierras malague\u00f1as queremos agradecer\u00a0a INTIMISSIMI\u00a0la confianza depositada en\u00a0la experiencia y diversidad de emplazamientos de VSA COMUNICACION para el lanzamiento de su nueva e innovadora\u00a0campa\u00f1a de publicidad exterior. Os presentamos la lona publicitaria de gran formato y visible desde distintos [&hellip;]<\/p>\n","protected":false},"author":3,"featured_media":7434,"comment_status":"open","ping_status":"open","sticky":false,"template":"","format":"standard","meta":{"inline_featured_image":false,"footnotes":""},"categories":[1488,1813],"tags":[2180,2181,1664,1705,1781,2182,2183,1693,1694,2184,2185,1579,1609,1815,1816,2186,1565,1585],"class_list":["post-12024","post","type-post","status-publish","format-standard","has-post-thumbnail","hentry","category-lonas-publicitarias-en","category-malaga-en","tag-insideandout-en","tag-ana-ivanovic-en","tag-campana-publicitaria-en","tag-centro-ciudad-en","tag-circuito-urbano-en","tag-dakota-johnson-en","tag-glorieta-albert-camus-en","tag-gran-formato-en","tag-gran-notoriedad-en","tag-intimissimi-en","tag-irina-shayk-en","tag-lona-gran-formato-en","tag-lonas-publicitarias-2-en","tag-lonas-publicitarias-malaga-en","tag-malaga-en","tag-mario-testino-en","tag-publicidad-ciudades-en","tag-publicidad-exterior-en"],"_links":{"self":[{"href":"https:\/\/www.vsacomunicacion.com\/en\/wp-json\/wp\/v2\/posts\/12024"}],"collection":[{"href":"https:\/\/www.vsacomunicacion.com\/en\/wp-json\/wp\/v2\/posts"}],"about":[{"href":"https:\/\/www.vsacomunicacion.com\/en\/wp-json\/wp\/v2\/types\/post"}],"author":[{"embeddable":true,"href":"https:\/\/www.vsacomunicacion.com\/en\/wp-json\/wp\/v2\/users\/3"}],"replies":[{"embeddable":true,"href":"https:\/\/www.vsacomunicacion.com\/en\/wp-json\/wp\/v2\/comments?post=12024"}],"version-history":[{"count":0,"href":"https:\/\/www.vsacomunicacion.com\/en\/wp-json\/wp\/v2\/posts\/12024\/revisions"}],"wp:featuredmedia":[{"embeddable":true,"href":"https:\/\/www.vsacomunicacion.com\/en\/wp-json\/wp\/v2\/media\/7434"}],"wp:attachment":[{"href":"https:\/\/www.vsacomunicacion.com\/en\/wp-json\/wp\/v2\/media?parent=12024"}],"wp:term":[{"taxonomy":"category","embeddable":true,"href":"https:\/\/www.vsacomunicacion.com\/en\/wp-json\/wp\/v2\/categories?post=12024"},{"taxonomy":"post_tag","embeddable":true,"href":"https:\/\/www.vsacomunicacion.com\/en\/wp-json\/wp\/v2\/tags?post=12024"}],"curies":[{"name":"wp","href":"https:\/\/api.w.org\/{rel}","templated":true}]}}