{"id":12026,"date":"2017-10-07T11:21:30","date_gmt":"2017-10-07T11:21:30","guid":{"rendered":"https:\/\/www.vsacomunicacion.com\/circuito-de-pyms-bodegas-azpilicueta-en-barcelona\/"},"modified":"2017-10-07T11:21:30","modified_gmt":"2017-10-07T11:21:30","slug":"circuito-de-pyms-bodegas-azpilicueta-en-barcelona","status":"publish","type":"post","link":"https:\/\/www.vsacomunicacion.com\/en\/circuito-de-pyms-bodegas-azpilicueta-en-barcelona\/","title":{"rendered":"Circuito de PYM&#8217;s BODEGAS AZPILICUETA en Barcelona"},"content":{"rendered":"<p style=\"text-align: justify;\">Incre\u00edble campa\u00f1a de publicidad exterior junto a las <strong>BODEGAS AZPILICUETA<\/strong> en el <strong>Circuito de PYM&#8217;s<\/strong> de <strong>VSA COMUNICACION<\/strong> en la ciudad de <strong>Barcelona<\/strong>, en la que nos invitan a disfrutar del\u00a0tiempo, y a disfrutar de Azpilicueta, porque \u00bfsi no es ahora, cu\u00e1ndo?<\/p>\n<p><a href=\"https:\/\/www.vsacomunicacion.com\/wp-content\/uploads\/2017\/10\/pym-barcelona-pi-i-margall-23-bodegas-azpilicueta-vsa-comunicacion.jpg\" rel=\"attachment wp-att-3511\"><img fetchpriority=\"high\" decoding=\"async\" class=\"aligncenter size-full wp-image-3511\" src=\"https:\/\/www.vsacomunicacion.com\/wp-content\/uploads\/2017\/10\/pym-barcelona-pi-i-margall-23-bodegas-azpilicueta-vsa-comunicacion.jpg\" alt=\"pym-barcelona-pi-i-margall-23-bodegas-azpilicueta-vsa-comunicacion\" width=\"884\" height=\"626\" srcset=\"https:\/\/www.vsacomunicacion.com\/wp-content\/uploads\/2017\/10\/pym-barcelona-pi-i-margall-23-bodegas-azpilicueta-vsa-comunicacion.jpg 884w, https:\/\/www.vsacomunicacion.com\/wp-content\/uploads\/2017\/10\/pym-barcelona-pi-i-margall-23-bodegas-azpilicueta-vsa-comunicacion-300x212.jpg 300w, https:\/\/www.vsacomunicacion.com\/wp-content\/uploads\/2017\/10\/pym-barcelona-pi-i-margall-23-bodegas-azpilicueta-vsa-comunicacion-768x544.jpg 768w\" sizes=\"(max-width: 884px) 100vw, 884px\" \/><\/a><\/p>\n<p style=\"text-align: justify;\">F\u00e9lix <strong>Azpilicueta<\/strong> es una de las figuras m\u00e1s relevantes de la historia del vino de Rioja. Hombre din\u00e1mico y emprendedor, en 1881 se hizo cargo de un peque\u00f1o vi\u00f1edo en Fuenmayor y fund\u00f3 las Bodegas del Romeral, una de las bodegas pioneras de la zona.<\/p>\n<p style=\"text-align: justify;\">Su\u00a0compromiso por ofrecer siempre la mejor versi\u00f3n de su trabajo le llev\u00f3 en 1963 a una fusi\u00f3n con otras dos bodegas vecinas, y juntas formaron AGE (el acr\u00f3nimo de Azpilicueta, Garc\u00eda y Entrena), que pronto se convirti\u00f3 en una de las primeras bodegas de La Rioja, l\u00edder de su categor\u00eda durante varios a\u00f1os.<\/p>\n<p><a href=\"https:\/\/www.vsacomunicacion.com\/wp-content\/uploads\/2017\/10\/pym-barcelona-angel-guimera-110-bodegas-azpilicueta-vsa-comunicacion.jpg\" rel=\"attachment wp-att-3512\"><img decoding=\"async\" class=\"aligncenter size-full wp-image-3512\" src=\"https:\/\/www.vsacomunicacion.com\/wp-content\/uploads\/2017\/10\/pym-barcelona-angel-guimera-110-bodegas-azpilicueta-vsa-comunicacion.jpg\" alt=\"pym-barcelona-angel-guimera-110-bodegas-azpilicueta-vsa-comunicacion\" width=\"884\" height=\"626\" srcset=\"https:\/\/www.vsacomunicacion.com\/wp-content\/uploads\/2017\/10\/pym-barcelona-angel-guimera-110-bodegas-azpilicueta-vsa-comunicacion.jpg 884w, https:\/\/www.vsacomunicacion.com\/wp-content\/uploads\/2017\/10\/pym-barcelona-angel-guimera-110-bodegas-azpilicueta-vsa-comunicacion-300x212.jpg 300w, https:\/\/www.vsacomunicacion.com\/wp-content\/uploads\/2017\/10\/pym-barcelona-angel-guimera-110-bodegas-azpilicueta-vsa-comunicacion-768x544.jpg 768w\" sizes=\"(max-width: 884px) 100vw, 884px\" \/><\/a><\/p>\n<p style=\"text-align: justify;\">Al inicio de los 90, en el equipo enol\u00f3gico de Bodegas AGE se plante\u00f3 desarrollar una nueva gama de vinos recuperando el estilo de los antiguos vinos de crianza y reserva de la zona, vinos en los que se respetaran las variedades tradicionales (Tempranillo, Graciano y Mazuelo), ensamblados seg\u00fan criterios cl\u00e1sicos pero rabiosamente actuales en su expresi\u00f3n. Con Elena Adell como responsable t\u00e9cnica, y con la nueva bodega como buque insignia de una enolog\u00eda vanguardista, sostenible y con un estilo propio,<strong> Azpilicueta<\/strong> se ha convertido en un referente de los vinos de Rioja, reconocido y apreciado por consumidores de todo el mundo y con un futuro vigoroso.<\/p>\n<p style=\"text-align: justify;\">F\u00e9lix Azpilicueta siempre se sinti\u00f3 satisfecho de su obra: <em>&#8220;Me enorgullece haber podido dar mi nombre a un gran vino, en el que he puesto lo mejor de m\u00ed mismo y de mi bodega&#8221;<\/em>.<\/p>\n","protected":false},"excerpt":{"rendered":"<p>Incre\u00edble campa\u00f1a de publicidad exterior junto a las BODEGAS AZPILICUETA en el Circuito de PYM&#8217;s de VSA COMUNICACION en la ciudad de Barcelona, en la que nos invitan a disfrutar del\u00a0tiempo, y a disfrutar de Azpilicueta, porque \u00bfsi no es [&hellip;]<\/p>\n","protected":false},"author":3,"featured_media":7451,"comment_status":"open","ping_status":"open","sticky":false,"template":"","format":"standard","meta":{"inline_featured_image":false,"footnotes":""},"categories":[1506,1593],"tags":[1516,2189,1664,1705,1781,1694,1565,1585,1586,1676,1702,1671],"class_list":["post-12026","post","type-post","status-publish","format-standard","has-post-thumbnail","hentry","category-barcelona-en","category-pyms-en","tag-barcelona-en","tag-bodegas-azpilicueta-en","tag-campana-publicitaria-en","tag-centro-ciudad-en","tag-circuito-urbano-en","tag-gran-notoriedad-en","tag-publicidad-ciudades-en","tag-publicidad-exterior-en","tag-publicidad-urbana-en","tag-pyms-2-en","tag-pyms-barcelona-en","tag-trafico-rodado-en"],"_links":{"self":[{"href":"https:\/\/www.vsacomunicacion.com\/en\/wp-json\/wp\/v2\/posts\/12026"}],"collection":[{"href":"https:\/\/www.vsacomunicacion.com\/en\/wp-json\/wp\/v2\/posts"}],"about":[{"href":"https:\/\/www.vsacomunicacion.com\/en\/wp-json\/wp\/v2\/types\/post"}],"author":[{"embeddable":true,"href":"https:\/\/www.vsacomunicacion.com\/en\/wp-json\/wp\/v2\/users\/3"}],"replies":[{"embeddable":true,"href":"https:\/\/www.vsacomunicacion.com\/en\/wp-json\/wp\/v2\/comments?post=12026"}],"version-history":[{"count":0,"href":"https:\/\/www.vsacomunicacion.com\/en\/wp-json\/wp\/v2\/posts\/12026\/revisions"}],"wp:featuredmedia":[{"embeddable":true,"href":"https:\/\/www.vsacomunicacion.com\/en\/wp-json\/wp\/v2\/media\/7451"}],"wp:attachment":[{"href":"https:\/\/www.vsacomunicacion.com\/en\/wp-json\/wp\/v2\/media?parent=12026"}],"wp:term":[{"taxonomy":"category","embeddable":true,"href":"https:\/\/www.vsacomunicacion.com\/en\/wp-json\/wp\/v2\/categories?post=12026"},{"taxonomy":"post_tag","embeddable":true,"href":"https:\/\/www.vsacomunicacion.com\/en\/wp-json\/wp\/v2\/tags?post=12026"}],"curies":[{"name":"wp","href":"https:\/\/api.w.org\/{rel}","templated":true}]}}