{"id":12030,"date":"2017-09-20T11:44:37","date_gmt":"2017-09-20T11:44:37","guid":{"rendered":"https:\/\/www.vsacomunicacion.com\/lona-publicitaria-vans-en-las-ramblas-de-barcelona\/"},"modified":"2017-09-20T11:44:37","modified_gmt":"2017-09-20T11:44:37","slug":"lona-publicitaria-vans-en-las-ramblas-de-barcelona","status":"publish","type":"post","link":"https:\/\/www.vsacomunicacion.com\/en\/lona-publicitaria-vans-en-las-ramblas-de-barcelona\/","title":{"rendered":"Lona Publicitaria VANS en las Ramblas de Barcelona"},"content":{"rendered":"<p style=\"text-align: justify;\">En <strong>VSA COMUNICACION<\/strong>\u00a0ponemos en marcha un nuevo emplazamiento en la c\u00e9ntrica y emblem\u00e1tica <strong>Ramblas<\/strong> de <strong>Barcelona<\/strong>, un fabuloso paseo desde Plaza Catalu\u00f1a al antiguo Puerto de la ciudad, que cuenta estas estos d\u00edas, adem\u00e1s, con esta fant\u00e1stica<strong> lona publicitaria<\/strong> de <strong>VANS<\/strong>.<\/p>\n<p style=\"text-align: justify;\"><strong>NOT JUST\u00a0<span class=\"yellowstroke\">ONE THING!!\u00a0<\/span>VANS <\/strong>tiene cinco modelos Classic\u00a0que no son s\u00f3lo una cosa, tienen mucho valor para mucha gente, que las lleva para diferenciarse y expresar su personalidad.\u00a0Las VANS son populares entre los skaters, m\u00fasicos, artistas y librepensadores de todo el mundo.\u00a0Siempre puedes expresar tu creatividad y estilo personal de una forma sencilla y atemporal.<\/p>\n<p style=\"text-align: justify;\"><a href=\"https:\/\/www.vsacomunicacion.com\/wp-content\/uploads\/2017\/10\/lona-publicitaria-barcelona-ramblas-125-vans-vsa-comunicacion.jpg\" rel=\"attachment wp-att-3428\"><img fetchpriority=\"high\" decoding=\"async\" class=\"aligncenter size-full wp-image-3428\" src=\"https:\/\/www.vsacomunicacion.com\/wp-content\/uploads\/2017\/10\/lona-publicitaria-barcelona-ramblas-125-vans-vsa-comunicacion.jpg\" alt=\"lona-publicitaria-barcelona-ramblas-125-vans-vsa-comunicacion\" width=\"884\" height=\"626\" srcset=\"https:\/\/www.vsacomunicacion.com\/wp-content\/uploads\/2017\/10\/lona-publicitaria-barcelona-ramblas-125-vans-vsa-comunicacion.jpg 884w, https:\/\/www.vsacomunicacion.com\/wp-content\/uploads\/2017\/10\/lona-publicitaria-barcelona-ramblas-125-vans-vsa-comunicacion-300x212.jpg 300w, https:\/\/www.vsacomunicacion.com\/wp-content\/uploads\/2017\/10\/lona-publicitaria-barcelona-ramblas-125-vans-vsa-comunicacion-768x544.jpg 768w\" sizes=\"(max-width: 884px) 100vw, 884px\" \/><\/a><\/p>\n<p style=\"text-align: justify;\">Las Ramblas,\u00a0es una zona siempre llena de vida hasta altas horas de la noche, en la que nos encontraremos con un sinf\u00edn de\u00a0turistas, pero tambi\u00e9n aut\u00f3ctonos\u00a0que quieren disfrutar de su ciudad, repleta de puestos de flores y plantas capaces de iluminar el m\u00e1s oscuro de los d\u00edas\u00a0y con numerosos lugares de inter\u00e9s cultural como\u00a0el\u00a0Gran Teatro Liceo, el\u00a0Palacio G\u00fcell, o\u00a0el famoso\u00a0Mercado de la Boquer\u00eda.<\/p>\n<p style=\"text-align: justify;\">Por eso, creemos fervientemente que este emplazamiento es perfecto para exponer la lona publicitaria de nuestro cliente VANS, porque <strong>VANS<\/strong> no es s\u00f3lo una cosa, ni t\u00fa, ni las Ramblas tampoco.<\/p>\n<p style=\"text-align: justify;\">Presume de VANS:<strong><em><a href=\"https:\/\/www.instagram.com\/explore\/tags\/myvans\/?hl=es\" target=\"_blank\" rel=\"noopener\"> #MYVANS<\/a><\/em><\/strong><\/p>\n<p style=\"text-align: justify;\">\n","protected":false},"excerpt":{"rendered":"<p>En VSA COMUNICACION\u00a0ponemos en marcha un nuevo emplazamiento en la c\u00e9ntrica y emblem\u00e1tica Ramblas de Barcelona, un fabuloso paseo desde Plaza Catalu\u00f1a al antiguo Puerto de la ciudad, que cuenta estas estos d\u00edas, adem\u00e1s, con esta fant\u00e1stica lona publicitaria de [&hellip;]<\/p>\n","protected":false},"author":3,"featured_media":7427,"comment_status":"open","ping_status":"open","sticky":false,"template":"","format":"standard","meta":{"inline_featured_image":false,"footnotes":""},"categories":[1506,1488],"tags":[2199,1704,1516,1664,1705,1701,1693,1694,1656,1609,1581,1565,1585,1599,1586,1671,2200],"class_list":["post-12030","post","type-post","status-publish","format-standard","has-post-thumbnail","hentry","category-barcelona-en","category-lonas-publicitarias-en","tag-myvans-en","tag-alto-prestigio-publicitario-en","tag-barcelona-en","tag-campana-publicitaria-en","tag-centro-ciudad-en","tag-espectacular-en","tag-gran-formato-en","tag-gran-notoriedad-en","tag-lonas-gran-formato-en","tag-lonas-publicitarias-2-en","tag-lonas-publicitarias-barcelona-en","tag-publicidad-ciudades-en","tag-publicidad-exterior-en","tag-publicidad-gran-formato-en","tag-publicidad-urbana-en","tag-trafico-rodado-en","tag-vans-en"],"_links":{"self":[{"href":"https:\/\/www.vsacomunicacion.com\/en\/wp-json\/wp\/v2\/posts\/12030"}],"collection":[{"href":"https:\/\/www.vsacomunicacion.com\/en\/wp-json\/wp\/v2\/posts"}],"about":[{"href":"https:\/\/www.vsacomunicacion.com\/en\/wp-json\/wp\/v2\/types\/post"}],"author":[{"embeddable":true,"href":"https:\/\/www.vsacomunicacion.com\/en\/wp-json\/wp\/v2\/users\/3"}],"replies":[{"embeddable":true,"href":"https:\/\/www.vsacomunicacion.com\/en\/wp-json\/wp\/v2\/comments?post=12030"}],"version-history":[{"count":0,"href":"https:\/\/www.vsacomunicacion.com\/en\/wp-json\/wp\/v2\/posts\/12030\/revisions"}],"wp:featuredmedia":[{"embeddable":true,"href":"https:\/\/www.vsacomunicacion.com\/en\/wp-json\/wp\/v2\/media\/7427"}],"wp:attachment":[{"href":"https:\/\/www.vsacomunicacion.com\/en\/wp-json\/wp\/v2\/media?parent=12030"}],"wp:term":[{"taxonomy":"category","embeddable":true,"href":"https:\/\/www.vsacomunicacion.com\/en\/wp-json\/wp\/v2\/categories?post=12030"},{"taxonomy":"post_tag","embeddable":true,"href":"https:\/\/www.vsacomunicacion.com\/en\/wp-json\/wp\/v2\/tags?post=12030"}],"curies":[{"name":"wp","href":"https:\/\/api.w.org\/{rel}","templated":true}]}}