{"id":12031,"date":"2017-09-17T01:35:03","date_gmt":"2017-09-17T01:35:03","guid":{"rendered":"https:\/\/www.vsacomunicacion.com\/circuito-de-pyms-ron-barcelo-en-barcelona-3\/"},"modified":"2017-09-17T01:35:03","modified_gmt":"2017-09-17T01:35:03","slug":"circuito-de-pyms-ron-barcelo-en-barcelona-3","status":"publish","type":"post","link":"https:\/\/www.vsacomunicacion.com\/en\/circuito-de-pyms-ron-barcelo-en-barcelona-3\/","title":{"rendered":"Circuito de PYM&#8217;s RON BARCELO en Barcelona"},"content":{"rendered":"<p style=\"text-align: justify;\">Hace <a href=\"https:\/\/www.vsacomunicacion.com\/circuito-de-pyms-ron-barcelo-en-barcelona-2\/\">unos meses<\/a> <strong>RON BARCELO<\/strong> y <strong>DESALIA<\/strong> ya estuvieron presentes en la ciudad de<strong> Barcelona<\/strong> con el<strong> Circuito de PYM&#8217;s<\/strong> de <strong>VSA COMUNICACION<\/strong>. Fue una experiencia fant\u00e1stica y nos alegra que\u00a0la marca de ron dominicano m\u00e1s consumida del mundo vuelva a\u00a0contar con nuestros soportes de publicidad exterior.<\/p>\n<p><a href=\"https:\/\/www.vsacomunicacion.com\/wp-content\/uploads\/2017\/10\/pym-barcelona-plaza-europa-ron-barcelo-sept-vsa-comunicacion.jpg\" rel=\"attachment wp-att-3507\"><img fetchpriority=\"high\" decoding=\"async\" class=\"aligncenter size-full wp-image-3507\" src=\"https:\/\/www.vsacomunicacion.com\/wp-content\/uploads\/2017\/10\/pym-barcelona-plaza-europa-ron-barcelo-sept-vsa-comunicacion.jpg\" alt=\"pym-barcelona-plaza-europa-ron-barcelo-sept-vsa-comunicacion\" width=\"884\" height=\"626\" srcset=\"https:\/\/www.vsacomunicacion.com\/wp-content\/uploads\/2017\/10\/pym-barcelona-plaza-europa-ron-barcelo-sept-vsa-comunicacion.jpg 884w, https:\/\/www.vsacomunicacion.com\/wp-content\/uploads\/2017\/10\/pym-barcelona-plaza-europa-ron-barcelo-sept-vsa-comunicacion-300x212.jpg 300w, https:\/\/www.vsacomunicacion.com\/wp-content\/uploads\/2017\/10\/pym-barcelona-plaza-europa-ron-barcelo-sept-vsa-comunicacion-768x544.jpg 768w\" sizes=\"(max-width: 884px) 100vw, 884px\" \/><\/a><\/p>\n<p style=\"text-align: justify;\">A\u00a0bordo de un crucero por aguas del Mediterr\u00e1neo se desarrolla la historia que da vida \u201c<strong>DESALIA: La Pel\u00edcula<\/strong>\u201d, un\u00a0corto en clave de comedia que plasma las vivencias de cuatro j\u00f3venes a bordo del barco y la divertida historia de amor que surge entre ellos, de la mano del gran humorista, guionista y director, <strong>Ernesto Sevilla<\/strong>.<\/p>\n<p style=\"text-align: justify;\">El\u00a0pasado mes de junio se celebr\u00f3 el estreno en\u00a0las afueras de Madrid, contando con la presencia de los actores Maxi Iglesias, V\u00edctor Palmero\u00a0y Nicol\u00e1s Coronado, adem\u00e1s del modelo Juan Betancourt y la Youtuber Zaifer, que han participado en el proyecto. Junto a ellos, <strong>RON BARCELO<\/strong> quiso que 1.000 j\u00f3venes consumidores pudieran asistir al estreno y disfrutar de la celebraci\u00f3n ibicenca con la que qued\u00f3 clausurado el D\u00e9cimo Aniversario de su proyecto <strong>DESALIA<\/strong>.<\/p>\n<p><a href=\"https:\/\/www.vsacomunicacion.com\/wp-content\/uploads\/2017\/10\/pym-barcelona-plaza-santa-magdalena-10-ron-barcelo-sept-vsa-comunicacion.jpg\" rel=\"attachment wp-att-3508\"><img decoding=\"async\" class=\"aligncenter size-full wp-image-3508\" src=\"https:\/\/www.vsacomunicacion.com\/wp-content\/uploads\/2017\/10\/pym-barcelona-plaza-santa-magdalena-10-ron-barcelo-sept-vsa-comunicacion.jpg\" alt=\"pym-barcelona-plaza-santa-magdalena-10-ron-barcelo-sept-vsa-comunicacion\" width=\"884\" height=\"626\" srcset=\"https:\/\/www.vsacomunicacion.com\/wp-content\/uploads\/2017\/10\/pym-barcelona-plaza-santa-magdalena-10-ron-barcelo-sept-vsa-comunicacion.jpg 884w, https:\/\/www.vsacomunicacion.com\/wp-content\/uploads\/2017\/10\/pym-barcelona-plaza-santa-magdalena-10-ron-barcelo-sept-vsa-comunicacion-300x212.jpg 300w, https:\/\/www.vsacomunicacion.com\/wp-content\/uploads\/2017\/10\/pym-barcelona-plaza-santa-magdalena-10-ron-barcelo-sept-vsa-comunicacion-768x544.jpg 768w\" sizes=\"(max-width: 884px) 100vw, 884px\" \/><\/a><\/p>\n<p style=\"text-align: justify;\">&#8220;Mediante este proyecto la marca ha querido reflejar de una forma diferente el esp\u00edritu <strong>VIVE AHORA<\/strong>, la filosof\u00eda de ver la vida en positivo de <strong>RON BARCELO<\/strong>, adem\u00e1s de apostar por nuevos formatos&#8221;, se\u00f1alan desde el \u00e1rea de marketing de Varma, distribuidora de la\u00a0casa de ron.<\/p>\n<p style=\"text-align: justify;\">Pod\u00e9is ver el corto aqu\u00ed:\u00a0<span class=\"m_-3439731582889902776gmail-s7\"><b><a href=\"https:\/\/www.viveahoradesalia.com\/home.php\" target=\"_blank\" data-saferedirecturl=\"https:\/\/www.google.com\/url?hl=es&amp;q=https:\/\/www.viveahoradesalia.com\/home.php&amp;source=gmail&amp;ust=1498498321265000&amp;usg=AFQjCNFKV97joBp607GERPzoyTL2lRwh9w\" rel=\"noopener\">https:\/\/www.<wbr \/>viveahoradesalia.com\/home.php<\/a><\/b><\/span><\/p>\n<p style=\"text-align: justify;\"><em>#VIVEAHORA\u00a0<\/em>junto a DESALIA y RON BARCELO!!<\/p>\n","protected":false},"excerpt":{"rendered":"<p>Hace unos meses RON BARCELO y DESALIA ya estuvieron presentes en la ciudad de Barcelona con el Circuito de PYM&#8217;s de VSA COMUNICACION. Fue una experiencia fant\u00e1stica y nos alegra que\u00a0la marca de ron dominicano m\u00e1s consumida del mundo vuelva [&hellip;]<\/p>\n","protected":false},"author":3,"featured_media":7449,"comment_status":"open","ping_status":"open","sticky":false,"template":"","format":"standard","meta":{"inline_featured_image":false,"footnotes":""},"categories":[1423],"tags":[2196,1516,1664,1781,2197,2201,1694,1565,1585,1586,1676,1702,2198,1671],"class_list":["post-12031","post","type-post","status-publish","format-standard","has-post-thumbnail","hentry","category-uncategorized","tag-viveahora-en","tag-barcelona-en","tag-campana-publicitaria-en","tag-circuito-urbano-en","tag-desalia-en","tag-ernesto-sevilla-en","tag-gran-notoriedad-en","tag-publicidad-ciudades-en","tag-publicidad-exterior-en","tag-publicidad-urbana-en","tag-pyms-2-en","tag-pyms-barcelona-en","tag-ron-barcelo-en","tag-trafico-rodado-en"],"_links":{"self":[{"href":"https:\/\/www.vsacomunicacion.com\/en\/wp-json\/wp\/v2\/posts\/12031"}],"collection":[{"href":"https:\/\/www.vsacomunicacion.com\/en\/wp-json\/wp\/v2\/posts"}],"about":[{"href":"https:\/\/www.vsacomunicacion.com\/en\/wp-json\/wp\/v2\/types\/post"}],"author":[{"embeddable":true,"href":"https:\/\/www.vsacomunicacion.com\/en\/wp-json\/wp\/v2\/users\/3"}],"replies":[{"embeddable":true,"href":"https:\/\/www.vsacomunicacion.com\/en\/wp-json\/wp\/v2\/comments?post=12031"}],"version-history":[{"count":0,"href":"https:\/\/www.vsacomunicacion.com\/en\/wp-json\/wp\/v2\/posts\/12031\/revisions"}],"wp:featuredmedia":[{"embeddable":true,"href":"https:\/\/www.vsacomunicacion.com\/en\/wp-json\/wp\/v2\/media\/7449"}],"wp:attachment":[{"href":"https:\/\/www.vsacomunicacion.com\/en\/wp-json\/wp\/v2\/media?parent=12031"}],"wp:term":[{"taxonomy":"category","embeddable":true,"href":"https:\/\/www.vsacomunicacion.com\/en\/wp-json\/wp\/v2\/categories?post=12031"},{"taxonomy":"post_tag","embeddable":true,"href":"https:\/\/www.vsacomunicacion.com\/en\/wp-json\/wp\/v2\/tags?post=12031"}],"curies":[{"name":"wp","href":"https:\/\/api.w.org\/{rel}","templated":true}]}}