{"id":12032,"date":"2017-09-15T14:26:07","date_gmt":"2017-09-15T14:26:07","guid":{"rendered":"https:\/\/www.vsacomunicacion.com\/lona-publicitaria-tudor-en-barcelona\/"},"modified":"2017-09-15T14:26:07","modified_gmt":"2017-09-15T14:26:07","slug":"lona-publicitaria-tudor-en-barcelona","status":"publish","type":"post","link":"https:\/\/www.vsacomunicacion.com\/en\/lona-publicitaria-tudor-en-barcelona\/","title":{"rendered":"Lona Publicitaria TUDOR en Barcelona"},"content":{"rendered":"<p style=\"text-align: justify;\">Hace unos meses\u00a0publicamos un <a href=\"https:\/\/www.vsacomunicacion.com\/lona-publicitaria-tudor-en-el-paseo-de-gracia-de-barcelona\/\">post <\/a>en el que coment\u00e1bamos la confianza depositada por\u00a0<strong>TUDOR<\/strong>\u00a0en <strong>VSA COMUNICACI\u00d3N<\/strong> y sus emplazamientos Premium de\u00a0<strong>publicidad exterior<\/strong>, nos alegra que\u00a0de nuevo haya confiado en nosotros con\u00a0esta fant\u00e1stica lona publicitaria en otro de nuestros emplazamientos de Paseo de Gracia de <strong>Barcelona<\/strong>.<\/p>\n<p style=\"text-align: justify;\"><a href=\"https:\/\/www.vsacomunicacion.com\/wp-content\/uploads\/2017\/09\/lona-publicitaria-barcelona-paseo-de-gracia-23-tudor-vsa-comunicacion.jpg\" rel=\"attachment wp-att-3417\"><img fetchpriority=\"high\" decoding=\"async\" class=\"aligncenter size-full wp-image-3417\" src=\"https:\/\/www.vsacomunicacion.com\/wp-content\/uploads\/2017\/09\/lona-publicitaria-barcelona-paseo-de-gracia-23-tudor-vsa-comunicacion.jpg\" alt=\"lona-publicitaria-barcelona-paseo-de-gracia-23-tudor-vsa-comunicacion\" width=\"884\" height=\"626\" srcset=\"https:\/\/www.vsacomunicacion.com\/wp-content\/uploads\/2017\/09\/lona-publicitaria-barcelona-paseo-de-gracia-23-tudor-vsa-comunicacion.jpg 884w, https:\/\/www.vsacomunicacion.com\/wp-content\/uploads\/2017\/09\/lona-publicitaria-barcelona-paseo-de-gracia-23-tudor-vsa-comunicacion-300x212.jpg 300w, https:\/\/www.vsacomunicacion.com\/wp-content\/uploads\/2017\/09\/lona-publicitaria-barcelona-paseo-de-gracia-23-tudor-vsa-comunicacion-768x544.jpg 768w\" sizes=\"(max-width: 884px) 100vw, 884px\" \/><\/a><\/p>\n<p style=\"text-align: justify;\">En esta ocasi\u00f3n, junto a <strong>TUDOR<\/strong>, tenemos a la\u00a0aclamada y famos\u00edsima por\u00a0sus m\u00faltiples facetas como artista, por su teatralidad, por su valent\u00eda, por su descaro, por su asombrosa voz, por su estilo y por su carisma, a la persona que ha reinventado\u00a0la cultura del pop: <strong>Lady Gaga<\/strong>.<\/p>\n<p style=\"text-align: justify;\">La\u00a0polifac\u00e9tica artista es uno de los principales iconos de la moda en todo el mundo y es consciente de todo lo que lleva. Ha hecho de la fama una forma de arte m\u00e1s. Sabe muy bien que la forma de vestir es una manifestaci\u00f3n art\u00edstica que transmite un mensaje poderoso, y que cada accesorio es una forma de moldear su imagen, un medio para lograr un fin.<\/p>\n<p style=\"text-align: justify;\">Entre la selecci\u00f3n de Lady Gaga se encuentra el modelo <strong>HERITAGE BLACK BAY<\/strong>, Sesenta a\u00f1os de historia de submarinismo <strong>TUDOR<\/strong> en un \u00fanico reloj ic\u00f3nico,\u00a0actualizado con un movimiento mec\u00e1nico fabricado por TUDOR,\u00a0con un disco burdeos mate,\u00a0correa de cuero envejecido y\u00a0caja de acero de 41 mm.<\/p>\n<p style=\"text-align: justify;\"><strong>TUDOR<\/strong>\u00a0nunca ha evitado desafiar los l\u00edmites de la innovaci\u00f3n, experimentando con materiales, combinaciones e inspiraciones inusuales.<\/p>\n<p style=\"text-align: justify;\">Algunos prefieren seguir lo establecido. Otros se arriesgan.<strong>\u00a0<em>#BORNTODARE<\/em><\/strong><\/p>\n","protected":false},"excerpt":{"rendered":"<p>Hace unos meses\u00a0publicamos un post en el que coment\u00e1bamos la confianza depositada por\u00a0TUDOR\u00a0en VSA COMUNICACI\u00d3N y sus emplazamientos Premium de\u00a0publicidad exterior, nos alegra que\u00a0de nuevo haya confiado en nosotros con\u00a0esta fant\u00e1stica lona publicitaria en otro de nuestros emplazamientos de Paseo [&hellip;]<\/p>\n","protected":false},"author":3,"featured_media":7426,"comment_status":"open","ping_status":"open","sticky":false,"template":"","format":"standard","meta":{"inline_featured_image":false,"footnotes":""},"categories":[1506,1488],"tags":[2084,1704,1516,1664,1705,1706,1693,1694,2202,1609,1581,1585,1599,1586,1671,1596],"class_list":["post-12032","post","type-post","status-publish","format-standard","has-post-thumbnail","hentry","category-barcelona-en","category-lonas-publicitarias-en","tag-borntodare-en","tag-alto-prestigio-publicitario-en","tag-barcelona-en","tag-campana-publicitaria-en","tag-centro-ciudad-en","tag-emplazamiento-premium-en","tag-gran-formato-en","tag-gran-notoriedad-en","tag-lady-gaga-en","tag-lonas-publicitarias-2-en","tag-lonas-publicitarias-barcelona-en","tag-publicidad-exterior-en","tag-publicidad-gran-formato-en","tag-publicidad-urbana-en","tag-trafico-rodado-en","tag-tudor-en"],"_links":{"self":[{"href":"https:\/\/www.vsacomunicacion.com\/en\/wp-json\/wp\/v2\/posts\/12032"}],"collection":[{"href":"https:\/\/www.vsacomunicacion.com\/en\/wp-json\/wp\/v2\/posts"}],"about":[{"href":"https:\/\/www.vsacomunicacion.com\/en\/wp-json\/wp\/v2\/types\/post"}],"author":[{"embeddable":true,"href":"https:\/\/www.vsacomunicacion.com\/en\/wp-json\/wp\/v2\/users\/3"}],"replies":[{"embeddable":true,"href":"https:\/\/www.vsacomunicacion.com\/en\/wp-json\/wp\/v2\/comments?post=12032"}],"version-history":[{"count":0,"href":"https:\/\/www.vsacomunicacion.com\/en\/wp-json\/wp\/v2\/posts\/12032\/revisions"}],"wp:featuredmedia":[{"embeddable":true,"href":"https:\/\/www.vsacomunicacion.com\/en\/wp-json\/wp\/v2\/media\/7426"}],"wp:attachment":[{"href":"https:\/\/www.vsacomunicacion.com\/en\/wp-json\/wp\/v2\/media?parent=12032"}],"wp:term":[{"taxonomy":"category","embeddable":true,"href":"https:\/\/www.vsacomunicacion.com\/en\/wp-json\/wp\/v2\/categories?post=12032"},{"taxonomy":"post_tag","embeddable":true,"href":"https:\/\/www.vsacomunicacion.com\/en\/wp-json\/wp\/v2\/tags?post=12032"}],"curies":[{"name":"wp","href":"https:\/\/api.w.org\/{rel}","templated":true}]}}