{"id":12038,"date":"2017-07-10T08:08:20","date_gmt":"2017-07-10T08:08:20","guid":{"rendered":"https:\/\/www.vsacomunicacion.com\/lona-publicitaria-outlet-viladecans-en-barcelona\/"},"modified":"2017-07-10T08:08:20","modified_gmt":"2017-07-10T08:08:20","slug":"lona-publicitaria-outlet-viladecans-en-barcelona","status":"publish","type":"post","link":"https:\/\/www.vsacomunicacion.com\/en\/lona-publicitaria-outlet-viladecans-en-barcelona\/","title":{"rendered":"Lona Publicitaria OUTLET VILADECANS en Barcelona"},"content":{"rendered":"<p style=\"text-align: justify;\">Magn\u00edfica <strong>lona publicitaria<\/strong> de <strong>VILADECANS THE STYLE OUTLETS<\/strong>, el primer centro comercial tipo outlet del \u00e1rea metropolitana de <strong>Barcelona<\/strong>, en el c\u00e9ntrico emplazamiento de <strong>VSA COMUNICACION<\/strong> en la calle Balmes, esquina Valencia.<\/p>\n<p style=\"text-align: justify;\">En el Centro Comercial encontraremos una amplia gama de primeras marcas mundiales, como son NIKE, ADIDAS, REEBOK, CONVERSE, DESIGUAL, GANT, LIU JO o GUESS, entre muchas otras, de la temporada anterior y con un descuento m\u00ednimo del 30% durante todo el a\u00f1o y hasta el 31 de agosto, \u00e9poca de rebajas, podr\u00e1n llegar a un 80%.<\/p>\n<p><a href=\"https:\/\/www.vsacomunicacion.com\/wp-content\/uploads\/2017\/09\/lona-publicitaria-barcelona-valencia-242-outlet-viladecans-dia-vsa-comunicacion.jpg\" rel=\"attachment wp-att-3411\"><img fetchpriority=\"high\" decoding=\"async\" class=\"aligncenter size-full wp-image-3411\" src=\"https:\/\/www.vsacomunicacion.com\/wp-content\/uploads\/2017\/09\/lona-publicitaria-barcelona-valencia-242-outlet-viladecans-dia-vsa-comunicacion.jpg\" alt=\"lona-publicitaria-barcelona-valencia-242-outlet-viladecans-dia-vsa-comunicacion\" width=\"884\" height=\"626\" srcset=\"https:\/\/www.vsacomunicacion.com\/wp-content\/uploads\/2017\/09\/lona-publicitaria-barcelona-valencia-242-outlet-viladecans-dia-vsa-comunicacion.jpg 884w, https:\/\/www.vsacomunicacion.com\/wp-content\/uploads\/2017\/09\/lona-publicitaria-barcelona-valencia-242-outlet-viladecans-dia-vsa-comunicacion-300x212.jpg 300w, https:\/\/www.vsacomunicacion.com\/wp-content\/uploads\/2017\/09\/lona-publicitaria-barcelona-valencia-242-outlet-viladecans-dia-vsa-comunicacion-768x544.jpg 768w\" sizes=\"(max-width: 884px) 100vw, 884px\" \/><\/a><\/p>\n<p style=\"text-align: justify;\">El\u00a0<strong>VILADECANS THE STYLE OUTLETS<\/strong>, gestionado por la empresa NEINVER, se inaugur\u00f3\u00a0el oto\u00f1o de 2016 en su primera fase alcanzado una superficie de 19.800 m\u00b2 que se ver\u00e1 ampliada a 26.500 m\u00b2 en\u00a0una segunda fase que pretende pasar de los 55 locales\u00a0actuales a 130, teniendo previsto que\u00a0el 90% del espacio est\u00e9 destinado a la moda, mientras un 10% est\u00e1 ocupado por la restauraci\u00f3n.<\/p>\n<p style=\"text-align: justify;\"><a href=\"https:\/\/www.vsacomunicacion.com\/wp-content\/uploads\/2017\/09\/lona-publicitaria-barcelona-valencia-242-outlet-viladecans-noche-vsa-comunicacion.jpg\" rel=\"attachment wp-att-3412\"><img decoding=\"async\" class=\"aligncenter size-full wp-image-3412\" src=\"https:\/\/www.vsacomunicacion.com\/wp-content\/uploads\/2017\/09\/lona-publicitaria-barcelona-valencia-242-outlet-viladecans-noche-vsa-comunicacion.jpg\" alt=\"lona-publicitaria-barcelona-valencia-242-outlet-viladecans-noche-vsa-comunicacion\" width=\"884\" height=\"626\" srcset=\"https:\/\/www.vsacomunicacion.com\/wp-content\/uploads\/2017\/09\/lona-publicitaria-barcelona-valencia-242-outlet-viladecans-noche-vsa-comunicacion.jpg 884w, https:\/\/www.vsacomunicacion.com\/wp-content\/uploads\/2017\/09\/lona-publicitaria-barcelona-valencia-242-outlet-viladecans-noche-vsa-comunicacion-300x212.jpg 300w, https:\/\/www.vsacomunicacion.com\/wp-content\/uploads\/2017\/09\/lona-publicitaria-barcelona-valencia-242-outlet-viladecans-noche-vsa-comunicacion-768x544.jpg 768w\" sizes=\"(max-width: 884px) 100vw, 884px\" \/><\/a><\/p>\n<p style=\"text-align: justify;\">Adem\u00e1s de las tiendas y locales de restauraci\u00f3n comentados, el Centro Comercial ubicado en la poblaci\u00f3n de Viladecans, dispone de\u00a0servicios adicionales gratuitos como\u00a01.700 plazas de parking, zonas de juego para ni\u00f1os, facilidades para mascotas, aparcamiento para bicicletas o salas de lactancia. Podemos\u00a0llegar a <strong>VILADECANS THE STYLE OUTLETS\u00a0<\/strong>con nuestro veh\u00edculo, a trav\u00e9s de\u00a0los\u00a0medios de transporte p\u00fablicos, como autobuses y trenes, o si lo preferimos utilizando\u00a0su l\u00ednea de bus propia &#8220;Shuttle Viladecans The Style Outlets&#8221; con salida desde la Plaza Catalu\u00f1a de Barcelona.<\/p>\n<p style=\"text-align: justify;\">Con la intenci\u00f3n de incentivar la visita de turistas, el centro ofrecer\u00e1 paquetes especiales para grupos, un punto de informaci\u00f3n tur\u00edstica con atenci\u00f3n multiling\u00fce, guardaequipaje y oficina de devoluci\u00f3n del IVA.<\/p>\n<p style=\"text-align: justify;\">As\u00ed que, toma nota, y estas rebajas no olvides visitar VILADECANS THE STYLE OUTLETS!!<\/p>\n","protected":false},"excerpt":{"rendered":"<p>Magn\u00edfica lona publicitaria de VILADECANS THE STYLE OUTLETS, el primer centro comercial tipo outlet del \u00e1rea metropolitana de Barcelona, en el c\u00e9ntrico emplazamiento de VSA COMUNICACION en la calle Balmes, esquina Valencia. En el Centro Comercial encontraremos una amplia gama [&hellip;]<\/p>\n","protected":false},"author":3,"featured_media":7423,"comment_status":"open","ping_status":"open","sticky":false,"template":"","format":"standard","meta":{"inline_featured_image":false,"footnotes":""},"categories":[1423],"tags":[1704,1516,1664,1705,1708,1694,1609,1581,1565,1585,1599,1586,1671,2209],"class_list":["post-12038","post","type-post","status-publish","format-standard","has-post-thumbnail","hentry","category-uncategorized","tag-alto-prestigio-publicitario-en","tag-barcelona-en","tag-campana-publicitaria-en","tag-centro-ciudad-en","tag-formato-espectacular-en","tag-gran-notoriedad-en","tag-lonas-publicitarias-2-en","tag-lonas-publicitarias-barcelona-en","tag-publicidad-ciudades-en","tag-publicidad-exterior-en","tag-publicidad-gran-formato-en","tag-publicidad-urbana-en","tag-trafico-rodado-en","tag-viladecans-the-style-outlets-en"],"_links":{"self":[{"href":"https:\/\/www.vsacomunicacion.com\/en\/wp-json\/wp\/v2\/posts\/12038"}],"collection":[{"href":"https:\/\/www.vsacomunicacion.com\/en\/wp-json\/wp\/v2\/posts"}],"about":[{"href":"https:\/\/www.vsacomunicacion.com\/en\/wp-json\/wp\/v2\/types\/post"}],"author":[{"embeddable":true,"href":"https:\/\/www.vsacomunicacion.com\/en\/wp-json\/wp\/v2\/users\/3"}],"replies":[{"embeddable":true,"href":"https:\/\/www.vsacomunicacion.com\/en\/wp-json\/wp\/v2\/comments?post=12038"}],"version-history":[{"count":0,"href":"https:\/\/www.vsacomunicacion.com\/en\/wp-json\/wp\/v2\/posts\/12038\/revisions"}],"wp:featuredmedia":[{"embeddable":true,"href":"https:\/\/www.vsacomunicacion.com\/en\/wp-json\/wp\/v2\/media\/7423"}],"wp:attachment":[{"href":"https:\/\/www.vsacomunicacion.com\/en\/wp-json\/wp\/v2\/media?parent=12038"}],"wp:term":[{"taxonomy":"category","embeddable":true,"href":"https:\/\/www.vsacomunicacion.com\/en\/wp-json\/wp\/v2\/categories?post=12038"},{"taxonomy":"post_tag","embeddable":true,"href":"https:\/\/www.vsacomunicacion.com\/en\/wp-json\/wp\/v2\/tags?post=12038"}],"curies":[{"name":"wp","href":"https:\/\/api.w.org\/{rel}","templated":true}]}}