{"id":12039,"date":"2017-07-06T00:01:53","date_gmt":"2017-07-06T00:01:53","guid":{"rendered":"https:\/\/www.vsacomunicacion.com\/pym-de-ron-barcelo-en-valencia\/"},"modified":"2017-07-06T00:01:53","modified_gmt":"2017-07-06T00:01:53","slug":"pym-de-ron-barcelo-en-valencia","status":"publish","type":"post","link":"https:\/\/www.vsacomunicacion.com\/en\/pym-de-ron-barcelo-en-valencia\/","title":{"rendered":"PYM de RON BARCELO en Valencia"},"content":{"rendered":"<p style=\"text-align: justify;\">Fant\u00e1stica campa\u00f1a de publicidad exterior a nivel nacional del Circuito <strong>PYM&#8217;s<\/strong> de <strong>VSA COMUNICACION<\/strong> junto a <strong>RON BARCELO<\/strong> presentando\u00a0el fant\u00e1stico corto en clave de\u00a0comedia, aunque con un punto rom\u00e1ntico, de Ernesto Sevilla para <strong>DESALIA<\/strong>.<\/p>\n<p style=\"text-align: justify;\">Tras nueve ediciones celebr\u00e1ndose en aguas del Caribe, <strong>DESALIA<\/strong>, el gran Festival de la M\u00fasica Electr\u00f3nica se ha trasladado a nuestro pa\u00eds para celebrar su d\u00e9cimo aniversario.<\/p>\n<p style=\"text-align: justify;\">Mientras, durante los cinco d\u00edas\u00a0de duraci\u00f3n\u00a0del Festival, los\u00a0millenials e influencers\u00a0han disfrutado en aguas mediterr\u00e1neas de los mejores espect\u00e1culos a bordo de este fant\u00e1stico crucero,\u00a0el famoso humorista manchego\u00a0ha\u00a0rodado su corto basado en las experiencias vividas estos d\u00edas.<\/p>\n<p style=\"text-align: justify;\"><a href=\"https:\/\/www.vsacomunicacion.com\/wp-content\/uploads\/2017\/10\/pym-valencia-san-vicente-315-ron-barcelo-desalia-valencia-vsa-comunicacion.jpg\" rel=\"attachment wp-att-3560\"><img fetchpriority=\"high\" decoding=\"async\" class=\"aligncenter size-full wp-image-3560\" src=\"https:\/\/www.vsacomunicacion.com\/wp-content\/uploads\/2017\/10\/pym-valencia-san-vicente-315-ron-barcelo-desalia-valencia-vsa-comunicacion.jpg\" alt=\"pym-valencia-san-vicente-315-ron-barcelo-desalia-valencia-vsa-comunicacion\" width=\"884\" height=\"626\" srcset=\"https:\/\/www.vsacomunicacion.com\/wp-content\/uploads\/2017\/10\/pym-valencia-san-vicente-315-ron-barcelo-desalia-valencia-vsa-comunicacion.jpg 884w, https:\/\/www.vsacomunicacion.com\/wp-content\/uploads\/2017\/10\/pym-valencia-san-vicente-315-ron-barcelo-desalia-valencia-vsa-comunicacion-300x212.jpg 300w, https:\/\/www.vsacomunicacion.com\/wp-content\/uploads\/2017\/10\/pym-valencia-san-vicente-315-ron-barcelo-desalia-valencia-vsa-comunicacion-768x544.jpg 768w\" sizes=\"(max-width: 884px) 100vw, 884px\" \/><\/a><\/p>\n<p style=\"text-align: justify;\">Este emplazamiento se encuentra ubicado en la calle de San Vicente M\u00e1rtir en <strong>Valencia<\/strong>, junto a la Cruz Cubierta y la Ronda Sur, visible direcci\u00f3n Xativa, Almansa, Albacete, Alicante y\u00a0 poblaciones del Sur de Valencia en\u00a0el trayecto hacia\u00a0las zonas y \u00e1reas comerciales de Alfafar, Benetusser, Massanassa, Catarroja, etc.\u00a0Zona muy popular donde existe todo tipo de comercios y servicios,\u00a0bancos, bares, restaurantes y cafeter\u00edas. Y gran concentraci\u00f3n de gente joven por su situaci\u00f3n muy cercana a una conocida discoteca de la ciudad.<\/p>\n<p>Pod\u00e9is ver el corto aqu\u00ed:\u00a0<span class=\"m_-3439731582889902776gmail-s7\"><b><a href=\"https:\/\/www.viveahoradesalia.com\/home.php\" target=\"_blank\" data-saferedirecturl=\"https:\/\/www.google.com\/url?hl=es&amp;q=https:\/\/www.viveahoradesalia.com\/home.php&amp;source=gmail&amp;ust=1498498321265000&amp;usg=AFQjCNFKV97joBp607GERPzoyTL2lRwh9w\" rel=\"noopener\">https:\/\/www.<wbr \/>viveahoradesalia.com\/home.php<\/a><\/b><\/span><\/p>\n<p><em>#VIVEAHORA\u00a0<\/em>junto a DESALIA y RON BARCELO!!<\/p>\n<p>&nbsp;<\/p>\n","protected":false},"excerpt":{"rendered":"<p>Fant\u00e1stica campa\u00f1a de publicidad exterior a nivel nacional del Circuito PYM&#8217;s de VSA COMUNICACION junto a RON BARCELO presentando\u00a0el fant\u00e1stico corto en clave de\u00a0comedia, aunque con un punto rom\u00e1ntico, de Ernesto Sevilla para DESALIA. Tras nueve ediciones celebr\u00e1ndose en aguas [&hellip;]<\/p>\n","protected":false},"author":3,"featured_media":7467,"comment_status":"open","ping_status":"open","sticky":false,"template":"","format":"standard","meta":{"inline_featured_image":false,"footnotes":""},"categories":[1593,1640],"tags":[1664,1705,2197,2201,1694,1565,1585,1586,1676,1934,2198,1671,1645],"class_list":["post-12039","post","type-post","status-publish","format-standard","has-post-thumbnail","hentry","category-pyms-en","category-valencia-en","tag-campana-publicitaria-en","tag-centro-ciudad-en","tag-desalia-en","tag-ernesto-sevilla-en","tag-gran-notoriedad-en","tag-publicidad-ciudades-en","tag-publicidad-exterior-en","tag-publicidad-urbana-en","tag-pyms-2-en","tag-pyms-valencia-en","tag-ron-barcelo-en","tag-trafico-rodado-en","tag-valencia-en"],"_links":{"self":[{"href":"https:\/\/www.vsacomunicacion.com\/en\/wp-json\/wp\/v2\/posts\/12039"}],"collection":[{"href":"https:\/\/www.vsacomunicacion.com\/en\/wp-json\/wp\/v2\/posts"}],"about":[{"href":"https:\/\/www.vsacomunicacion.com\/en\/wp-json\/wp\/v2\/types\/post"}],"author":[{"embeddable":true,"href":"https:\/\/www.vsacomunicacion.com\/en\/wp-json\/wp\/v2\/users\/3"}],"replies":[{"embeddable":true,"href":"https:\/\/www.vsacomunicacion.com\/en\/wp-json\/wp\/v2\/comments?post=12039"}],"version-history":[{"count":0,"href":"https:\/\/www.vsacomunicacion.com\/en\/wp-json\/wp\/v2\/posts\/12039\/revisions"}],"wp:featuredmedia":[{"embeddable":true,"href":"https:\/\/www.vsacomunicacion.com\/en\/wp-json\/wp\/v2\/media\/7467"}],"wp:attachment":[{"href":"https:\/\/www.vsacomunicacion.com\/en\/wp-json\/wp\/v2\/media?parent=12039"}],"wp:term":[{"taxonomy":"category","embeddable":true,"href":"https:\/\/www.vsacomunicacion.com\/en\/wp-json\/wp\/v2\/categories?post=12039"},{"taxonomy":"post_tag","embeddable":true,"href":"https:\/\/www.vsacomunicacion.com\/en\/wp-json\/wp\/v2\/tags?post=12039"}],"curies":[{"name":"wp","href":"https:\/\/api.w.org\/{rel}","templated":true}]}}